{"id":4575,"date":"2025-03-18T11:29:30","date_gmt":"2025-03-18T17:29:30","guid":{"rendered":"https:\/\/www.ssaver.gob.mx\/difusion\/?p=4575"},"modified":"2025-09-11T13:49:45","modified_gmt":"2025-09-11T18:49:45","slug":"del-26-de-abril-al-03-de-mayo-veracruz-se-suma-a-la-jornada-nacional-para-prevenir-sarampion-y-tosferina","status":"publish","type":"post","link":"https:\/\/www.ssaver.gob.mx\/difusion\/2025\/03\/18\/del-26-de-abril-al-03-de-mayo-veracruz-se-suma-a-la-jornada-nacional-para-prevenir-sarampion-y-tosferina\/","title":{"rendered":"Del 26 de abril al 03 de mayo, Veracruz se suma a la jornada nacional para prevenir sarampi\u00f3n y tosferina"},"content":{"rendered":"\n<p class=\"blockart-paragraph blockart-paragraph-7c1e64a1\"><strong><strong><strong>Del 26 de abril al 03 de mayo, Veracruz se suma a la jornada nacional para prevenir sarampi\u00f3n y tosferina<\/strong><\/strong> <\/strong><\/p>\n\n\n\n<p class=\"blockart-paragraph blockart-paragraph-d88cd4c5\"><br>&#8211; Aplicar\u00e1n 14 biol\u00f3gicos en todo el pa\u00eds; hay cobertura total en centros m\u00e9dicos<br><br>&#8211; Prioridad, poblaci\u00f3n infantil y mujeres embarazadas.<br><br><br><\/p>\n\n\n\n<p class=\"has-medium-font-size\"><\/p>\n\n\n\n<p class=\"has-medium-font-size\">Xalapa, Ver., martes 18 de marzo de 2025.- <strong>Ante el ligero aumento de casos de sarampi\u00f3n y tosferina en el pa\u00eds, la Secretar\u00eda de Salud de Veracruz se suma al fortalecimiento del programa de vacunaci\u00f3n para contener la propagaci\u00f3n de ambas enfermedades, que afectan principalmente a ni\u00f1os y personas no inmunizadas.\u00a0<\/strong><\/p>\n\n\n\n<p class=\"has-medium-font-size\">Durante la conferencia La ma\u00f1anera del pueblo, <strong>el secretario de Salud federal, David Kershenobich, present\u00f3 el panorama epidemiol\u00f3gico y destac\u00f3 que el sarampi\u00f3n es altamente contagioso, pero prevenible con la vacuna triple viral (sarampi\u00f3n, rub\u00e9ola y paperas), la cual se aplica a los 12 y 18 meses de edad.\u00a0\u00a0<\/strong><\/p>\n\n\n\n<p class=\"has-medium-font-size\">Mientras que la tosferina, enfermedad respiratoria causada por la bacteria Bordetella pertussis, registra menos de 300 casos en el pa\u00eds y para su prevenci\u00f3n, se recomienda la vacuna hexavalente en beb\u00e9s desde los 2 meses de edad, una dosis de refuerzo entre los 4 y 7 a\u00f1os y mujeres embarazadas a partir de la semana 20 de gestaci\u00f3n.&nbsp;<\/p>\n\n\n\n<p class=\"has-medium-font-size\">El Secretario anunci\u00f3 que <strong>la pr\u00f3xima Semana Nacional de Vacunaci\u00f3n se llevar\u00e1 a cabo del 26 de abril al 03 de mayo, con la aplicaci\u00f3n de 14 biol\u00f3gicos en todo el pa\u00eds<\/strong>; adem\u00e1s, asegur\u00f3 que hay suficientes vacunas disponibles en centros de salud y hospitales para atender a la poblaci\u00f3n en riesgo.\u00a0<\/p>\n\n\n\n<p class=\"has-medium-font-size\">El <strong>Gobierno de Veracruz <\/strong>se une al llamado a la ciudadan\u00eda a completar sus esquemas de vacunaci\u00f3n y acudir a los centros de salud en caso de s\u00edntomas como fiebre, ronchas en la piel, tos intensa o dificultad para respirar.<\/p>\n\n\n\n<p><\/p>\n\n\n\n<p class=\"has-text-color has-link-color has-medium-font-size wp-elements-cb8e8c1a3ed727172f9f4e9c98a191f4\" style=\"color:#660c0c\"><strong>Tambi\u00e9n te puede interesar.- <\/strong><\/p>\n\n\n\n<p><\/p>\n\n\n\n<p class=\"has-text-color has-link-color has-medium-font-size wp-elements-a1c28c4b06f3006c9371ccc68ddbd0d0\" style=\"color:#660c0c\"><a href=\"https:\/\/www.ssaver.gob.mx\/difusion\/2025\/03\/11\/vacuna-contra-tosferina-disponible-en-hospitales-centros-de-salud\/\" data-type=\"link\" data-id=\"https:\/\/www.ssaver.gob.mx\/difusion\/2025\/03\/11\/vacuna-contra-tosferina-disponible-en-hospitales-centros-de-salud\/\"><strong>Vacuna contra la tosferina disponible en hospitales, centros de salud y unidades m\u00e9dicas\u00a0<\/strong><\/a><\/p>\n\n\n\n<p class=\"has-text-color has-link-color has-medium-font-size wp-elements-8b88eef6b4061e836281b597c64fed75\" style=\"color:#660c0c\"><\/p>\n\n\n\n<p class=\"has-text-color has-link-color has-medium-font-size wp-elements-fe3592fd993e76745fd3e4f55d27f5db\" style=\"color:#660c0c\"><strong> <\/strong><\/p>\n\n\n\n<p class=\"has-medium-font-size\"><\/p>\n\n\n\n<p><\/p>\n\n\n\n<hr class=\"wp-block-separator has-alpha-channel-opacity\" \/>\n","protected":false},"excerpt":{"rendered":"<p>Xalapa, Ver., martes 18 de marzo de 2025.- Ante el ligero aumento de casos de sarampi\u00f3n y tosferina en el<\/p>\n","protected":false},"author":59,"featured_media":4577,"comment_status":"closed","ping_status":"closed","sticky":false,"template":"","format":"standard","meta":{"colormag_page_container_layout":"default_layout","colormag_page_sidebar_layout":"default_layout","footnotes":""},"categories":[119,115],"tags":[750,361,360,751,303,366,287,359,362,363,364,365,189,184,282,283,284,285,286,191,137],"class_list":["post-4575","post","type-post","status-publish","format-standard","has-post-thumbnail","hentry","category-comunicados","category-general","tag-apoyo-del-director-general","tag-casos-de-sarampion-en-mexico","tag-como-se-contagia-el-sarampion","tag-juan-pablo-uribe-gonzalez","tag-por-que-ha-vuelto-la-tosferina","tag-por-que-sale-sarampion","tag-porque-se-produce-la-tosferina","tag-que-es-sarampion","tag-sarampion-cual-es-el-virus","tag-sarampion-cual-es-la-vacuna","tag-sarampion-cuando-se-vacuna","tag-sarampion-quien-lo-descubrio","tag-secretaria-de-salud-de-veracruz","tag-sesver","tag-tosferina-cual-es-la-vacuna","tag-tosferina-cuando-se-contagia","tag-tosferina-cuando-se-vacuna","tag-tosferina-quien-la-causa","tag-tosferina-quien-la-produce","tag-valentin-herrera-alarcon","tag-xalapa"],"_links":{"self":[{"href":"https:\/\/www.ssaver.gob.mx\/difusion\/wp-json\/wp\/v2\/posts\/4575","targetHints":{"allow":["GET"]}}],"collection":[{"href":"https:\/\/www.ssaver.gob.mx\/difusion\/wp-json\/wp\/v2\/posts"}],"about":[{"href":"https:\/\/www.ssaver.gob.mx\/difusion\/wp-json\/wp\/v2\/types\/post"}],"author":[{"embeddable":true,"href":"https:\/\/www.ssaver.gob.mx\/difusion\/wp-json\/wp\/v2\/users\/59"}],"replies":[{"embeddable":true,"href":"https:\/\/www.ssaver.gob.mx\/difusion\/wp-json\/wp\/v2\/comments?post=4575"}],"version-history":[{"count":3,"href":"https:\/\/www.ssaver.gob.mx\/difusion\/wp-json\/wp\/v2\/posts\/4575\/revisions"}],"predecessor-version":[{"id":4588,"href":"https:\/\/www.ssaver.gob.mx\/difusion\/wp-json\/wp\/v2\/posts\/4575\/revisions\/4588"}],"wp:featuredmedia":[{"embeddable":true,"href":"https:\/\/www.ssaver.gob.mx\/difusion\/wp-json\/wp\/v2\/media\/4577"}],"wp:attachment":[{"href":"https:\/\/www.ssaver.gob.mx\/difusion\/wp-json\/wp\/v2\/media?parent=4575"}],"wp:term":[{"taxonomy":"category","embeddable":true,"href":"https:\/\/www.ssaver.gob.mx\/difusion\/wp-json\/wp\/v2\/categories?post=4575"},{"taxonomy":"post_tag","embeddable":true,"href":"https:\/\/www.ssaver.gob.mx\/difusion\/wp-json\/wp\/v2\/tags?post=4575"}],"curies":[{"name":"wp","href":"https:\/\/api.w.org\/{rel}","templated":true}]}}