{"id":4590,"date":"2025-03-18T18:05:10","date_gmt":"2025-03-19T00:05:10","guid":{"rendered":"https:\/\/www.ssaver.gob.mx\/difusion\/?p=4590"},"modified":"2025-09-11T13:49:24","modified_gmt":"2025-09-11T18:49:24","slug":"verifica-secretaria-de-salud-atencion-a-usuarios-y-disponibilidad-de-medicinas-en-hospitales","status":"publish","type":"post","link":"https:\/\/www.ssaver.gob.mx\/difusion\/2025\/03\/18\/verifica-secretaria-de-salud-atencion-a-usuarios-y-disponibilidad-de-medicinas-en-hospitales\/","title":{"rendered":"Verifica Secretar\u00eda de Salud atenci\u00f3n a usuarios y disponibilidad de medicinas en hospitales"},"content":{"rendered":"\n<p class=\"blockart-paragraph blockart-paragraph-703c1ccc\"><strong><strong><strong><strong>Verifica Secretar\u00eda de Salud atenci\u00f3n a usuarios y disponibilidad de medicinas en hospitales<\/strong><\/strong><\/strong><\/strong><\/p>\n\n\n\n<p class=\"blockart-paragraph blockart-paragraph-016ff743\"><br>&#8211; Refrenda coordinaci\u00f3n con los 212 municipios<br><br><br><br><\/p>\n\n\n\n<p class=\"has-medium-font-size\">R\u00edo Blanco, Ver., martes 18 de marzo de 2025.- La<strong> Secretar\u00eda de Salud<\/strong> (SS) continuamente supervisa las condiciones en que se encuentran los hospitales en el estado a fin de garantizar una atenci\u00f3n de calidad a los usuarios as\u00ed como la disponibilidad de medicamentos.<\/p>\n\n\n\n<p class=\"has-medium-font-size\">Con este objetivo, en visita de trabajo por la zona centro de la entidad, el titular de la dependencia, <strong>Valent\u00edn Herrera Alarc\u00f3n<\/strong>, recorri\u00f3 los <strong>hospitales Regional de R\u00edo Blanco y el de Salud Mental Dr. V\u00edctor M. Concha V\u00e1squez, en Orizaba<\/strong>, ambos del IMSS-Bienestar.<\/p>\n\n\n\n<p>\u00abLa indicaci\u00f3n que nos ha dado la gobernadora Roc\u00edo Nahle es verificar que no falten medicamentos y en general revisar las instalaciones de hospitales para mantenerlos en buen estado y procurar una mejor atenci\u00f3n\u00bb.<\/p>\n\n\n\n<p class=\"has-medium-font-size\">Previamente, encabez\u00f3 la Primera Sesi\u00f3n Ordinaria del Consejo Directivo de la <strong>Red Veracruzana de Municipios por la Salud (RVMS)<\/strong>, donde refrend\u00f3 el compromiso de mantener un trabajo coordinado con las 212 demarcaciones para abonar a servicios de salud de calidad.<\/p>\n\n\n\n<p class=\"has-medium-font-size\">Constituida como un organismo independiente, en la red autoridades municipales y estatales comparten experiencias, planes, proyectos y acciones innovadoras, con la finalidad de focalizar las pol\u00edticas p\u00fablicas de salud en el \u00e1mbito municipal.<\/p>\n\n\n\n<p class=\"has-medium-font-size\">Derivado de la colaboraci\u00f3n entre ambos \u00f3rdenes de gobierno, Veracruz ha logrado buenos resultados en las campa\u00f1as impulsadas por el Gobierno del Estado como el combate al dengue, el cuidado de la <strong>salud<\/strong> en temporada invernal y la promoci\u00f3n de la vacunaci\u00f3n contra la tosferina, adem\u00e1s del respaldo a la estrategia nacional <strong>Vive Saludable, Vive Feliz<\/strong>, subray\u00f3 el Secretario.<\/p>\n\n\n\n<p class=\"has-medium-font-size\">En el marco de esta reuni\u00f3n, la directora de Salud P\u00fablica de la SS, Mar\u00eda Luisa S\u00e1nchez Murrieta, dio a conocer el Plan de Medios que desde la dependencia se impulsa para combatir el dengue, consistente en materiales gr\u00e1ficos digitales y f\u00edsicos que, con apoyo de las jurisdicciones sanitarias, deber\u00e1n replicar.<\/p>\n\n\n\n<p class=\"has-medium-font-size\"><\/p>\n\n\n\n<p><\/p>\n\n\n\n<p class=\"has-text-color has-link-color has-medium-font-size wp-elements-cb8e8c1a3ed727172f9f4e9c98a191f4\" style=\"color:#660c0c\"><strong>Tambi\u00e9n te puede interesar.- <\/strong><\/p>\n\n\n\n<p class=\"has-text-color has-link-color has-medium-font-size wp-elements-e077559fe35d4bfde6e590c012cddc12\" style=\"color:#660c0c\"><strong><a href=\"https:\/\/www.ssaver.gob.mx\/difusion\/2025\/01\/13\/secretaria-de-salud-refuerza-acciones-contra-la-depresion-en-veracruz\/\" data-type=\"link\" data-id=\"https:\/\/www.ssaver.gob.mx\/difusion\/2025\/01\/13\/secretaria-de-salud-refuerza-acciones-contra-la-depresion-en-veracruz\/\">Secretar\u00eda de Salud refuerza acciones contra la depresi\u00f3n en Veracruz<\/a><\/strong><\/p>\n\n\n\n<p class=\"has-text-color has-link-color has-medium-font-size wp-elements-21cd49c852847004f3e5425245e557c2\" style=\"color:#660c0c\"><strong><a href=\"https:\/\/www.ssaver.gob.mx\/difusion\/2025\/02\/27\/rocio-nahle-anuncia-mejoras-en-infraestructura-y-atencion-del-haev\/\" data-type=\"link\" data-id=\"https:\/\/www.ssaver.gob.mx\/difusion\/2025\/02\/27\/rocio-nahle-anuncia-mejoras-en-infraestructura-y-atencion-del-haev\/\">Roc\u00edo Nahle anuncia mejoras en infraestructura y atenci\u00f3n del HAEV<\/a><\/strong><\/p>\n\n\n\n<p class=\"has-text-color has-link-color has-medium-font-size wp-elements-8b88eef6b4061e836281b597c64fed75\" style=\"color:#660c0c\"><\/p>\n\n\n\n<p class=\"has-black-color has-text-color has-link-color has-medium-font-size wp-elements-9ea9de3557edab6b4469dff93e6affdc\"><\/p>\n\n\n\n<p class=\"has-medium-font-size\"><\/p>\n\n\n\n<div class=\"blockart-slider blockart-slider-acdb64ac\"><div class=\"splide\"><div class=\"splide__track\"><ul class=\"splide__list\">\n<li class=\"blockart-slide blockart-slide-5cf84846 splide__slide\">\n<figure class=\"wp-block-image size-large\"><img loading=\"lazy\" decoding=\"async\" width=\"1024\" height=\"701\" src=\"https:\/\/www.ssaver.gob.mx\/difusion\/wp-content\/uploads\/sites\/23\/2025\/03\/PHOTO-2025-03-18-17-34-31-2-1024x701.jpg\" alt=\"\" class=\"wp-image-4591\" srcset=\"https:\/\/www.ssaver.gob.mx\/difusion\/wp-content\/uploads\/sites\/23\/2025\/03\/PHOTO-2025-03-18-17-34-31-2-1024x701.jpg 1024w, https:\/\/www.ssaver.gob.mx\/difusion\/wp-content\/uploads\/sites\/23\/2025\/03\/PHOTO-2025-03-18-17-34-31-2-300x205.jpg 300w, https:\/\/www.ssaver.gob.mx\/difusion\/wp-content\/uploads\/sites\/23\/2025\/03\/PHOTO-2025-03-18-17-34-31-2-768x526.jpg 768w, https:\/\/www.ssaver.gob.mx\/difusion\/wp-content\/uploads\/sites\/23\/2025\/03\/PHOTO-2025-03-18-17-34-31-2-1536x1051.jpg 1536w, https:\/\/www.ssaver.gob.mx\/difusion\/wp-content\/uploads\/sites\/23\/2025\/03\/PHOTO-2025-03-18-17-34-31-2-130x90.jpg 130w, https:\/\/www.ssaver.gob.mx\/difusion\/wp-content\/uploads\/sites\/23\/2025\/03\/PHOTO-2025-03-18-17-34-31-2.jpg 1600w\" sizes=\"auto, (max-width: 1024px) 100vw, 1024px\" \/><\/figure>\n<\/li>\n\n\n\n<li class=\"blockart-slide blockart-slide-6b5a0466 splide__slide\">\n<figure class=\"wp-block-image size-large\"><img loading=\"lazy\" decoding=\"async\" width=\"1024\" height=\"682\" src=\"https:\/\/www.ssaver.gob.mx\/difusion\/wp-content\/uploads\/sites\/23\/2025\/03\/PHOTO-2025-03-18-17-34-31-3-1024x682.jpg\" alt=\"\" class=\"wp-image-4592\" srcset=\"https:\/\/www.ssaver.gob.mx\/difusion\/wp-content\/uploads\/sites\/23\/2025\/03\/PHOTO-2025-03-18-17-34-31-3-1024x682.jpg 1024w, https:\/\/www.ssaver.gob.mx\/difusion\/wp-content\/uploads\/sites\/23\/2025\/03\/PHOTO-2025-03-18-17-34-31-3-300x200.jpg 300w, https:\/\/www.ssaver.gob.mx\/difusion\/wp-content\/uploads\/sites\/23\/2025\/03\/PHOTO-2025-03-18-17-34-31-3-768x512.jpg 768w, https:\/\/www.ssaver.gob.mx\/difusion\/wp-content\/uploads\/sites\/23\/2025\/03\/PHOTO-2025-03-18-17-34-31-3-1536x1023.jpg 1536w, https:\/\/www.ssaver.gob.mx\/difusion\/wp-content\/uploads\/sites\/23\/2025\/03\/PHOTO-2025-03-18-17-34-31-3.jpg 1600w\" sizes=\"auto, (max-width: 1024px) 100vw, 1024px\" \/><\/figure>\n<\/li>\n\n\n\n<li class=\"blockart-slide blockart-slide-1b4f3de1 splide__slide\">\n<figure class=\"wp-block-image size-large\"><img loading=\"lazy\" decoding=\"async\" width=\"1024\" height=\"682\" src=\"https:\/\/www.ssaver.gob.mx\/difusion\/wp-content\/uploads\/sites\/23\/2025\/03\/PHOTO-2025-03-18-17-34-31-4-1024x682.jpg\" alt=\"\" class=\"wp-image-4593\" srcset=\"https:\/\/www.ssaver.gob.mx\/difusion\/wp-content\/uploads\/sites\/23\/2025\/03\/PHOTO-2025-03-18-17-34-31-4-1024x682.jpg 1024w, https:\/\/www.ssaver.gob.mx\/difusion\/wp-content\/uploads\/sites\/23\/2025\/03\/PHOTO-2025-03-18-17-34-31-4-300x200.jpg 300w, https:\/\/www.ssaver.gob.mx\/difusion\/wp-content\/uploads\/sites\/23\/2025\/03\/PHOTO-2025-03-18-17-34-31-4-768x512.jpg 768w, https:\/\/www.ssaver.gob.mx\/difusion\/wp-content\/uploads\/sites\/23\/2025\/03\/PHOTO-2025-03-18-17-34-31-4-1536x1023.jpg 1536w, https:\/\/www.ssaver.gob.mx\/difusion\/wp-content\/uploads\/sites\/23\/2025\/03\/PHOTO-2025-03-18-17-34-31-4.jpg 1600w\" sizes=\"auto, (max-width: 1024px) 100vw, 1024px\" \/><\/figure>\n<\/li>\n\n\n\n<li class=\"blockart-slide blockart-slide-aa0e0b60 splide__slide\">\n<figure class=\"wp-block-image size-large\"><img loading=\"lazy\" decoding=\"async\" width=\"1024\" height=\"682\" src=\"https:\/\/www.ssaver.gob.mx\/difusion\/wp-content\/uploads\/sites\/23\/2025\/03\/PHOTO-2025-03-18-17-34-31-5-1024x682.jpg\" alt=\"\" class=\"wp-image-4594\" srcset=\"https:\/\/www.ssaver.gob.mx\/difusion\/wp-content\/uploads\/sites\/23\/2025\/03\/PHOTO-2025-03-18-17-34-31-5-1024x682.jpg 1024w, https:\/\/www.ssaver.gob.mx\/difusion\/wp-content\/uploads\/sites\/23\/2025\/03\/PHOTO-2025-03-18-17-34-31-5-300x200.jpg 300w, https:\/\/www.ssaver.gob.mx\/difusion\/wp-content\/uploads\/sites\/23\/2025\/03\/PHOTO-2025-03-18-17-34-31-5-768x512.jpg 768w, https:\/\/www.ssaver.gob.mx\/difusion\/wp-content\/uploads\/sites\/23\/2025\/03\/PHOTO-2025-03-18-17-34-31-5-1536x1023.jpg 1536w, https:\/\/www.ssaver.gob.mx\/difusion\/wp-content\/uploads\/sites\/23\/2025\/03\/PHOTO-2025-03-18-17-34-31-5.jpg 1600w\" sizes=\"auto, (max-width: 1024px) 100vw, 1024px\" \/><\/figure>\n<\/li>\n\n\n\n<li class=\"blockart-slide blockart-slide-88037d02 splide__slide\">\n<figure class=\"wp-block-image size-large\"><img loading=\"lazy\" decoding=\"async\" width=\"1024\" height=\"682\" src=\"https:\/\/www.ssaver.gob.mx\/difusion\/wp-content\/uploads\/sites\/23\/2025\/03\/PHOTO-2025-03-18-17-34-31-6-1024x682.jpg\" alt=\"\" class=\"wp-image-4595\" srcset=\"https:\/\/www.ssaver.gob.mx\/difusion\/wp-content\/uploads\/sites\/23\/2025\/03\/PHOTO-2025-03-18-17-34-31-6-1024x682.jpg 1024w, https:\/\/www.ssaver.gob.mx\/difusion\/wp-content\/uploads\/sites\/23\/2025\/03\/PHOTO-2025-03-18-17-34-31-6-300x200.jpg 300w, https:\/\/www.ssaver.gob.mx\/difusion\/wp-content\/uploads\/sites\/23\/2025\/03\/PHOTO-2025-03-18-17-34-31-6-768x512.jpg 768w, https:\/\/www.ssaver.gob.mx\/difusion\/wp-content\/uploads\/sites\/23\/2025\/03\/PHOTO-2025-03-18-17-34-31-6-1536x1023.jpg 1536w, https:\/\/www.ssaver.gob.mx\/difusion\/wp-content\/uploads\/sites\/23\/2025\/03\/PHOTO-2025-03-18-17-34-31-6.jpg 1600w\" sizes=\"auto, (max-width: 1024px) 100vw, 1024px\" \/><\/figure>\n<\/li>\n\n\n\n<li class=\"blockart-slide blockart-slide-bf137073 splide__slide\">\n<figure class=\"wp-block-image size-large\"><img loading=\"lazy\" decoding=\"async\" width=\"1024\" height=\"682\" src=\"https:\/\/www.ssaver.gob.mx\/difusion\/wp-content\/uploads\/sites\/23\/2025\/03\/PHOTO-2025-03-18-17-34-31-7-1024x682.jpg\" alt=\"\" class=\"wp-image-4596\" srcset=\"https:\/\/www.ssaver.gob.mx\/difusion\/wp-content\/uploads\/sites\/23\/2025\/03\/PHOTO-2025-03-18-17-34-31-7-1024x682.jpg 1024w, https:\/\/www.ssaver.gob.mx\/difusion\/wp-content\/uploads\/sites\/23\/2025\/03\/PHOTO-2025-03-18-17-34-31-7-300x200.jpg 300w, https:\/\/www.ssaver.gob.mx\/difusion\/wp-content\/uploads\/sites\/23\/2025\/03\/PHOTO-2025-03-18-17-34-31-7-768x512.jpg 768w, https:\/\/www.ssaver.gob.mx\/difusion\/wp-content\/uploads\/sites\/23\/2025\/03\/PHOTO-2025-03-18-17-34-31-7-1536x1023.jpg 1536w, https:\/\/www.ssaver.gob.mx\/difusion\/wp-content\/uploads\/sites\/23\/2025\/03\/PHOTO-2025-03-18-17-34-31-7.jpg 1600w\" sizes=\"auto, (max-width: 1024px) 100vw, 1024px\" \/><\/figure>\n<\/li>\n\n\n\n<li class=\"blockart-slide blockart-slide-c99df931 splide__slide\">\n<figure class=\"wp-block-image size-large\"><img loading=\"lazy\" decoding=\"async\" width=\"1024\" height=\"682\" src=\"https:\/\/www.ssaver.gob.mx\/difusion\/wp-content\/uploads\/sites\/23\/2025\/03\/PHOTO-2025-03-18-17-34-31-8-1024x682.jpg\" alt=\"\" class=\"wp-image-4597\" srcset=\"https:\/\/www.ssaver.gob.mx\/difusion\/wp-content\/uploads\/sites\/23\/2025\/03\/PHOTO-2025-03-18-17-34-31-8-1024x682.jpg 1024w, https:\/\/www.ssaver.gob.mx\/difusion\/wp-content\/uploads\/sites\/23\/2025\/03\/PHOTO-2025-03-18-17-34-31-8-300x200.jpg 300w, https:\/\/www.ssaver.gob.mx\/difusion\/wp-content\/uploads\/sites\/23\/2025\/03\/PHOTO-2025-03-18-17-34-31-8-768x512.jpg 768w, https:\/\/www.ssaver.gob.mx\/difusion\/wp-content\/uploads\/sites\/23\/2025\/03\/PHOTO-2025-03-18-17-34-31-8-1536x1023.jpg 1536w, https:\/\/www.ssaver.gob.mx\/difusion\/wp-content\/uploads\/sites\/23\/2025\/03\/PHOTO-2025-03-18-17-34-31-8.jpg 1600w\" sizes=\"auto, (max-width: 1024px) 100vw, 1024px\" \/><\/figure>\n<\/li>\n\n\n\n<li class=\"blockart-slide blockart-slide-e165f541 splide__slide\">\n<figure class=\"wp-block-image size-large\"><img loading=\"lazy\" decoding=\"async\" width=\"1024\" height=\"667\" src=\"https:\/\/www.ssaver.gob.mx\/difusion\/wp-content\/uploads\/sites\/23\/2025\/03\/PHOTO-2025-03-18-17-34-31-1024x667.jpg\" alt=\"\" class=\"wp-image-4598\" srcset=\"https:\/\/www.ssaver.gob.mx\/difusion\/wp-content\/uploads\/sites\/23\/2025\/03\/PHOTO-2025-03-18-17-34-31-1024x667.jpg 1024w, https:\/\/www.ssaver.gob.mx\/difusion\/wp-content\/uploads\/sites\/23\/2025\/03\/PHOTO-2025-03-18-17-34-31-300x195.jpg 300w, https:\/\/www.ssaver.gob.mx\/difusion\/wp-content\/uploads\/sites\/23\/2025\/03\/PHOTO-2025-03-18-17-34-31-768x500.jpg 768w, https:\/\/www.ssaver.gob.mx\/difusion\/wp-content\/uploads\/sites\/23\/2025\/03\/PHOTO-2025-03-18-17-34-31.jpg 1280w\" sizes=\"auto, (max-width: 1024px) 100vw, 1024px\" \/><\/figure>\n<\/li>\n<\/ul><\/div><div class=\"splide__arrows\"><div role=\"button\" class=\"splide__arrow splide__arrow--prev\"><\/div><div role=\"button\" class=\"splide__arrow splide__arrow--next\"><\/div><\/div><\/div><\/div>\n\n\n\n<p class=\"has-medium-font-size\"><\/p>\n\n\n\n<p><\/p>\n\n\n\n<p><\/p>\n\n\n\n<p class=\"has-medium-font-size\"><\/p>\n\n\n\n<hr class=\"wp-block-separator has-alpha-channel-opacity\" \/>\n","protected":false},"excerpt":{"rendered":"<p>R\u00edo Blanco, Ver., martes 18 de marzo de 2025.- La Secretar\u00eda de Salud (SS) continuamente supervisa las condiciones en que<\/p>\n","protected":false},"author":59,"featured_media":4598,"comment_status":"closed","ping_status":"closed","sticky":false,"template":"","format":"standard","meta":{"colormag_page_container_layout":"default_layout","colormag_page_sidebar_layout":"default_layout","footnotes":""},"categories":[119,115],"tags":[369,750,372,751,371,370,373,374,169,226,189,184,191,142],"class_list":["post-4590","post","type-post","status-publish","format-standard","has-post-thumbnail","hentry","category-comunicados","category-general","tag-acceso-y-disponibilidad-de-medicamentos","tag-apoyo-del-director-general","tag-deficiente-acceso-y-disponibilidad-de-medicamentos","tag-juan-pablo-uribe-gonzalez","tag-que-es-disponibilidad-de-medicamentos","tag-que-son-medicamentos","tag-red-veracruzana-por-la-salud","tag-reunion-de-la-red-veracruzana-por-la-salud","tag-salud-veracruz","tag-secretaria-de-salud","tag-secretaria-de-salud-de-veracruz","tag-sesver","tag-valentin-herrera-alarcon","tag-veracruz"],"_links":{"self":[{"href":"https:\/\/www.ssaver.gob.mx\/difusion\/wp-json\/wp\/v2\/posts\/4590","targetHints":{"allow":["GET"]}}],"collection":[{"href":"https:\/\/www.ssaver.gob.mx\/difusion\/wp-json\/wp\/v2\/posts"}],"about":[{"href":"https:\/\/www.ssaver.gob.mx\/difusion\/wp-json\/wp\/v2\/types\/post"}],"author":[{"embeddable":true,"href":"https:\/\/www.ssaver.gob.mx\/difusion\/wp-json\/wp\/v2\/users\/59"}],"replies":[{"embeddable":true,"href":"https:\/\/www.ssaver.gob.mx\/difusion\/wp-json\/wp\/v2\/comments?post=4590"}],"version-history":[{"count":3,"href":"https:\/\/www.ssaver.gob.mx\/difusion\/wp-json\/wp\/v2\/posts\/4590\/revisions"}],"predecessor-version":[{"id":4635,"href":"https:\/\/www.ssaver.gob.mx\/difusion\/wp-json\/wp\/v2\/posts\/4590\/revisions\/4635"}],"wp:featuredmedia":[{"embeddable":true,"href":"https:\/\/www.ssaver.gob.mx\/difusion\/wp-json\/wp\/v2\/media\/4598"}],"wp:attachment":[{"href":"https:\/\/www.ssaver.gob.mx\/difusion\/wp-json\/wp\/v2\/media?parent=4590"}],"wp:term":[{"taxonomy":"category","embeddable":true,"href":"https:\/\/www.ssaver.gob.mx\/difusion\/wp-json\/wp\/v2\/categories?post=4590"},{"taxonomy":"post_tag","embeddable":true,"href":"https:\/\/www.ssaver.gob.mx\/difusion\/wp-json\/wp\/v2\/tags?post=4590"}],"curies":[{"name":"wp","href":"https:\/\/api.w.org\/{rel}","templated":true}]}}