{"id":4600,"date":"2025-03-18T18:04:00","date_gmt":"2025-03-19T00:04:00","guid":{"rendered":"https:\/\/www.ssaver.gob.mx\/difusion\/?p=4600"},"modified":"2025-09-11T13:49:35","modified_gmt":"2025-09-11T18:49:35","slug":"fotogaleria-verifica-secretaria-de-salud-atencion-a-usuarios-y-disponibilidad-de-medicinas-en-hospitales","status":"publish","type":"post","link":"https:\/\/www.ssaver.gob.mx\/difusion\/2025\/03\/18\/fotogaleria-verifica-secretaria-de-salud-atencion-a-usuarios-y-disponibilidad-de-medicinas-en-hospitales\/","title":{"rendered":"Fotogaler\u00eda: Verifica Secretar\u00eda de Salud atenci\u00f3n a usuarios y disponibilidad de medicinas en hospitales"},"content":{"rendered":"\n<div class=\"blockart-slider blockart-slider-54f35823\"><div class=\"splide\"><div class=\"splide__track\"><ul class=\"splide__list\">\n<li class=\"blockart-slide blockart-slide-a4490628 splide__slide\">\n<figure class=\"wp-block-image size-large\"><img loading=\"lazy\" decoding=\"async\" width=\"1024\" height=\"701\" src=\"https:\/\/www.ssaver.gob.mx\/difusion\/wp-content\/uploads\/sites\/23\/2025\/03\/PHOTO-2025-03-18-17-34-31-2-1-1024x701.jpg\" alt=\"acceso y disponibilidad de medicamentos, deficiente acceso y disponibilidad de medicamentos, red veracruzana por la salud, reuni\u00f3n de la red veracruzana por la salud, qu\u00e9 son medicamentos, qu\u00e9 es disponibilidad de medicamentos, SESVER, Secretar\u00eda de Salud de Veracruz, Valent\u00edn Herrera Alarc\u00f3n, Veracruz\" class=\"wp-image-4601\" srcset=\"https:\/\/www.ssaver.gob.mx\/difusion\/wp-content\/uploads\/sites\/23\/2025\/03\/PHOTO-2025-03-18-17-34-31-2-1-1024x701.jpg 1024w, https:\/\/www.ssaver.gob.mx\/difusion\/wp-content\/uploads\/sites\/23\/2025\/03\/PHOTO-2025-03-18-17-34-31-2-1-300x205.jpg 300w, https:\/\/www.ssaver.gob.mx\/difusion\/wp-content\/uploads\/sites\/23\/2025\/03\/PHOTO-2025-03-18-17-34-31-2-1-768x526.jpg 768w, https:\/\/www.ssaver.gob.mx\/difusion\/wp-content\/uploads\/sites\/23\/2025\/03\/PHOTO-2025-03-18-17-34-31-2-1-1536x1051.jpg 1536w, https:\/\/www.ssaver.gob.mx\/difusion\/wp-content\/uploads\/sites\/23\/2025\/03\/PHOTO-2025-03-18-17-34-31-2-1-130x90.jpg 130w, https:\/\/www.ssaver.gob.mx\/difusion\/wp-content\/uploads\/sites\/23\/2025\/03\/PHOTO-2025-03-18-17-34-31-2-1.jpg 1600w\" sizes=\"auto, (max-width: 1024px) 100vw, 1024px\" \/><figcaption class=\"wp-element-caption\">La Secretar\u00eda de Salud (SS) continuamente supervisa las condiciones en que se encuentran los hospitales en el estado a fin de garantizar una atenci\u00f3n de calidad a los usuarios as\u00ed como la disponibilidad de medicamentos. Foto: Jorge Serratos\/ Secretar\u00eda de Salud.<\/figcaption><\/figure>\n<\/li>\n\n\n\n<li class=\"blockart-slide blockart-slide-5d487e12 splide__slide\">\n<figure class=\"wp-block-image size-large\"><img loading=\"lazy\" decoding=\"async\" width=\"1024\" height=\"682\" src=\"https:\/\/www.ssaver.gob.mx\/difusion\/wp-content\/uploads\/sites\/23\/2025\/03\/PHOTO-2025-03-18-17-34-31-3-1-1024x682.jpg\" alt=\"acceso y disponibilidad de medicamentos, deficiente acceso y disponibilidad de medicamentos, red veracruzana por la salud, reuni\u00f3n de la red veracruzana por la salud, qu\u00e9 son medicamentos, qu\u00e9 es disponibilidad de medicamentos, SESVER, Secretar\u00eda de Salud de Veracruz, Valent\u00edn Herrera Alarc\u00f3n, Veracruz\" class=\"wp-image-4604\" srcset=\"https:\/\/www.ssaver.gob.mx\/difusion\/wp-content\/uploads\/sites\/23\/2025\/03\/PHOTO-2025-03-18-17-34-31-3-1-1024x682.jpg 1024w, https:\/\/www.ssaver.gob.mx\/difusion\/wp-content\/uploads\/sites\/23\/2025\/03\/PHOTO-2025-03-18-17-34-31-3-1-300x200.jpg 300w, https:\/\/www.ssaver.gob.mx\/difusion\/wp-content\/uploads\/sites\/23\/2025\/03\/PHOTO-2025-03-18-17-34-31-3-1-768x512.jpg 768w, https:\/\/www.ssaver.gob.mx\/difusion\/wp-content\/uploads\/sites\/23\/2025\/03\/PHOTO-2025-03-18-17-34-31-3-1-1536x1023.jpg 1536w, https:\/\/www.ssaver.gob.mx\/difusion\/wp-content\/uploads\/sites\/23\/2025\/03\/PHOTO-2025-03-18-17-34-31-3-1.jpg 1600w\" sizes=\"auto, (max-width: 1024px) 100vw, 1024px\" \/><figcaption class=\"wp-element-caption\">Con este objetivo, en visita de trabajo por la zona centro de la entidad, el titular de la dependencia,&nbsp;<strong>Valent\u00edn Herrera Alarc\u00f3n<\/strong>, recorri\u00f3 los&nbsp;<strong>hospitales Regional de R\u00edo Blanco y el de Salud Mental Dr. V\u00edctor M. Concha V\u00e1squez, en Orizaba<\/strong>, ambos del IMSS-Bienestar.. Foto: Jorge Serratos \/Secretar\u00eda de Salud.<\/figcaption><\/figure>\n<\/li>\n\n\n\n<li class=\"blockart-slide blockart-slide-c5b562e3 splide__slide\">\n<figure class=\"wp-block-image size-large\"><img loading=\"lazy\" decoding=\"async\" width=\"1024\" height=\"682\" src=\"https:\/\/www.ssaver.gob.mx\/difusion\/wp-content\/uploads\/sites\/23\/2025\/03\/PHOTO-2025-03-18-17-34-31-4-1-1024x682.jpg\" alt=\"acceso y disponibilidad de medicamentos, deficiente acceso y disponibilidad de medicamentos, red veracruzana por la salud, reuni\u00f3n de la red veracruzana por la salud, qu\u00e9 son medicamentos, qu\u00e9 es disponibilidad de medicamentos, SESVER, Secretar\u00eda de Salud de Veracruz, Valent\u00edn Herrera Alarc\u00f3n, Veracruz\" class=\"wp-image-4605\" srcset=\"https:\/\/www.ssaver.gob.mx\/difusion\/wp-content\/uploads\/sites\/23\/2025\/03\/PHOTO-2025-03-18-17-34-31-4-1-1024x682.jpg 1024w, https:\/\/www.ssaver.gob.mx\/difusion\/wp-content\/uploads\/sites\/23\/2025\/03\/PHOTO-2025-03-18-17-34-31-4-1-300x200.jpg 300w, https:\/\/www.ssaver.gob.mx\/difusion\/wp-content\/uploads\/sites\/23\/2025\/03\/PHOTO-2025-03-18-17-34-31-4-1-768x512.jpg 768w, https:\/\/www.ssaver.gob.mx\/difusion\/wp-content\/uploads\/sites\/23\/2025\/03\/PHOTO-2025-03-18-17-34-31-4-1-1536x1023.jpg 1536w, https:\/\/www.ssaver.gob.mx\/difusion\/wp-content\/uploads\/sites\/23\/2025\/03\/PHOTO-2025-03-18-17-34-31-4-1.jpg 1600w\" sizes=\"auto, (max-width: 1024px) 100vw, 1024px\" \/><figcaption class=\"wp-element-caption\">\u00abLa indicaci\u00f3n que nos ha dado la gobernadora Roc\u00edo Nahle es verificar que no falten medicamentos y en general revisar las instalaciones de hospitales para mantenerlos en buen estado y procurar una mejor atenci\u00f3n\u00bb., extern\u00f3 el secretario de Salud, doctor Valent\u00edn Herrera Alarc\u00f3n. Foto: Marco Antonio \/Secretar\u00eda de Salud.<\/figcaption><\/figure>\n<\/li>\n\n\n\n<li class=\"blockart-slide blockart-slide-9954f325 splide__slide\">\n<figure class=\"wp-block-image size-large\"><img loading=\"lazy\" decoding=\"async\" width=\"1024\" height=\"682\" src=\"https:\/\/www.ssaver.gob.mx\/difusion\/wp-content\/uploads\/sites\/23\/2025\/03\/PHOTO-2025-03-18-17-34-31-5-1-1024x682.jpg\" alt=\"acceso y disponibilidad de medicamentos, deficiente acceso y disponibilidad de medicamentos, red veracruzana por la salud, reuni\u00f3n de la red veracruzana por la salud, qu\u00e9 son medicamentos, qu\u00e9 es disponibilidad de medicamentos, SESVER, Secretar\u00eda de Salud de Veracruz, Valent\u00edn Herrera Alarc\u00f3n, Veracruz\" class=\"wp-image-4606\" srcset=\"https:\/\/www.ssaver.gob.mx\/difusion\/wp-content\/uploads\/sites\/23\/2025\/03\/PHOTO-2025-03-18-17-34-31-5-1-1024x682.jpg 1024w, https:\/\/www.ssaver.gob.mx\/difusion\/wp-content\/uploads\/sites\/23\/2025\/03\/PHOTO-2025-03-18-17-34-31-5-1-300x200.jpg 300w, https:\/\/www.ssaver.gob.mx\/difusion\/wp-content\/uploads\/sites\/23\/2025\/03\/PHOTO-2025-03-18-17-34-31-5-1-768x512.jpg 768w, https:\/\/www.ssaver.gob.mx\/difusion\/wp-content\/uploads\/sites\/23\/2025\/03\/PHOTO-2025-03-18-17-34-31-5-1-1536x1023.jpg 1536w, https:\/\/www.ssaver.gob.mx\/difusion\/wp-content\/uploads\/sites\/23\/2025\/03\/PHOTO-2025-03-18-17-34-31-5-1.jpg 1600w\" sizes=\"auto, (max-width: 1024px) 100vw, 1024px\" \/><figcaption class=\"wp-element-caption\">Derivado de la colaboraci\u00f3n entre ambos \u00f3rdenes de gobierno, Veracruz ha logrado buenos resultados en las campa\u00f1as impulsadas por el Gobierno del Estado como el combate al dengue, el cuidado de la&nbsp;<strong>salud<\/strong>&nbsp;en temporada invernal y la promoci\u00f3n de la vacunaci\u00f3n contra la tosferina, adem\u00e1s del respaldo a la estrategia nacional&nbsp;<strong>Vive Saludable, Vive Feliz<\/strong>, subray\u00f3 el Secretario.. Foto: Jorge Serratos \/ Secretar\u00eda de Salud.<\/figcaption><\/figure>\n<\/li>\n\n\n\n<li class=\"blockart-slide blockart-slide-1cbc6b13 splide__slide\">\n<figure class=\"wp-block-image size-large\"><img loading=\"lazy\" decoding=\"async\" width=\"1024\" height=\"682\" src=\"https:\/\/www.ssaver.gob.mx\/difusion\/wp-content\/uploads\/sites\/23\/2025\/03\/PHOTO-2025-03-18-17-34-31-6-1-1024x682.jpg\" alt=\"acceso y disponibilidad de medicamentos, deficiente acceso y disponibilidad de medicamentos, red veracruzana por la salud, reuni\u00f3n de la red veracruzana por la salud, qu\u00e9 son medicamentos, qu\u00e9 es disponibilidad de medicamentos, SESVER, Secretar\u00eda de Salud de Veracruz, Valent\u00edn Herrera Alarc\u00f3n, Veracruz\" class=\"wp-image-4607\" srcset=\"https:\/\/www.ssaver.gob.mx\/difusion\/wp-content\/uploads\/sites\/23\/2025\/03\/PHOTO-2025-03-18-17-34-31-6-1-1024x682.jpg 1024w, https:\/\/www.ssaver.gob.mx\/difusion\/wp-content\/uploads\/sites\/23\/2025\/03\/PHOTO-2025-03-18-17-34-31-6-1-300x200.jpg 300w, https:\/\/www.ssaver.gob.mx\/difusion\/wp-content\/uploads\/sites\/23\/2025\/03\/PHOTO-2025-03-18-17-34-31-6-1-768x512.jpg 768w, https:\/\/www.ssaver.gob.mx\/difusion\/wp-content\/uploads\/sites\/23\/2025\/03\/PHOTO-2025-03-18-17-34-31-6-1-1536x1023.jpg 1536w, https:\/\/www.ssaver.gob.mx\/difusion\/wp-content\/uploads\/sites\/23\/2025\/03\/PHOTO-2025-03-18-17-34-31-6-1.jpg 1600w\" sizes=\"auto, (max-width: 1024px) 100vw, 1024px\" \/><figcaption class=\"wp-element-caption\">Previamente, encabez\u00f3 la Primera Sesi\u00f3n Ordinaria del Consejo Directivo de la&nbsp;<strong>Red Veracruzana de Municipios por la Salud (RVMS)<\/strong>, donde refrend\u00f3 el compromiso de mantener un trabajo coordinado con las 212 demarcaciones para abonar a servicios de salud de calidad. Foto: Jorge Serratos \/Secretar\u00eda de Salud.<\/figcaption><\/figure>\n<\/li>\n\n\n\n<li class=\"blockart-slide blockart-slide-94998867 splide__slide\">\n<figure class=\"wp-block-image size-large\"><img loading=\"lazy\" decoding=\"async\" width=\"1024\" height=\"682\" src=\"https:\/\/www.ssaver.gob.mx\/difusion\/wp-content\/uploads\/sites\/23\/2025\/03\/PHOTO-2025-03-18-17-34-31-7-1-1024x682.jpg\" alt=\"acceso y disponibilidad de medicamentos, deficiente acceso y disponibilidad de medicamentos, red veracruzana por la salud, reuni\u00f3n de la red veracruzana por la salud, qu\u00e9 son medicamentos, qu\u00e9 es disponibilidad de medicamentos, SESVER, Secretar\u00eda de Salud de Veracruz, Valent\u00edn Herrera Alarc\u00f3n, Veracruz\" class=\"wp-image-4608\" srcset=\"https:\/\/www.ssaver.gob.mx\/difusion\/wp-content\/uploads\/sites\/23\/2025\/03\/PHOTO-2025-03-18-17-34-31-7-1-1024x682.jpg 1024w, https:\/\/www.ssaver.gob.mx\/difusion\/wp-content\/uploads\/sites\/23\/2025\/03\/PHOTO-2025-03-18-17-34-31-7-1-300x200.jpg 300w, https:\/\/www.ssaver.gob.mx\/difusion\/wp-content\/uploads\/sites\/23\/2025\/03\/PHOTO-2025-03-18-17-34-31-7-1-768x512.jpg 768w, https:\/\/www.ssaver.gob.mx\/difusion\/wp-content\/uploads\/sites\/23\/2025\/03\/PHOTO-2025-03-18-17-34-31-7-1-1536x1023.jpg 1536w, https:\/\/www.ssaver.gob.mx\/difusion\/wp-content\/uploads\/sites\/23\/2025\/03\/PHOTO-2025-03-18-17-34-31-7-1.jpg 1600w\" sizes=\"auto, (max-width: 1024px) 100vw, 1024px\" \/><figcaption class=\"wp-element-caption\">Constituida como un organismo independiente, en la red autoridades municipales y estatales comparten experiencias, planes, proyectos y acciones innovadoras, con la finalidad de focalizar las pol\u00edticas p\u00fablicas de salud en el \u00e1mbito municipal.. Foto: Jorge Serratos \/Secretar\u00eda de Salud.<\/figcaption><\/figure>\n<\/li>\n\n\n\n<li class=\"blockart-slide blockart-slide-4606f159 splide__slide\">\n<figure class=\"wp-block-image size-large\"><img loading=\"lazy\" decoding=\"async\" width=\"1024\" height=\"667\" src=\"https:\/\/www.ssaver.gob.mx\/difusion\/wp-content\/uploads\/sites\/23\/2025\/03\/PHOTO-2025-03-18-17-34-31-1-1024x667.jpg\" alt=\"acceso y disponibilidad de medicamentos, deficiente acceso y disponibilidad de medicamentos, red veracruzana por la salud, reuni\u00f3n de la red veracruzana por la salud, qu\u00e9 son medicamentos, qu\u00e9 es disponibilidad de medicamentos, SESVER, Secretar\u00eda de Salud de Veracruz, Valent\u00edn Herrera Alarc\u00f3n, Veracruz\" class=\"wp-image-4609\" srcset=\"https:\/\/www.ssaver.gob.mx\/difusion\/wp-content\/uploads\/sites\/23\/2025\/03\/PHOTO-2025-03-18-17-34-31-1-1024x667.jpg 1024w, https:\/\/www.ssaver.gob.mx\/difusion\/wp-content\/uploads\/sites\/23\/2025\/03\/PHOTO-2025-03-18-17-34-31-1-300x195.jpg 300w, https:\/\/www.ssaver.gob.mx\/difusion\/wp-content\/uploads\/sites\/23\/2025\/03\/PHOTO-2025-03-18-17-34-31-1-768x500.jpg 768w, https:\/\/www.ssaver.gob.mx\/difusion\/wp-content\/uploads\/sites\/23\/2025\/03\/PHOTO-2025-03-18-17-34-31-1.jpg 1280w\" sizes=\"auto, (max-width: 1024px) 100vw, 1024px\" \/><figcaption class=\"wp-element-caption\">En el marco de esta reuni\u00f3n, la directora de Salud P\u00fablica de la SS, Mar\u00eda Luisa S\u00e1nchez Murrieta, dio a conocer el Plan de Medios que desde la dependencia se impulsa para combatir el dengue, consistente en materiales gr\u00e1ficos digitales y f\u00edsicos que, con apoyo de las jurisdicciones sanitarias, deber\u00e1n replicar. Foto: Jorge Serratos \/Secretar\u00eda de Salud.<\/figcaption><\/figure>\n<\/li>\n<\/ul><\/div><div class=\"splide__arrows\"><div role=\"button\" class=\"splide__arrow splide__arrow--prev\"><\/div><div role=\"button\" class=\"splide__arrow splide__arrow--next\"><\/div><\/div><\/div><\/div>\n\n\n\n<p><\/p>\n","protected":false},"excerpt":{"rendered":"","protected":false},"author":59,"featured_media":4593,"comment_status":"closed","ping_status":"closed","sticky":false,"template":"","format":"standard","meta":{"colormag_page_container_layout":"default_layout","colormag_page_sidebar_layout":"default_layout","footnotes":""},"categories":[120,115],"tags":[369,750,372,751,371,370,373,367,169,189,184,368,142],"class_list":["post-4600","post","type-post","status-publish","format-standard","has-post-thumbnail","hentry","category-galeria-de-la-salud","category-general","tag-acceso-y-disponibilidad-de-medicamentos","tag-apoyo-del-director-general","tag-deficiente-acceso-y-disponibilidad-de-medicamentos","tag-juan-pablo-uribe-gonzalez","tag-que-es-disponibilidad-de-medicamentos","tag-que-son-medicamentos","tag-red-veracruzana-por-la-salud","tag-reunion-de-la-red-veracruzana-de-municipios-por-la-salud","tag-salud-veracruz","tag-secretaria-de-salud-de-veracruz","tag-sesver","tag-valenin-herrera-alarcon","tag-veracruz"],"_links":{"self":[{"href":"https:\/\/www.ssaver.gob.mx\/difusion\/wp-json\/wp\/v2\/posts\/4600","targetHints":{"allow":["GET"]}}],"collection":[{"href":"https:\/\/www.ssaver.gob.mx\/difusion\/wp-json\/wp\/v2\/posts"}],"about":[{"href":"https:\/\/www.ssaver.gob.mx\/difusion\/wp-json\/wp\/v2\/types\/post"}],"author":[{"embeddable":true,"href":"https:\/\/www.ssaver.gob.mx\/difusion\/wp-json\/wp\/v2\/users\/59"}],"replies":[{"embeddable":true,"href":"https:\/\/www.ssaver.gob.mx\/difusion\/wp-json\/wp\/v2\/comments?post=4600"}],"version-history":[{"count":4,"href":"https:\/\/www.ssaver.gob.mx\/difusion\/wp-json\/wp\/v2\/posts\/4600\/revisions"}],"predecessor-version":[{"id":4643,"href":"https:\/\/www.ssaver.gob.mx\/difusion\/wp-json\/wp\/v2\/posts\/4600\/revisions\/4643"}],"wp:featuredmedia":[{"embeddable":true,"href":"https:\/\/www.ssaver.gob.mx\/difusion\/wp-json\/wp\/v2\/media\/4593"}],"wp:attachment":[{"href":"https:\/\/www.ssaver.gob.mx\/difusion\/wp-json\/wp\/v2\/media?parent=4600"}],"wp:term":[{"taxonomy":"category","embeddable":true,"href":"https:\/\/www.ssaver.gob.mx\/difusion\/wp-json\/wp\/v2\/categories?post=4600"},{"taxonomy":"post_tag","embeddable":true,"href":"https:\/\/www.ssaver.gob.mx\/difusion\/wp-json\/wp\/v2\/tags?post=4600"}],"curies":[{"name":"wp","href":"https:\/\/api.w.org\/{rel}","templated":true}]}}