{"id":4630,"date":"2025-03-20T10:02:54","date_gmt":"2025-03-20T16:02:54","guid":{"rendered":"https:\/\/www.ssaver.gob.mx\/difusion\/?p=4630"},"modified":"2025-09-11T13:49:03","modified_gmt":"2025-09-11T18:49:03","slug":"veracruz-pionero-en-reconocer-la-labor-de-las-y-los-promotores-de-salud","status":"publish","type":"post","link":"https:\/\/www.ssaver.gob.mx\/difusion\/2025\/03\/20\/veracruz-pionero-en-reconocer-la-labor-de-las-y-los-promotores-de-salud\/","title":{"rendered":"Veracruz, pionero en reconocer la labor de las y los promotores de salud"},"content":{"rendered":"\n<p class=\"blockart-paragraph blockart-paragraph-788db3b4\"><strong>Veracruz, pionero en reconocer la labor de las y los promotores de salud<\/strong><\/p>\n\n\n\n<p class=\"has-medium-font-size\">&#8211; M\u00e1s de 570 promotores trabajan en comunidades para mejorar la calidad de vida<\/p>\n\n\n\n<p class=\"has-medium-font-size\">&#8211; Salud escolar, vida saludable y participaci\u00f3n comunitaria: ejes clave del modelo veracruzano<\/p>\n\n\n\n<p><\/p>\n\n\n\n<p class=\"has-medium-font-size\">Xalapa, Ver., jueves 20 de marzo de 2025.- <strong>La Secretar\u00eda de Salud reconoce la labor de 573 promotores<\/strong> que, a diario, trabajan en comunidades, ejidos y municipios para fomentar h\u00e1bitos saludables y mejorar el bienestar de la poblaci\u00f3n.\u00a0<\/p>\n\n\n\n<p class=\"has-medium-font-size\"><strong>Desde 1993, Veracruz se convirti\u00f3 en el primer estado en M\u00e9xico en celebrar el D\u00eda Estatal de la Promotora y el Promotor de la Salud<\/strong>, destacando la importancia de estos profesionales en la prevenci\u00f3n y promoci\u00f3n de la salud p\u00fablica.\u00a0<\/p>\n\n\n\n<p class=\"has-medium-font-size\">Los promotores act\u00faan en distintos niveles, fortaleciendo capacidades comunitarias y fomentando la participaci\u00f3n ciudadana. <strong>Su labor se basa en el Modelo Operativo de Promoci\u00f3n de la Salud, que abarca el manejo de riesgos personales, entornos saludables, desarrollo de competencias y participaci\u00f3n comunitaria.<\/strong><\/p>\n\n\n\n<p class=\"has-medium-font-size\">Utilizan herramientas como la abogac\u00eda intersectorial y la mercadotecnia social para acercar la informaci\u00f3n a la poblaci\u00f3n; difunden campa\u00f1as institucionales como <strong>Vive Saludable, Vive Feliz<\/strong> a trav\u00e9s de medios digitales y f\u00edsicos. Su trabajo se extiende desde las unidades m\u00e9dicas hasta recorridos de campo, garantizando la cobertura en todo el estado.\u00a0<\/p>\n\n\n\n<p class=\"has-medium-font-size\">Con 28 a\u00f1os de trayectoria, <strong>Celestina Villa Dirado, promotora del Centro de Salud de Coatepec<\/strong>, destaca que su labor requiere vocaci\u00f3n, compromiso y entrega, y que su mayor satisfacci\u00f3n es contribuir al bienestar de su comunidad.<\/p>\n\n\n\n<p class=\"has-medium-font-size\"><strong>Olaf Reyes Sagah\u00f3n, nutri\u00f3logo y promotor en Xico<\/strong>, se\u00f1ala que su trabajo incluye la orientaci\u00f3n en salud y la canalizaci\u00f3n de pacientes a centros m\u00e9dicos cuando es necesario.\u00a0<\/p>\n\n\n\n<p class=\"has-medium-font-size\">El esfuerzo de los promotores se extiende a los 212 municipios, asegurando informaci\u00f3n de calidad para generar cambios positivos en la salud de la poblaci\u00f3n. La Secretar\u00eda de Salud reconoce su compromiso y dedicaci\u00f3n, fundamentales para construir una sociedad m\u00e1s informada y saludable.<\/p>\n\n\n\n<p><\/p>\n\n\n\n<div class=\"blockart-slider blockart-slider-b2b48a37\"><div class=\"splide\"><div class=\"splide__track\"><ul class=\"splide__list\">\n<li class=\"blockart-slide blockart-slide-162941d6 splide__slide\">\n<figure class=\"wp-block-image size-large\"><img loading=\"lazy\" decoding=\"async\" width=\"1024\" height=\"733\" src=\"https:\/\/www.ssaver.gob.mx\/difusion\/wp-content\/uploads\/sites\/23\/2025\/03\/PHOTO-2025-03-20-09-27-13-2-1024x733.jpg\" alt=\"\" class=\"wp-image-4633\" srcset=\"https:\/\/www.ssaver.gob.mx\/difusion\/wp-content\/uploads\/sites\/23\/2025\/03\/PHOTO-2025-03-20-09-27-13-2-1024x733.jpg 1024w, https:\/\/www.ssaver.gob.mx\/difusion\/wp-content\/uploads\/sites\/23\/2025\/03\/PHOTO-2025-03-20-09-27-13-2-300x215.jpg 300w, https:\/\/www.ssaver.gob.mx\/difusion\/wp-content\/uploads\/sites\/23\/2025\/03\/PHOTO-2025-03-20-09-27-13-2-768x550.jpg 768w, https:\/\/www.ssaver.gob.mx\/difusion\/wp-content\/uploads\/sites\/23\/2025\/03\/PHOTO-2025-03-20-09-27-13-2.jpg 1280w\" sizes=\"auto, (max-width: 1024px) 100vw, 1024px\" \/><\/figure>\n<\/li>\n\n\n\n<li class=\"blockart-slide blockart-slide-ba4953a0 splide__slide\">\n<figure class=\"wp-block-image size-large\"><img loading=\"lazy\" decoding=\"async\" width=\"1024\" height=\"652\" src=\"https:\/\/www.ssaver.gob.mx\/difusion\/wp-content\/uploads\/sites\/23\/2025\/03\/PHOTO-2025-03-20-09-27-13-3-1-1024x652.jpg\" alt=\"\" class=\"wp-image-4634\" srcset=\"https:\/\/www.ssaver.gob.mx\/difusion\/wp-content\/uploads\/sites\/23\/2025\/03\/PHOTO-2025-03-20-09-27-13-3-1-1024x652.jpg 1024w, https:\/\/www.ssaver.gob.mx\/difusion\/wp-content\/uploads\/sites\/23\/2025\/03\/PHOTO-2025-03-20-09-27-13-3-1-300x191.jpg 300w, https:\/\/www.ssaver.gob.mx\/difusion\/wp-content\/uploads\/sites\/23\/2025\/03\/PHOTO-2025-03-20-09-27-13-3-1-768x489.jpg 768w, https:\/\/www.ssaver.gob.mx\/difusion\/wp-content\/uploads\/sites\/23\/2025\/03\/PHOTO-2025-03-20-09-27-13-3-1.jpg 1280w\" sizes=\"auto, (max-width: 1024px) 100vw, 1024px\" \/><\/figure>\n<\/li>\n\n\n\n<li class=\"blockart-slide blockart-slide-1abfc223 splide__slide\">\n<figure class=\"wp-block-image size-large\"><img loading=\"lazy\" decoding=\"async\" width=\"1024\" height=\"666\" src=\"https:\/\/www.ssaver.gob.mx\/difusion\/wp-content\/uploads\/sites\/23\/2025\/03\/PHOTO-2025-03-20-09-27-13-4-1024x666.jpg\" alt=\"\" class=\"wp-image-4636\" srcset=\"https:\/\/www.ssaver.gob.mx\/difusion\/wp-content\/uploads\/sites\/23\/2025\/03\/PHOTO-2025-03-20-09-27-13-4-1024x666.jpg 1024w, https:\/\/www.ssaver.gob.mx\/difusion\/wp-content\/uploads\/sites\/23\/2025\/03\/PHOTO-2025-03-20-09-27-13-4-300x195.jpg 300w, https:\/\/www.ssaver.gob.mx\/difusion\/wp-content\/uploads\/sites\/23\/2025\/03\/PHOTO-2025-03-20-09-27-13-4-768x500.jpg 768w, https:\/\/www.ssaver.gob.mx\/difusion\/wp-content\/uploads\/sites\/23\/2025\/03\/PHOTO-2025-03-20-09-27-13-4.jpg 1280w\" sizes=\"auto, (max-width: 1024px) 100vw, 1024px\" \/><\/figure>\n<\/li>\n\n\n\n<li class=\"blockart-slide blockart-slide-dd421aea splide__slide\">\n<figure class=\"wp-block-image size-large\"><img loading=\"lazy\" decoding=\"async\" width=\"1024\" height=\"713\" src=\"https:\/\/www.ssaver.gob.mx\/difusion\/wp-content\/uploads\/sites\/23\/2025\/03\/PHOTO-2025-03-20-09-27-13-5-1024x713.jpg\" alt=\"\" class=\"wp-image-4637\" srcset=\"https:\/\/www.ssaver.gob.mx\/difusion\/wp-content\/uploads\/sites\/23\/2025\/03\/PHOTO-2025-03-20-09-27-13-5-1024x713.jpg 1024w, https:\/\/www.ssaver.gob.mx\/difusion\/wp-content\/uploads\/sites\/23\/2025\/03\/PHOTO-2025-03-20-09-27-13-5-300x209.jpg 300w, https:\/\/www.ssaver.gob.mx\/difusion\/wp-content\/uploads\/sites\/23\/2025\/03\/PHOTO-2025-03-20-09-27-13-5-768x535.jpg 768w, https:\/\/www.ssaver.gob.mx\/difusion\/wp-content\/uploads\/sites\/23\/2025\/03\/PHOTO-2025-03-20-09-27-13-5-392x272.jpg 392w, https:\/\/www.ssaver.gob.mx\/difusion\/wp-content\/uploads\/sites\/23\/2025\/03\/PHOTO-2025-03-20-09-27-13-5-130x90.jpg 130w, https:\/\/www.ssaver.gob.mx\/difusion\/wp-content\/uploads\/sites\/23\/2025\/03\/PHOTO-2025-03-20-09-27-13-5.jpg 1280w\" sizes=\"auto, (max-width: 1024px) 100vw, 1024px\" \/><\/figure>\n<\/li>\n\n\n\n<li class=\"blockart-slide blockart-slide-e116b769 splide__slide\">\n<figure class=\"wp-block-image size-large\"><img loading=\"lazy\" decoding=\"async\" width=\"1024\" height=\"700\" src=\"https:\/\/www.ssaver.gob.mx\/difusion\/wp-content\/uploads\/sites\/23\/2025\/03\/PHOTO-2025-03-20-09-27-13-6-1024x700.jpg\" alt=\"\" class=\"wp-image-4638\" srcset=\"https:\/\/www.ssaver.gob.mx\/difusion\/wp-content\/uploads\/sites\/23\/2025\/03\/PHOTO-2025-03-20-09-27-13-6-1024x700.jpg 1024w, https:\/\/www.ssaver.gob.mx\/difusion\/wp-content\/uploads\/sites\/23\/2025\/03\/PHOTO-2025-03-20-09-27-13-6-300x205.jpg 300w, https:\/\/www.ssaver.gob.mx\/difusion\/wp-content\/uploads\/sites\/23\/2025\/03\/PHOTO-2025-03-20-09-27-13-6-768x525.jpg 768w, https:\/\/www.ssaver.gob.mx\/difusion\/wp-content\/uploads\/sites\/23\/2025\/03\/PHOTO-2025-03-20-09-27-13-6-130x90.jpg 130w, https:\/\/www.ssaver.gob.mx\/difusion\/wp-content\/uploads\/sites\/23\/2025\/03\/PHOTO-2025-03-20-09-27-13-6.jpg 1280w\" sizes=\"auto, (max-width: 1024px) 100vw, 1024px\" \/><\/figure>\n<\/li>\n\n\n\n<li class=\"blockart-slide blockart-slide-6648b34b splide__slide\">\n<figure class=\"wp-block-image size-large\"><img loading=\"lazy\" decoding=\"async\" width=\"1024\" height=\"735\" src=\"https:\/\/www.ssaver.gob.mx\/difusion\/wp-content\/uploads\/sites\/23\/2025\/03\/PHOTO-2025-03-20-09-27-13-7-1024x735.jpg\" alt=\"\" class=\"wp-image-4639\" srcset=\"https:\/\/www.ssaver.gob.mx\/difusion\/wp-content\/uploads\/sites\/23\/2025\/03\/PHOTO-2025-03-20-09-27-13-7-1024x735.jpg 1024w, https:\/\/www.ssaver.gob.mx\/difusion\/wp-content\/uploads\/sites\/23\/2025\/03\/PHOTO-2025-03-20-09-27-13-7-300x215.jpg 300w, https:\/\/www.ssaver.gob.mx\/difusion\/wp-content\/uploads\/sites\/23\/2025\/03\/PHOTO-2025-03-20-09-27-13-7-768x551.jpg 768w, https:\/\/www.ssaver.gob.mx\/difusion\/wp-content\/uploads\/sites\/23\/2025\/03\/PHOTO-2025-03-20-09-27-13-7.jpg 1280w\" sizes=\"auto, (max-width: 1024px) 100vw, 1024px\" \/><\/figure>\n<\/li>\n\n\n\n<li class=\"blockart-slide blockart-slide-0888de21 splide__slide\">\n<figure class=\"wp-block-image size-large\"><img loading=\"lazy\" decoding=\"async\" width=\"1024\" height=\"742\" src=\"https:\/\/www.ssaver.gob.mx\/difusion\/wp-content\/uploads\/sites\/23\/2025\/03\/PHOTO-2025-03-20-09-27-13-1024x742.jpg\" alt=\"\" class=\"wp-image-4640\" srcset=\"https:\/\/www.ssaver.gob.mx\/difusion\/wp-content\/uploads\/sites\/23\/2025\/03\/PHOTO-2025-03-20-09-27-13-1024x742.jpg 1024w, https:\/\/www.ssaver.gob.mx\/difusion\/wp-content\/uploads\/sites\/23\/2025\/03\/PHOTO-2025-03-20-09-27-13-300x217.jpg 300w, https:\/\/www.ssaver.gob.mx\/difusion\/wp-content\/uploads\/sites\/23\/2025\/03\/PHOTO-2025-03-20-09-27-13-768x556.jpg 768w, https:\/\/www.ssaver.gob.mx\/difusion\/wp-content\/uploads\/sites\/23\/2025\/03\/PHOTO-2025-03-20-09-27-13.jpg 1280w\" sizes=\"auto, (max-width: 1024px) 100vw, 1024px\" \/><\/figure>\n<\/li>\n<\/ul><\/div><div class=\"splide__arrows\"><div role=\"button\" class=\"splide__arrow splide__arrow--prev\"><\/div><div role=\"button\" class=\"splide__arrow splide__arrow--next\"><\/div><\/div><\/div><\/div>\n\n\n\n<hr class=\"wp-block-separator has-alpha-channel-opacity is-style-wide\" \/>\n\n\n\n<p class=\"has-text-color has-link-color has-medium-font-size wp-elements-cb8e8c1a3ed727172f9f4e9c98a191f4\" style=\"color:#660c0c\"><strong>Tambi\u00e9n te puede interesar.- <\/strong><\/p>\n\n\n\n<p class=\"has-text-color has-link-color has-medium-font-size wp-elements-3c939cf8d4c601672c91358dfdeeed4a\" style=\"color:#660c0c\"><strong><a href=\"https:\/\/www.ssaver.gob.mx\/difusion\/2025\/02\/26\/prueban-eficacia-de-insecticidas-contra-mosquito-transmisor-del-dengue\/\" data-type=\"link\" data-id=\"https:\/\/www.ssaver.gob.mx\/difusion\/2025\/02\/26\/prueban-eficacia-de-insecticidas-contra-mosquito-transmisor-del-dengue\/\">Prueban eficacia de insecticidas contra mosquito transmisor del dengue<\/a><\/strong><\/p>\n\n\n\n<p class=\"has-text-color has-link-color has-medium-font-size wp-elements-8874d9c069384f45ddb1a0ac4945d7f3\" style=\"color:#660c0c\"><strong><a href=\"https:\/\/www.ssaver.gob.mx\/difusion\/2025\/02\/15\/heroes-de-capa-blanca-que-combaten-al-cancer-infantil-en-veracruz\/\" data-type=\"link\" data-id=\"https:\/\/www.ssaver.gob.mx\/difusion\/2025\/02\/15\/heroes-de-capa-blanca-que-combaten-al-cancer-infantil-en-veracruz\/\">H\u00e9roes de capa blanca que combaten al c\u00e1ncer infantil en Veracruz<\/a><\/strong><\/p>\n\n\n\n<hr class=\"wp-block-separator has-alpha-channel-opacity is-style-default\" \/>\n\n\n\n<p class=\"has-medium-font-size\"><\/p>\n","protected":false},"excerpt":{"rendered":"<p>&#8211; M\u00e1s de 570 promotores trabajan en comunidades para mejorar la calidad de vida &#8211; Salud escolar, vida saludable y<\/p>\n","protected":false},"author":59,"featured_media":4632,"comment_status":"closed","ping_status":"closed","sticky":false,"template":"","format":"standard","meta":{"colormag_page_container_layout":"default_layout","colormag_page_sidebar_layout":"default_layout","footnotes":""},"categories":[119,115],"tags":[385,750,381,384,751,386,387,388,382,383,189,184,191,142],"class_list":["post-4630","post","type-post","status-publish","format-standard","has-post-thumbnail","hentry","category-comunicados","category-general","tag-agente-sanitario-y-promotor-de-la-salud","tag-apoyo-del-director-general","tag-cual-es-la-funcion-de-un-promotor-de-la-salud","tag-funciones-del-promotor-de-la-salud-defensa-mediacion-y-capacitacion","tag-juan-pablo-uribe-gonzalez","tag-promotor-de-la-salud-empleo","tag-promotor-de-la-salud-imss","tag-promotor-de-la-salud-que-es","tag-que-intervenciones-especificas-puede-realizar-un-promotor-de-la-salud","tag-que-se-necesita-para-ser-un-promotor-de-la-salud","tag-secretaria-de-salud-de-veracruz","tag-sesver","tag-valentin-herrera-alarcon","tag-veracruz"],"_links":{"self":[{"href":"https:\/\/www.ssaver.gob.mx\/difusion\/wp-json\/wp\/v2\/posts\/4630","targetHints":{"allow":["GET"]}}],"collection":[{"href":"https:\/\/www.ssaver.gob.mx\/difusion\/wp-json\/wp\/v2\/posts"}],"about":[{"href":"https:\/\/www.ssaver.gob.mx\/difusion\/wp-json\/wp\/v2\/types\/post"}],"author":[{"embeddable":true,"href":"https:\/\/www.ssaver.gob.mx\/difusion\/wp-json\/wp\/v2\/users\/59"}],"replies":[{"embeddable":true,"href":"https:\/\/www.ssaver.gob.mx\/difusion\/wp-json\/wp\/v2\/comments?post=4630"}],"version-history":[{"count":2,"href":"https:\/\/www.ssaver.gob.mx\/difusion\/wp-json\/wp\/v2\/posts\/4630\/revisions"}],"predecessor-version":[{"id":4653,"href":"https:\/\/www.ssaver.gob.mx\/difusion\/wp-json\/wp\/v2\/posts\/4630\/revisions\/4653"}],"wp:featuredmedia":[{"embeddable":true,"href":"https:\/\/www.ssaver.gob.mx\/difusion\/wp-json\/wp\/v2\/media\/4632"}],"wp:attachment":[{"href":"https:\/\/www.ssaver.gob.mx\/difusion\/wp-json\/wp\/v2\/media?parent=4630"}],"wp:term":[{"taxonomy":"category","embeddable":true,"href":"https:\/\/www.ssaver.gob.mx\/difusion\/wp-json\/wp\/v2\/categories?post=4630"},{"taxonomy":"post_tag","embeddable":true,"href":"https:\/\/www.ssaver.gob.mx\/difusion\/wp-json\/wp\/v2\/tags?post=4630"}],"curies":[{"name":"wp","href":"https:\/\/api.w.org\/{rel}","templated":true}]}}