{"id":4642,"date":"2025-03-20T10:01:28","date_gmt":"2025-03-20T16:01:28","guid":{"rendered":"https:\/\/www.ssaver.gob.mx\/difusion\/?p=4642"},"modified":"2025-09-11T13:49:09","modified_gmt":"2025-09-11T18:49:09","slug":"fotogaleria-veracruz-pionero-en-reconocer-la-labor-de-las-y-los-promotores-de-salud","status":"publish","type":"post","link":"https:\/\/www.ssaver.gob.mx\/difusion\/2025\/03\/20\/fotogaleria-veracruz-pionero-en-reconocer-la-labor-de-las-y-los-promotores-de-salud\/","title":{"rendered":"Fotogaler\u00eda: Veracruz, pionero en reconocer la labor de las y los promotores de salud"},"content":{"rendered":"\n<p><\/p>\n\n\n\n<p><\/p>\n\n\n\n<div class=\"blockart-slider blockart-slider-59217f30\"><div class=\"splide\"><div class=\"splide__track\"><ul class=\"splide__list\">\n<li class=\"blockart-slide blockart-slide-78d871a0 splide__slide\">\n<figure class=\"wp-block-image size-large\"><img loading=\"lazy\" decoding=\"async\" width=\"1024\" height=\"742\" src=\"https:\/\/www.ssaver.gob.mx\/difusion\/wp-content\/uploads\/sites\/23\/2025\/03\/PHOTO-2025-03-20-09-27-13-1024x742.jpg\" alt=\"agente sanitario y promotor de la salud, cu\u00e1l es la funci\u00f3n de un promotor de la salud, funciones del promotor de la salud defensa mediaci\u00f3n y capacitaci\u00f3n, promotor de la salud empleo, promotor de la salud imss, promotor de la salud qu\u00e9 es, qu\u00e9 intervenciones espec\u00edficas puede realizar un promotor de la salud, qu\u00e9 se necesita para ser un promotor de la salud\" class=\"wp-image-4640\" srcset=\"https:\/\/www.ssaver.gob.mx\/difusion\/wp-content\/uploads\/sites\/23\/2025\/03\/PHOTO-2025-03-20-09-27-13-1024x742.jpg 1024w, https:\/\/www.ssaver.gob.mx\/difusion\/wp-content\/uploads\/sites\/23\/2025\/03\/PHOTO-2025-03-20-09-27-13-300x217.jpg 300w, https:\/\/www.ssaver.gob.mx\/difusion\/wp-content\/uploads\/sites\/23\/2025\/03\/PHOTO-2025-03-20-09-27-13-768x556.jpg 768w, https:\/\/www.ssaver.gob.mx\/difusion\/wp-content\/uploads\/sites\/23\/2025\/03\/PHOTO-2025-03-20-09-27-13.jpg 1280w\" sizes=\"auto, (max-width: 1024px) 100vw, 1024px\" \/><figcaption class=\"wp-element-caption\">La Secretar\u00eda de Salud reconoce la labor de 573 promotores que, a diario, trabajan en comunidades, ejidos y municipios para fomentar h\u00e1bitos saludables y mejorar el bienestar de la poblaci\u00f3n. Foto: Marco Antonio\/ Secretar\u00eda de Salud.<\/figcaption><\/figure>\n<\/li>\n\n\n\n<li class=\"blockart-slide blockart-slide-c7687a70 splide__slide\">\n<figure class=\"wp-block-image size-large\"><img loading=\"lazy\" decoding=\"async\" width=\"1024\" height=\"735\" src=\"https:\/\/www.ssaver.gob.mx\/difusion\/wp-content\/uploads\/sites\/23\/2025\/03\/PHOTO-2025-03-20-09-27-13-7-1024x735.jpg\" alt=\"agente sanitario y promotor de la salud, cu\u00e1l es la funci\u00f3n de un promotor de la salud, funciones del promotor de la salud defensa mediaci\u00f3n y capacitaci\u00f3n, promotor de la salud empleo, promotor de la salud imss, promotor de la salud qu\u00e9 es, qu\u00e9 intervenciones espec\u00edficas puede realizar un promotor de la salud, qu\u00e9 se necesita para ser un promotor de la salud\" class=\"wp-image-4639\" srcset=\"https:\/\/www.ssaver.gob.mx\/difusion\/wp-content\/uploads\/sites\/23\/2025\/03\/PHOTO-2025-03-20-09-27-13-7-1024x735.jpg 1024w, https:\/\/www.ssaver.gob.mx\/difusion\/wp-content\/uploads\/sites\/23\/2025\/03\/PHOTO-2025-03-20-09-27-13-7-300x215.jpg 300w, https:\/\/www.ssaver.gob.mx\/difusion\/wp-content\/uploads\/sites\/23\/2025\/03\/PHOTO-2025-03-20-09-27-13-7-768x551.jpg 768w, https:\/\/www.ssaver.gob.mx\/difusion\/wp-content\/uploads\/sites\/23\/2025\/03\/PHOTO-2025-03-20-09-27-13-7.jpg 1280w\" sizes=\"auto, (max-width: 1024px) 100vw, 1024px\" \/><figcaption class=\"wp-element-caption\">Desde 1993, Veracruz se convirti\u00f3 en el primer estado en M\u00e9xico en celebrar el D\u00eda Estatal de la Promotora y el Promotor de la Salud, destacando la importancia de estos profesionales en la prevenci\u00f3n y promoci\u00f3n de la salud p\u00fablica. Foto: Marco Antonio \/Secretar\u00eda de Salud.<\/figcaption><\/figure>\n<\/li>\n\n\n\n<li class=\"blockart-slide blockart-slide-7a1e2d7c splide__slide\">\n<figure class=\"wp-block-image size-large\"><img loading=\"lazy\" decoding=\"async\" width=\"1024\" height=\"666\" src=\"https:\/\/www.ssaver.gob.mx\/difusion\/wp-content\/uploads\/sites\/23\/2025\/03\/PHOTO-2025-03-20-09-27-13-4-1024x666.jpg\" alt=\"agente sanitario y promotor de la salud, cu\u00e1l es la funci\u00f3n de un promotor de la salud, funciones del promotor de la salud defensa mediaci\u00f3n y capacitaci\u00f3n, promotor de la salud empleo, promotor de la salud imss, promotor de la salud qu\u00e9 es, qu\u00e9 intervenciones espec\u00edficas puede realizar un promotor de la salud, qu\u00e9 se necesita para ser un promotor de la salud\" class=\"wp-image-4636\" srcset=\"https:\/\/www.ssaver.gob.mx\/difusion\/wp-content\/uploads\/sites\/23\/2025\/03\/PHOTO-2025-03-20-09-27-13-4-1024x666.jpg 1024w, https:\/\/www.ssaver.gob.mx\/difusion\/wp-content\/uploads\/sites\/23\/2025\/03\/PHOTO-2025-03-20-09-27-13-4-300x195.jpg 300w, https:\/\/www.ssaver.gob.mx\/difusion\/wp-content\/uploads\/sites\/23\/2025\/03\/PHOTO-2025-03-20-09-27-13-4-768x500.jpg 768w, https:\/\/www.ssaver.gob.mx\/difusion\/wp-content\/uploads\/sites\/23\/2025\/03\/PHOTO-2025-03-20-09-27-13-4.jpg 1280w\" sizes=\"auto, (max-width: 1024px) 100vw, 1024px\" \/><figcaption class=\"wp-element-caption\">Los promotores act\u00faan en distintos niveles, fortaleciendo capacidades comunitarias y fomentando la participaci\u00f3n ciudadana. Su labor se basa en el Modelo Operativo de Promoci\u00f3n de la Salud, que abarca el manejo de riesgos personales, entornos saludables, desarrollo de competencias y participaci\u00f3n comunitaria. Foto: Marco Antonio \/Secretar\u00eda de Salud.<\/figcaption><\/figure>\n<\/li>\n\n\n\n<li class=\"blockart-slide blockart-slide-6378d23f splide__slide\">\n<figure class=\"wp-block-image size-large\"><img loading=\"lazy\" decoding=\"async\" width=\"1024\" height=\"700\" src=\"https:\/\/www.ssaver.gob.mx\/difusion\/wp-content\/uploads\/sites\/23\/2025\/03\/PHOTO-2025-03-20-09-27-13-6-1024x700.jpg\" alt=\"agente sanitario y promotor de la salud, cu\u00e1l es la funci\u00f3n de un promotor de la salud, funciones del promotor de la salud defensa mediaci\u00f3n y capacitaci\u00f3n, promotor de la salud empleo, promotor de la salud imss, promotor de la salud qu\u00e9 es, qu\u00e9 intervenciones espec\u00edficas puede realizar un promotor de la salud, qu\u00e9 se necesita para ser un promotor de la salud\" class=\"wp-image-4638\" srcset=\"https:\/\/www.ssaver.gob.mx\/difusion\/wp-content\/uploads\/sites\/23\/2025\/03\/PHOTO-2025-03-20-09-27-13-6-1024x700.jpg 1024w, https:\/\/www.ssaver.gob.mx\/difusion\/wp-content\/uploads\/sites\/23\/2025\/03\/PHOTO-2025-03-20-09-27-13-6-300x205.jpg 300w, https:\/\/www.ssaver.gob.mx\/difusion\/wp-content\/uploads\/sites\/23\/2025\/03\/PHOTO-2025-03-20-09-27-13-6-768x525.jpg 768w, https:\/\/www.ssaver.gob.mx\/difusion\/wp-content\/uploads\/sites\/23\/2025\/03\/PHOTO-2025-03-20-09-27-13-6-130x90.jpg 130w, https:\/\/www.ssaver.gob.mx\/difusion\/wp-content\/uploads\/sites\/23\/2025\/03\/PHOTO-2025-03-20-09-27-13-6.jpg 1280w\" sizes=\"auto, (max-width: 1024px) 100vw, 1024px\" \/><figcaption class=\"wp-element-caption\">Los Promotores de la Salud utilizan herramientas como la abogac\u00eda intersectorial y la mercadotecnia social para acercar la informaci\u00f3n a la poblaci\u00f3n; difunden campa\u00f1as institucionales como Vive Saludable, Vive Feliz a trav\u00e9s de medios digitales y f\u00edsicos. Su trabajo se extiende desde las unidades m\u00e9dicas hasta recorridos de campo, garantizando la cobertura en todo el estado.\u00a0Foto: Marco Antonio\/ Secretar\u00eda de Salud.<\/figcaption><\/figure>\n<\/li>\n\n\n\n<li class=\"blockart-slide blockart-slide-ffa17800 splide__slide\">\n<figure class=\"wp-block-image size-large\"><img loading=\"lazy\" decoding=\"async\" width=\"1024\" height=\"652\" src=\"https:\/\/www.ssaver.gob.mx\/difusion\/wp-content\/uploads\/sites\/23\/2025\/03\/PHOTO-2025-03-20-09-27-13-3-1-1024x652.jpg\" alt=\"agente sanitario y promotor de la salud, cu\u00e1l es la funci\u00f3n de un promotor de la salud, funciones del promotor de la salud defensa mediaci\u00f3n y capacitaci\u00f3n, promotor de la salud empleo, promotor de la salud imss, promotor de la salud qu\u00e9 es, qu\u00e9 intervenciones espec\u00edficas puede realizar un promotor de la salud, qu\u00e9 se necesita para ser un promotor de la salud\" class=\"wp-image-4634\" srcset=\"https:\/\/www.ssaver.gob.mx\/difusion\/wp-content\/uploads\/sites\/23\/2025\/03\/PHOTO-2025-03-20-09-27-13-3-1-1024x652.jpg 1024w, https:\/\/www.ssaver.gob.mx\/difusion\/wp-content\/uploads\/sites\/23\/2025\/03\/PHOTO-2025-03-20-09-27-13-3-1-300x191.jpg 300w, https:\/\/www.ssaver.gob.mx\/difusion\/wp-content\/uploads\/sites\/23\/2025\/03\/PHOTO-2025-03-20-09-27-13-3-1-768x489.jpg 768w, https:\/\/www.ssaver.gob.mx\/difusion\/wp-content\/uploads\/sites\/23\/2025\/03\/PHOTO-2025-03-20-09-27-13-3-1.jpg 1280w\" sizes=\"auto, (max-width: 1024px) 100vw, 1024px\" \/><figcaption class=\"wp-element-caption\">Con 28 a\u00f1os de trayectoria, Celestina Villa Dirado, promotora del Centro de Salud de Coatepec, destaca que su labor requiere vocaci\u00f3n, compromiso y entrega, y que su mayor satisfacci\u00f3n es contribuir al bienestar de su comunidad. Foto: Marco Antonio  \/Secretar\u00eda de Salud.<\/figcaption><\/figure>\n<\/li>\n\n\n\n<li class=\"blockart-slide blockart-slide-d1db147d splide__slide\">\n<figure class=\"wp-block-image size-large\"><img loading=\"lazy\" decoding=\"async\" width=\"1024\" height=\"733\" src=\"https:\/\/www.ssaver.gob.mx\/difusion\/wp-content\/uploads\/sites\/23\/2025\/03\/PHOTO-2025-03-20-09-27-13-2-1024x733.jpg\" alt=\"agente sanitario y promotor de la salud, cu\u00e1l es la funci\u00f3n de un promotor de la salud, funciones del promotor de la salud defensa mediaci\u00f3n y capacitaci\u00f3n, promotor de la salud empleo, promotor de la salud imss, promotor de la salud qu\u00e9 es, qu\u00e9 intervenciones espec\u00edficas puede realizar un promotor de la salud, qu\u00e9 se necesita para ser un promotor de la salud\" class=\"wp-image-4633\" srcset=\"https:\/\/www.ssaver.gob.mx\/difusion\/wp-content\/uploads\/sites\/23\/2025\/03\/PHOTO-2025-03-20-09-27-13-2-1024x733.jpg 1024w, https:\/\/www.ssaver.gob.mx\/difusion\/wp-content\/uploads\/sites\/23\/2025\/03\/PHOTO-2025-03-20-09-27-13-2-300x215.jpg 300w, https:\/\/www.ssaver.gob.mx\/difusion\/wp-content\/uploads\/sites\/23\/2025\/03\/PHOTO-2025-03-20-09-27-13-2-768x550.jpg 768w, https:\/\/www.ssaver.gob.mx\/difusion\/wp-content\/uploads\/sites\/23\/2025\/03\/PHOTO-2025-03-20-09-27-13-2.jpg 1280w\" sizes=\"auto, (max-width: 1024px) 100vw, 1024px\" \/><figcaption class=\"wp-element-caption\">Olaf Reyes Sagah\u00f3n, nutri\u00f3logo y promotor en Xico, se\u00f1ala que su trabajo incluye la orientaci\u00f3n en salud y la canalizaci\u00f3n de pacientes a centros m\u00e9dicos cuando es necesario.\u00a0 Foto: Marco Antonio \/Secretar\u00eda de Salud.<\/figcaption><\/figure>\n<\/li>\n\n\n\n<li class=\"blockart-slide blockart-slide-e410ad71 splide__slide\">\n<figure class=\"wp-block-image size-large\"><img loading=\"lazy\" decoding=\"async\" width=\"1024\" height=\"713\" src=\"https:\/\/www.ssaver.gob.mx\/difusion\/wp-content\/uploads\/sites\/23\/2025\/03\/PHOTO-2025-03-20-09-27-13-5-1024x713.jpg\" alt=\"agente sanitario y promotor de la salud, cu\u00e1l es la funci\u00f3n de un promotor de la salud, funciones del promotor de la salud defensa mediaci\u00f3n y capacitaci\u00f3n, promotor de la salud empleo, promotor de la salud imss, promotor de la salud qu\u00e9 es, qu\u00e9 intervenciones espec\u00edficas puede realizar un promotor de la salud, qu\u00e9 se necesita para ser un promotor de la salud\" class=\"wp-image-4637\" srcset=\"https:\/\/www.ssaver.gob.mx\/difusion\/wp-content\/uploads\/sites\/23\/2025\/03\/PHOTO-2025-03-20-09-27-13-5-1024x713.jpg 1024w, https:\/\/www.ssaver.gob.mx\/difusion\/wp-content\/uploads\/sites\/23\/2025\/03\/PHOTO-2025-03-20-09-27-13-5-300x209.jpg 300w, https:\/\/www.ssaver.gob.mx\/difusion\/wp-content\/uploads\/sites\/23\/2025\/03\/PHOTO-2025-03-20-09-27-13-5-768x535.jpg 768w, https:\/\/www.ssaver.gob.mx\/difusion\/wp-content\/uploads\/sites\/23\/2025\/03\/PHOTO-2025-03-20-09-27-13-5-392x272.jpg 392w, https:\/\/www.ssaver.gob.mx\/difusion\/wp-content\/uploads\/sites\/23\/2025\/03\/PHOTO-2025-03-20-09-27-13-5-130x90.jpg 130w, https:\/\/www.ssaver.gob.mx\/difusion\/wp-content\/uploads\/sites\/23\/2025\/03\/PHOTO-2025-03-20-09-27-13-5.jpg 1280w\" sizes=\"auto, (max-width: 1024px) 100vw, 1024px\" \/><figcaption class=\"wp-element-caption\">El esfuerzo de los promotores se extiende a los 212 municipios, asegurando informaci\u00f3n de calidad para generar cambios positivos en la salud de la poblaci\u00f3n. La Secretar\u00eda de Salud reconoce su compromiso y dedicaci\u00f3n, fundamentales para construir una sociedad m\u00e1s informada y saludable. Foto: Marco Antonio \/Secretar\u00eda de Salud.<\/figcaption><\/figure>\n<\/li>\n<\/ul><\/div><div class=\"splide__arrows\"><div role=\"button\" class=\"splide__arrow splide__arrow--prev\"><\/div><div role=\"button\" class=\"splide__arrow splide__arrow--next\"><\/div><\/div><\/div><\/div>\n","protected":false},"excerpt":{"rendered":"","protected":false},"author":59,"featured_media":4637,"comment_status":"closed","ping_status":"closed","sticky":false,"template":"","format":"standard","meta":{"colormag_page_container_layout":"default_layout","colormag_page_sidebar_layout":"default_layout","footnotes":""},"categories":[120,115],"tags":[385,750,381,384,751,386,387,388,382,383,141,169,226,189,184,191,142],"class_list":["post-4642","post","type-post","status-publish","format-standard","has-post-thumbnail","hentry","category-galeria-de-la-salud","category-general","tag-agente-sanitario-y-promotor-de-la-salud","tag-apoyo-del-director-general","tag-cual-es-la-funcion-de-un-promotor-de-la-salud","tag-funciones-del-promotor-de-la-salud-defensa-mediacion-y-capacitacion","tag-juan-pablo-uribe-gonzalez","tag-promotor-de-la-salud-empleo","tag-promotor-de-la-salud-imss","tag-promotor-de-la-salud-que-es","tag-que-intervenciones-especificas-puede-realizar-un-promotor-de-la-salud","tag-que-se-necesita-para-ser-un-promotor-de-la-salud","tag-salud","tag-salud-veracruz","tag-secretaria-de-salud","tag-secretaria-de-salud-de-veracruz","tag-sesver","tag-valentin-herrera-alarcon","tag-veracruz"],"_links":{"self":[{"href":"https:\/\/www.ssaver.gob.mx\/difusion\/wp-json\/wp\/v2\/posts\/4642","targetHints":{"allow":["GET"]}}],"collection":[{"href":"https:\/\/www.ssaver.gob.mx\/difusion\/wp-json\/wp\/v2\/posts"}],"about":[{"href":"https:\/\/www.ssaver.gob.mx\/difusion\/wp-json\/wp\/v2\/types\/post"}],"author":[{"embeddable":true,"href":"https:\/\/www.ssaver.gob.mx\/difusion\/wp-json\/wp\/v2\/users\/59"}],"replies":[{"embeddable":true,"href":"https:\/\/www.ssaver.gob.mx\/difusion\/wp-json\/wp\/v2\/comments?post=4642"}],"version-history":[{"count":4,"href":"https:\/\/www.ssaver.gob.mx\/difusion\/wp-json\/wp\/v2\/posts\/4642\/revisions"}],"predecessor-version":[{"id":5165,"href":"https:\/\/www.ssaver.gob.mx\/difusion\/wp-json\/wp\/v2\/posts\/4642\/revisions\/5165"}],"wp:featuredmedia":[{"embeddable":true,"href":"https:\/\/www.ssaver.gob.mx\/difusion\/wp-json\/wp\/v2\/media\/4637"}],"wp:attachment":[{"href":"https:\/\/www.ssaver.gob.mx\/difusion\/wp-json\/wp\/v2\/media?parent=4642"}],"wp:term":[{"taxonomy":"category","embeddable":true,"href":"https:\/\/www.ssaver.gob.mx\/difusion\/wp-json\/wp\/v2\/categories?post=4642"},{"taxonomy":"post_tag","embeddable":true,"href":"https:\/\/www.ssaver.gob.mx\/difusion\/wp-json\/wp\/v2\/tags?post=4642"}],"curies":[{"name":"wp","href":"https:\/\/api.w.org\/{rel}","templated":true}]}}