{"id":4652,"date":"2025-03-24T15:23:15","date_gmt":"2025-03-24T21:23:15","guid":{"rendered":"https:\/\/www.ssaver.gob.mx\/difusion\/?p=4652"},"modified":"2025-09-11T13:48:58","modified_gmt":"2025-09-11T18:48:58","slug":"veracruz-fortalece-realizacion-de-trasplantes","status":"publish","type":"post","link":"https:\/\/www.ssaver.gob.mx\/difusion\/2025\/03\/24\/veracruz-fortalece-realizacion-de-trasplantes\/","title":{"rendered":"Veracruz fortalece realizaci\u00f3n de trasplantes"},"content":{"rendered":"\n<p class=\"blockart-paragraph blockart-paragraph-d2603df0\"><strong><strong>Veracruz fortalece realizaci\u00f3n de trasplantes<\/strong><\/strong><\/p>\n\n\n\n<p class=\"has-medium-font-size\">&#8211; De la mano de expertos e infraestructura adecuada, Veracruz puede desarrollar programas de donaci\u00f3n y trasplante de \u00f3rganos<\/p>\n\n\n\n<p class=\"has-medium-font-size\">&#8211; Atenci\u00f3n integral enfocada en la prevenci\u00f3n de enfermedades y en la promoci\u00f3n de h\u00e1bitos saludables<\/p>\n\n\n\n<p><\/p>\n\n\n\n<p class=\"has-medium-font-size\">Xalapa, Ver., 24 de marzo de 2025.- <strong>Veracruz avanza en el fortalecimiento de sus estrategias para mejorar la donaci\u00f3n y procuraci\u00f3n de \u00f3rganos para trasplante, asegur\u00f3 el Dr. Valent\u00edn Herrera Alarc\u00f3n, titular de la Secretar\u00eda de Salud del Estado.<\/strong><\/p>\n\n\n\n<p class=\"has-medium-font-size\"><strong>Durante la sesi\u00f3n general \u201cEstrategias para mejorar la Donaci\u00f3n de \u00d3rganos con fines de Trasplante en Veracruz\u201d, realizada en el Centro de Alta Especialidad (CAE) \u201cDr. Rafael Lucio\u201d, destac\u00f3 la importancia de crear una red de apoyo para la cobertura de necesidades de trasplante en la entidad.<\/strong><\/p>\n\n\n\n<p class=\"has-medium-font-size\">Subray\u00f3 el compromiso de <strong>la gobernadora, Ingeniera Norma Roc\u00edo Nahle Garc\u00eda<\/strong>, para que su gobierno brinde atenci\u00f3n y servicios de salud de calidad, as\u00ed como una red eficiente de donaci\u00f3n, procuraci\u00f3n y trasplantes de \u00f3rganos que signifique esperanza de vida.<\/p>\n\n\n\n<p class=\"has-medium-font-size\">Ante <strong>m\u00e9dicos especialistas<\/strong> de todas las \u00e1reas, <strong>Herrera Alarc\u00f3n<\/strong> recalc\u00f3 la importancia de una atenci\u00f3n integral que no solo se enfoque en los <strong>trasplantes<\/strong> sino tambi\u00e9n en la prevenci\u00f3n y en la promoci\u00f3n de h\u00e1bitos saludables que disminuyan los impactos de las enfermedades.<\/p>\n\n\n\n<p class=\"has-medium-font-size\">\u201cSoy creyente de la bondad de los <strong>trasplantes<\/strong>, es una nueva vida para una persona, es quiz\u00e1 su \u00faltima oportunidad para tener una vida de calidad, pero tambi\u00e9n hace reflexionar, irnos a la prevenci\u00f3n y la atenci\u00f3n primaria a la salud\u201d para no llegar a estos escenarios.<\/p>\n\n\n\n<p class=\"has-medium-font-size\">A\u00f1adi\u00f3 que <strong>Veracruz<\/strong> cuenta con el abastecimiento necesario de <strong>medicamentos<\/strong> para garantizar la continuidad de los tratamientos sin interrupciones.<\/p>\n\n\n\n<p class=\"has-medium-font-size\"><strong>\u201cNo dependemos de autorizaciones externas para disponer de los medicamentos requeridos. Si alguno no llega a tiempo, buscamos soluciones r\u00e1pidamente.<\/strong> Vamos a hacer todo lo posible para que, tras estos seis a\u00f1os, el tratamiento siga funcionando y que la atenci\u00f3n m\u00e9dica no se vea interrumpida\u00bb, afirm\u00f3.<\/p>\n\n\n\n<p class=\"has-medium-font-size\">Destac\u00f3 la colaboraci\u00f3n entre la Secretar\u00eda y diversos sectores, incluidos el privado y organizaciones civiles, para implementar programas que aseguren una atenci\u00f3n m\u00e9dica oportuna y de calidad para quienes requieren este procedimiento m\u00e9dico.&nbsp;<\/p>\n\n\n\n<p class=\"has-medium-font-size\">En la misma sesi\u00f3n, el m\u00e9dico ur\u00f3logo con subespecialidad en <strong>trasplante de ri\u00f1\u00f3n<\/strong>, Dr. Jos\u00e9 Salvador Aburto Morales enfatiz\u00f3 la necesidad de fortalecer las estrategias de educaci\u00f3n y sensibilizaci\u00f3n, como la difusi\u00f3n de materiales informativos; asimismo, subray\u00f3 que se implementar\u00e1n acciones para posicionar a <strong>Veracruz<\/strong> como referente nacional.<\/p>\n\n\n\n<p><\/p>\n\n\n\n<p class=\"has-text-color has-link-color has-medium-font-size wp-elements-cb8e8c1a3ed727172f9f4e9c98a191f4\" style=\"color:#660c0c\"><strong>Tambi\u00e9n te puede interesar.- <\/strong><\/p>\n\n\n\n<p class=\"has-text-color has-link-color has-medium-font-size wp-elements-8c0fba5218001eecaa25aaa8f1d0f26b\" style=\"color:#660c0c\"><strong><a href=\"https:\/\/www.ssaver.gob.mx\/difusion\/2025\/03\/18\/verifica-secretaria-de-salud-atencion-a-usuarios-y-disponibilidad-de-medicinas-en-hospitales\/\" data-type=\"link\" data-id=\"https:\/\/www.ssaver.gob.mx\/difusion\/2025\/03\/18\/verifica-secretaria-de-salud-atencion-a-usuarios-y-disponibilidad-de-medicinas-en-hospitales\/\">Verifica Secretar\u00eda de Salud atenci\u00f3n a usuarios y disponibilidad de medicinas en hospitales<\/a><\/strong><\/p>\n\n\n\n<p class=\"has-text-color has-link-color has-medium-font-size wp-elements-660342f5a2376f500519dbecc927c401\" style=\"color:#660c0c\"><strong><a href=\"https:\/\/www.ssaver.gob.mx\/difusion\/2025\/02\/27\/veracruz-con-tres-hospitales-certificados-para-procuracion-de-organos-y-tejidos\/\" data-type=\"link\" data-id=\"https:\/\/www.ssaver.gob.mx\/difusion\/2025\/02\/27\/veracruz-con-tres-hospitales-certificados-para-procuracion-de-organos-y-tejidos\/\">Veracruz, con tres hospitales certificados para la procuraci\u00f3n de \u00f3rganos y tejidos<\/a><\/strong><\/p>\n\n\n\n<p><\/p>\n\n\n\n<hr class=\"wp-block-separator has-alpha-channel-opacity\" \/>\n\n\n\n<div class=\"blockart-slider blockart-slider-bd97b221\"><div class=\"splide\"><div class=\"splide__track\"><ul class=\"splide__list\">\n<li class=\"blockart-slide blockart-slide-c5c27901 splide__slide\">\n<figure class=\"wp-block-image size-large\"><img loading=\"lazy\" decoding=\"async\" width=\"1024\" height=\"682\" src=\"https:\/\/www.ssaver.gob.mx\/difusion\/wp-content\/uploads\/sites\/23\/2025\/03\/PHOTO-2025-03-24-15-19-18-1024x682.jpg\" alt=\"\" class=\"wp-image-4654\" srcset=\"https:\/\/www.ssaver.gob.mx\/difusion\/wp-content\/uploads\/sites\/23\/2025\/03\/PHOTO-2025-03-24-15-19-18-1024x682.jpg 1024w, https:\/\/www.ssaver.gob.mx\/difusion\/wp-content\/uploads\/sites\/23\/2025\/03\/PHOTO-2025-03-24-15-19-18-300x200.jpg 300w, https:\/\/www.ssaver.gob.mx\/difusion\/wp-content\/uploads\/sites\/23\/2025\/03\/PHOTO-2025-03-24-15-19-18-768x512.jpg 768w, https:\/\/www.ssaver.gob.mx\/difusion\/wp-content\/uploads\/sites\/23\/2025\/03\/PHOTO-2025-03-24-15-19-18.jpg 1280w\" sizes=\"auto, (max-width: 1024px) 100vw, 1024px\" \/><\/figure>\n<\/li>\n\n\n\n<li class=\"blockart-slide blockart-slide-1c68c3df splide__slide\">\n<figure class=\"wp-block-image size-large\"><img loading=\"lazy\" decoding=\"async\" width=\"1024\" height=\"682\" src=\"https:\/\/www.ssaver.gob.mx\/difusion\/wp-content\/uploads\/sites\/23\/2025\/03\/PHOTO-2025-03-24-15-19-18-1-1024x682.jpg\" alt=\"\" class=\"wp-image-4655\" srcset=\"https:\/\/www.ssaver.gob.mx\/difusion\/wp-content\/uploads\/sites\/23\/2025\/03\/PHOTO-2025-03-24-15-19-18-1-1024x682.jpg 1024w, https:\/\/www.ssaver.gob.mx\/difusion\/wp-content\/uploads\/sites\/23\/2025\/03\/PHOTO-2025-03-24-15-19-18-1-300x200.jpg 300w, https:\/\/www.ssaver.gob.mx\/difusion\/wp-content\/uploads\/sites\/23\/2025\/03\/PHOTO-2025-03-24-15-19-18-1-768x512.jpg 768w, https:\/\/www.ssaver.gob.mx\/difusion\/wp-content\/uploads\/sites\/23\/2025\/03\/PHOTO-2025-03-24-15-19-18-1.jpg 1280w\" sizes=\"auto, (max-width: 1024px) 100vw, 1024px\" \/><\/figure>\n<\/li>\n<\/ul><\/div><div class=\"splide__arrows\"><div role=\"button\" class=\"splide__arrow splide__arrow--prev\"><\/div><div role=\"button\" class=\"splide__arrow splide__arrow--next\"><\/div><\/div><\/div><\/div>\n\n\n\n<hr class=\"wp-block-separator has-alpha-channel-opacity\" \/>\n\n\n\n<hr class=\"wp-block-separator has-alpha-channel-opacity\" \/>\n\n\n\n<p><\/p>\n","protected":false},"excerpt":{"rendered":"<p>&#8211; De la mano de expertos e infraestructura adecuada, Veracruz puede desarrollar programas de donaci\u00f3n y trasplante de \u00f3rganos &#8211;<\/p>\n","protected":false},"author":59,"featured_media":4655,"comment_status":"closed","ping_status":"closed","sticky":false,"template":"","format":"standard","meta":{"colormag_page_container_layout":"default_layout","colormag_page_sidebar_layout":"default_layout","footnotes":""},"categories":[119,115],"tags":[750,390,410,389,411,751,412,415,414,413,189,184,368,137],"class_list":["post-4652","post","type-post","status-publish","format-standard","has-post-thumbnail","hentry","category-comunicados","category-general","tag-apoyo-del-director-general","tag-cuando-fue-la-primera-donacion-de-organos","tag-cuando-hacer-trasplantes","tag-cuando-inicio-la-donacion-de-organos","tag-donde-hacen-trasplantes","tag-juan-pablo-uribe-gonzalez","tag-por-que-se-hacen-trasplantes-de-medula","tag-que-son-los-trasplantes","tag-que-son-trasplantes-de-organos","tag-que-son-trasplantes-renales","tag-secretaria-de-salud-de-veracruz","tag-sesver","tag-valenin-herrera-alarcon","tag-xalapa"],"_links":{"self":[{"href":"https:\/\/www.ssaver.gob.mx\/difusion\/wp-json\/wp\/v2\/posts\/4652","targetHints":{"allow":["GET"]}}],"collection":[{"href":"https:\/\/www.ssaver.gob.mx\/difusion\/wp-json\/wp\/v2\/posts"}],"about":[{"href":"https:\/\/www.ssaver.gob.mx\/difusion\/wp-json\/wp\/v2\/types\/post"}],"author":[{"embeddable":true,"href":"https:\/\/www.ssaver.gob.mx\/difusion\/wp-json\/wp\/v2\/users\/59"}],"replies":[{"embeddable":true,"href":"https:\/\/www.ssaver.gob.mx\/difusion\/wp-json\/wp\/v2\/comments?post=4652"}],"version-history":[{"count":4,"href":"https:\/\/www.ssaver.gob.mx\/difusion\/wp-json\/wp\/v2\/posts\/4652\/revisions"}],"predecessor-version":[{"id":4682,"href":"https:\/\/www.ssaver.gob.mx\/difusion\/wp-json\/wp\/v2\/posts\/4652\/revisions\/4682"}],"wp:featuredmedia":[{"embeddable":true,"href":"https:\/\/www.ssaver.gob.mx\/difusion\/wp-json\/wp\/v2\/media\/4655"}],"wp:attachment":[{"href":"https:\/\/www.ssaver.gob.mx\/difusion\/wp-json\/wp\/v2\/media?parent=4652"}],"wp:term":[{"taxonomy":"category","embeddable":true,"href":"https:\/\/www.ssaver.gob.mx\/difusion\/wp-json\/wp\/v2\/categories?post=4652"},{"taxonomy":"post_tag","embeddable":true,"href":"https:\/\/www.ssaver.gob.mx\/difusion\/wp-json\/wp\/v2\/tags?post=4652"}],"curies":[{"name":"wp","href":"https:\/\/api.w.org\/{rel}","templated":true}]}}