{"id":4659,"date":"2025-03-24T19:55:45","date_gmt":"2025-03-25T01:55:45","guid":{"rendered":"https:\/\/www.ssaver.gob.mx\/difusion\/?p=4659"},"modified":"2025-09-11T13:48:47","modified_gmt":"2025-09-11T18:48:47","slug":"llama-secretaria-de-salud-a-prevenir-la-tuberculosis-garantiza-abasto-de-vacunas-bcg","status":"publish","type":"post","link":"https:\/\/www.ssaver.gob.mx\/difusion\/2025\/03\/24\/llama-secretaria-de-salud-a-prevenir-la-tuberculosis-garantiza-abasto-de-vacunas-bcg\/","title":{"rendered":"Llama Secretar\u00eda de Salud a prevenir la tuberculosis, garantiza abasto de vacunas BCG"},"content":{"rendered":"\n<p><\/p>\n\n\n\n<p class=\"blockart-paragraph blockart-paragraph-c8f76348\"><strong><strong><strong>Llama Secretar\u00eda de Salud a prevenir la tuberculosis, garantiza abasto de vacunas BCG<\/strong><\/strong><\/strong><br><\/p>\n\n\n\n<p class=\"has-medium-font-size\">&#8211; Fortalece programas para su prevenci\u00f3n y control a trav\u00e9s de sus 11 jurisdicciones<\/p>\n\n\n\n<p><\/p>\n\n\n\n<p class=\"has-medium-font-size\">Xalapa, Ver., lunes 24 de marzo de 2025.- <strong>En el D\u00eda Mundial de la Tuberculosis, la Secretar\u00eda de Salud reitera el llamado a la ciudadan\u00eda para prevenir esta enfermedad y acudir a las unidades m\u00e9dicas en caso de presentar alguno de sus s\u00edntomas.<\/strong><\/p>\n\n\n\n<p class=\"has-medium-font-size\"><strong>A trav\u00e9s de las 11 jurisdicciones sanitarias, refuerza el Programa de Acci\u00f3n de Prevenci\u00f3n y Control de la Tuberculosis y mantiene una campa\u00f1a permanente para la aplicaci\u00f3n de la vacuna Bacilo de Calmette-Gu\u00e9rin (BCG) a reci\u00e9n nacidos, en caso de no haber sido aplicada, puede administrarse hasta los 15 a\u00f1os.<\/strong><\/p>\n\n\n\n<p class=\"has-medium-font-size\">Rebeca Morales Toledo, m\u00e9dica adscrita a la Jurisdicci\u00f3n Sanitaria V, inform\u00f3 que el tratamiento est\u00e1 disponible de manera gratuita. \u201cEs importante concientizar a la poblaci\u00f3n sobre la vacuna, que es gratuita y siempre hay abasto en las unidades de salud\u201d, destac\u00f3.<\/p>\n\n\n\n<p class=\"has-medium-font-size\"><strong>La tuberculosis es una enfermedad infecciosa causada por la bacteria Mycobacterium tuberculosis o Bacilo de Koch, que puede afectar principalmente los pulmones y la pleura y otros \u00f3rganos como el cerebro, los ri\u00f1ones y los huesos<\/strong>. Tambi\u00e9n puede presentarse de manera sist\u00e9mica, comprometiendo dos o m\u00e1s a la vez.<\/p>\n\n\n\n<p class=\"has-medium-font-size\"><strong>El contagio<\/strong> ocurre a trav\u00e9s de las got\u00edculas de Fl\u00fcgge, que se dispersan al estornudar o toser, quedando suspendidas en el aire y siendo inhaladas por otras personas.<\/p>\n\n\n\n<p class=\"has-medium-font-size\"><strong>Las primeras manifestaciones<\/strong> incluyen tos prolongada por m\u00e1s de dos semanas, p\u00e9rdida de peso y fiebre sin causa aparente. Conforme avanza, los s\u00edntomas pueden evolucionar a dolor tor\u00e1cico, sudoraci\u00f3n nocturna y, en casos graves, tos con flema y sangre.<\/p>\n\n\n\n<p class=\"has-medium-font-size\">En caso de sospecha de la enfermedad, es fundamental acudir de inmediato al <strong>centro de salud o unidad m\u00e9dica<\/strong> m\u00e1s cercana. La falta de tratamiento oportuno puede generar da\u00f1os pulmonares severos.<\/p>\n\n\n\n<p class=\"has-medium-font-size\">\u00abAnte estos s\u00edntomas, que al principio pueden parecer leves, no hay que automedicarse, un diagn\u00f3stico oportuno es clave para evitar consecuencias mayores\u201d, enfatiz\u00f3 la especialista.<\/p>\n\n\n\n<p class=\"has-medium-font-size\"><strong>La dependencia reitera el llamado a las y los veracruzanos para que acudan a su centro de salud y completen sus esquemas de vacunaci\u00f3n<\/strong>, adem\u00e1s pueden consultar informaci\u00f3n verificada en: <a href=\"https:\/\/www.ssaver.gob.mx\/\">www.ssaver.gob.mx<\/a>, y las redes sociales de la dependencia.<\/p>\n\n\n\n<hr class=\"wp-block-separator has-alpha-channel-opacity\" \/>\n\n\n\n<p class=\"has-text-color has-link-color has-medium-font-size wp-elements-cb8e8c1a3ed727172f9f4e9c98a191f4\" style=\"color:#660c0c\"><strong>Tambi\u00e9n te puede interesar.- <\/strong><\/p>\n\n\n\n<p class=\"has-text-color has-link-color has-medium-font-size wp-elements-222c01eee29549180e8270021ec00ec5\" style=\"color:#660c0c\"><strong><a href=\"https:\/\/www.ssaver.gob.mx\/difusion\/2025\/03\/24\/fortalecen-la-donacion-de-organos-para-consolidar-a-veracruz-en-trasplantes\/\" data-type=\"link\" data-id=\"https:\/\/www.ssaver.gob.mx\/difusion\/2025\/03\/24\/fortalecen-la-donacion-de-organos-para-consolidar-a-veracruz-en-trasplantes\/\">Fortalecen la donaci\u00f3n de \u00f3rganos para consolidar a Veracruz en trasplantes<\/a><\/strong><\/p>\n\n\n\n<p class=\"has-text-color has-link-color has-medium-font-size wp-elements-a0f2870be7b0c5f44055c6b874589e88\" style=\"color:#660c0c\"><strong><a href=\"https:\/\/www.ssaver.gob.mx\/difusion\/2025\/03\/18\/del-26-de-abril-al-03-de-mayo-veracruz-se-suma-a-la-jornada-nacional-para-prevenir-sarampion-y-tosferina\/\" data-type=\"link\" data-id=\"https:\/\/www.ssaver.gob.mx\/difusion\/2025\/03\/18\/del-26-de-abril-al-03-de-mayo-veracruz-se-suma-a-la-jornada-nacional-para-prevenir-sarampion-y-tosferina\/\">Del 26 de abril al 03 de mayo, Veracruz se suma a la jornada nacional para prevenir sarampi\u00f3n y tosferina<\/a><\/strong><\/p>\n\n\n\n<hr class=\"wp-block-separator has-alpha-channel-opacity\" \/>\n\n\n\n<div class=\"blockart-slider blockart-slider-efc92d86\"><div class=\"splide\"><div class=\"splide__track\"><ul class=\"splide__list\">\n<li class=\"blockart-slide blockart-slide-65f091de splide__slide\">\n<figure class=\"wp-block-image size-large\"><img loading=\"lazy\" decoding=\"async\" width=\"1024\" height=\"683\" src=\"https:\/\/www.ssaver.gob.mx\/difusion\/wp-content\/uploads\/sites\/23\/2025\/03\/PHOTO-2025-03-24-18-21-13-1-1024x683.jpg\" alt=\"\" class=\"wp-image-4662\" srcset=\"https:\/\/www.ssaver.gob.mx\/difusion\/wp-content\/uploads\/sites\/23\/2025\/03\/PHOTO-2025-03-24-18-21-13-1-1024x683.jpg 1024w, https:\/\/www.ssaver.gob.mx\/difusion\/wp-content\/uploads\/sites\/23\/2025\/03\/PHOTO-2025-03-24-18-21-13-1-300x200.jpg 300w, https:\/\/www.ssaver.gob.mx\/difusion\/wp-content\/uploads\/sites\/23\/2025\/03\/PHOTO-2025-03-24-18-21-13-1-768x512.jpg 768w, https:\/\/www.ssaver.gob.mx\/difusion\/wp-content\/uploads\/sites\/23\/2025\/03\/PHOTO-2025-03-24-18-21-13-1-1536x1024.jpg 1536w, https:\/\/www.ssaver.gob.mx\/difusion\/wp-content\/uploads\/sites\/23\/2025\/03\/PHOTO-2025-03-24-18-21-13-1.jpg 1600w\" sizes=\"auto, (max-width: 1024px) 100vw, 1024px\" \/><figcaption class=\"wp-element-caption\">Rebeca Morales Toledo, m\u00e9dica adscrita a la Jurisdicci\u00f3n Sanitaria V, inform\u00f3 que el tratamiento est\u00e1 disponible de manera gratuita. Foto: Jorge Serratos \/ Secretar\u00eda de Salud.<\/figcaption><\/figure>\n<\/li>\n\n\n\n<li class=\"blockart-slide blockart-slide-f8e53f41 splide__slide\">\n<figure class=\"wp-block-image size-large\"><img loading=\"lazy\" decoding=\"async\" width=\"1024\" height=\"683\" src=\"https:\/\/www.ssaver.gob.mx\/difusion\/wp-content\/uploads\/sites\/23\/2025\/03\/PHOTO-2025-03-24-18-21-13-2-1024x683.jpg\" alt=\"\" class=\"wp-image-4663\" srcset=\"https:\/\/www.ssaver.gob.mx\/difusion\/wp-content\/uploads\/sites\/23\/2025\/03\/PHOTO-2025-03-24-18-21-13-2-1024x683.jpg 1024w, https:\/\/www.ssaver.gob.mx\/difusion\/wp-content\/uploads\/sites\/23\/2025\/03\/PHOTO-2025-03-24-18-21-13-2-300x200.jpg 300w, https:\/\/www.ssaver.gob.mx\/difusion\/wp-content\/uploads\/sites\/23\/2025\/03\/PHOTO-2025-03-24-18-21-13-2-768x512.jpg 768w, https:\/\/www.ssaver.gob.mx\/difusion\/wp-content\/uploads\/sites\/23\/2025\/03\/PHOTO-2025-03-24-18-21-13-2-1536x1024.jpg 1536w, https:\/\/www.ssaver.gob.mx\/difusion\/wp-content\/uploads\/sites\/23\/2025\/03\/PHOTO-2025-03-24-18-21-13-2.jpg 1600w\" sizes=\"auto, (max-width: 1024px) 100vw, 1024px\" \/><figcaption class=\"wp-element-caption\">Rebeca Morales Toledo, m\u00e9dica adscrita a la Jurisdicci\u00f3n Sanitaria V inform\u00f3 que la uberculosis es una enfermedad infecciosa causada por la bacteria Mycobacterium tuberculosis o Bacilo de Koch, que puede afectar principalmente los pulmones y la pleura y otros \u00f3rganos como el cerebro, los ri\u00f1ones y los huesos. Foto: Jorge: Serratos \/ Secretar\u00eda de Salud.<\/figcaption><\/figure>\n<\/li>\n\n\n\n<li class=\"blockart-slide blockart-slide-7fb1b429 splide__slide\">\n<figure class=\"wp-block-image size-large\"><img loading=\"lazy\" decoding=\"async\" width=\"1024\" height=\"683\" src=\"https:\/\/www.ssaver.gob.mx\/difusion\/wp-content\/uploads\/sites\/23\/2025\/03\/PHOTO-2025-03-24-18-21-13-1024x683.jpg\" alt=\"\" class=\"wp-image-4664\" srcset=\"https:\/\/www.ssaver.gob.mx\/difusion\/wp-content\/uploads\/sites\/23\/2025\/03\/PHOTO-2025-03-24-18-21-13-1024x683.jpg 1024w, https:\/\/www.ssaver.gob.mx\/difusion\/wp-content\/uploads\/sites\/23\/2025\/03\/PHOTO-2025-03-24-18-21-13-300x200.jpg 300w, https:\/\/www.ssaver.gob.mx\/difusion\/wp-content\/uploads\/sites\/23\/2025\/03\/PHOTO-2025-03-24-18-21-13-768x512.jpg 768w, https:\/\/www.ssaver.gob.mx\/difusion\/wp-content\/uploads\/sites\/23\/2025\/03\/PHOTO-2025-03-24-18-21-13-1536x1024.jpg 1536w, https:\/\/www.ssaver.gob.mx\/difusion\/wp-content\/uploads\/sites\/23\/2025\/03\/PHOTO-2025-03-24-18-21-13.jpg 1600w\" sizes=\"auto, (max-width: 1024px) 100vw, 1024px\" \/><figcaption class=\"wp-element-caption\">En el D\u00eda Mundial de la Tuberculosis, la Secretar\u00eda de Salud reitera el llamado a la ciudadan\u00eda para prevenir esta enfermedad y acudir a las unidades m\u00e9dicas en caso de presentar alguno de sus s\u00edntomas, extern\u00f3 Rebeca Morales Toledo, m\u00e9dica adscrita a la Jurisdicci\u00f3n Sanitaria V. Foto: Jorge Serratos \/ Secretar\u00eda de Salud.<\/figcaption><\/figure>\n<\/li>\n<\/ul><\/div><div class=\"splide__arrows\"><div role=\"button\" class=\"splide__arrow splide__arrow--prev\"><\/div><div role=\"button\" class=\"splide__arrow splide__arrow--next\"><\/div><\/div><\/div><\/div>\n","protected":false},"excerpt":{"rendered":"<p>&#8211; Fortalece programas para su prevenci\u00f3n y control a trav\u00e9s de sus 11 jurisdicciones Xalapa, Ver., lunes 24 de marzo<\/p>\n","protected":false},"author":59,"featured_media":4662,"comment_status":"closed","ping_status":"closed","sticky":false,"template":"","format":"standard","meta":{"colormag_page_container_layout":"default_layout","colormag_page_sidebar_layout":"default_layout","footnotes":""},"categories":[119,115],"tags":[750,751,141,189,184,409,401,402,400,404,405,406,407,396,397,398,399,191,142,403],"class_list":["post-4659","post","type-post","status-publish","format-standard","has-post-thumbnail","hentry","category-comunicados","category-general","tag-apoyo-del-director-general","tag-juan-pablo-uribe-gonzalez","tag-salud","tag-secretaria-de-salud-de-veracruz","tag-sesver","tag-tuberculosis","tag-tuberculosis-a-nivel-mundial","tag-tuberculosis-a-que-edad-se-contagia","tag-tuberculosis-a-que-se-debe","tag-tuberculosis-cual-es-el-tratamiento","tag-tuberculosis-cual-es-la-bacteria","tag-tuberculosis-cual-es-la-causa","tag-tuberculosis-cuando-se-descubrio-la-cura","tag-tuberculosis-sin-contagio","tag-tuberculosis-sin-flema","tag-tuberculosis-sin-tos","tag-tuberculosis-son-sintomas","tag-valentin-herrera-alarcon","tag-veracruz","tag-your-tuberculosis"],"_links":{"self":[{"href":"https:\/\/www.ssaver.gob.mx\/difusion\/wp-json\/wp\/v2\/posts\/4659","targetHints":{"allow":["GET"]}}],"collection":[{"href":"https:\/\/www.ssaver.gob.mx\/difusion\/wp-json\/wp\/v2\/posts"}],"about":[{"href":"https:\/\/www.ssaver.gob.mx\/difusion\/wp-json\/wp\/v2\/types\/post"}],"author":[{"embeddable":true,"href":"https:\/\/www.ssaver.gob.mx\/difusion\/wp-json\/wp\/v2\/users\/59"}],"replies":[{"embeddable":true,"href":"https:\/\/www.ssaver.gob.mx\/difusion\/wp-json\/wp\/v2\/comments?post=4659"}],"version-history":[{"count":7,"href":"https:\/\/www.ssaver.gob.mx\/difusion\/wp-json\/wp\/v2\/posts\/4659\/revisions"}],"predecessor-version":[{"id":4701,"href":"https:\/\/www.ssaver.gob.mx\/difusion\/wp-json\/wp\/v2\/posts\/4659\/revisions\/4701"}],"wp:featuredmedia":[{"embeddable":true,"href":"https:\/\/www.ssaver.gob.mx\/difusion\/wp-json\/wp\/v2\/media\/4662"}],"wp:attachment":[{"href":"https:\/\/www.ssaver.gob.mx\/difusion\/wp-json\/wp\/v2\/media?parent=4659"}],"wp:term":[{"taxonomy":"category","embeddable":true,"href":"https:\/\/www.ssaver.gob.mx\/difusion\/wp-json\/wp\/v2\/categories?post=4659"},{"taxonomy":"post_tag","embeddable":true,"href":"https:\/\/www.ssaver.gob.mx\/difusion\/wp-json\/wp\/v2\/tags?post=4659"}],"curies":[{"name":"wp","href":"https:\/\/api.w.org\/{rel}","templated":true}]}}