{"id":4700,"date":"2025-03-27T16:42:39","date_gmt":"2025-03-27T22:42:39","guid":{"rendered":"https:\/\/www.ssaver.gob.mx\/difusion\/?p=4700"},"modified":"2025-09-11T13:48:31","modified_gmt":"2025-09-11T18:48:31","slug":"salud-y-colegio-de-notarios-abordan-retos-juridicos-sobre-voluntad-anticipada","status":"publish","type":"post","link":"https:\/\/www.ssaver.gob.mx\/difusion\/2025\/03\/27\/salud-y-colegio-de-notarios-abordan-retos-juridicos-sobre-voluntad-anticipada\/","title":{"rendered":"Salud y Colegio de Notarios abordan retos jur\u00eddicos sobre voluntad anticipada"},"content":{"rendered":"\n<p class=\"blockart-paragraph blockart-paragraph-4fd714da\"><strong>Salud y Colegio de Notarios abordan retos jur\u00eddicos sobre voluntad anticipada<\/strong><br><\/p>\n\n\n\n<p class=\"has-medium-font-size\">&#8211; Destacan la importancia de garantizar la dignidad y el derecho de pacientes<\/p>\n\n\n\n<p><\/p>\n\n\n\n<p class=\"has-medium-font-size\">Xalapa, Ver., jueves 27 de marzo de 2025.- <strong>La Secretar\u00eda de Salud (SS) y el Colegio de Notarios del Estado de Veracruz, impartieron el taller de capacitaci\u00f3n Voluntad Anticipada: An\u00e1lisis de la Legislaci\u00f3n Vigente en Veracruz con el objetivo de fortalecer el conocimiento sobre los derechos y decisiones al final de la vida.<\/strong><\/p>\n\n\n\n<p class=\"has-medium-font-size\">Durante la inauguraci\u00f3n<strong>, el director jur\u00eddico de la dependencia, Sergio Mondrag\u00f3n, <\/strong>destac\u00f3 la importancia de abordar este tema desde una perspectiva de derechos humanos, garantizando la dignidad y autonom\u00eda de las personas en situaciones de fin de vida.<\/p>\n\n\n\n<p class=\"has-medium-font-size\">\u201cEste taller permite <strong>profundizar en el marco legal vigente y comprender sus implicaciones jur\u00eddicas<\/strong> para una correcta aplicaci\u00f3n en el \u00e1mbito de la <strong>salud<\/strong>\u201d, subray\u00f3.<\/p>\n\n\n\n<p class=\"has-medium-font-size\">En su intervenci\u00f3n, el especialista en voluntad anticipada, <strong>Miguel \u00c1ngel Mange<\/strong>, explic\u00f3 los alcances de la <strong>legislaci\u00f3n vigente en Veracruz y c\u00f3mo protege los derechos de los pacientes en la toma de decisiones sobre su atenci\u00f3n m\u00e9dica<\/strong>.<\/p>\n\n\n\n<p class=\"has-medium-font-size\">Por su parte, <strong>el vocal de Proyectos Legislativos del Colegio de Notarios del Estado de Veracruz<\/strong>, <strong>\u00c1ngel Ram\u00edrez Bret\u00f3n<\/strong> comparti\u00f3 un an\u00e1lisis sobre el impacto de la voluntad anticipada en la pr\u00e1ctica notarial y su relevancia en la seguridad jur\u00eddica de los ciudadanos.<\/p>\n\n\n\n<p><\/p>\n\n\n\n<hr class=\"wp-block-separator has-alpha-channel-opacity\" \/>\n\n\n\n<p class=\"has-text-color has-link-color has-medium-font-size wp-elements-cb8e8c1a3ed727172f9f4e9c98a191f4\" style=\"color:#660c0c\"><strong>Tambi\u00e9n te puede interesar.- <\/strong><\/p>\n\n\n\n<p class=\"has-text-color has-link-color has-medium-font-size wp-elements-4aecd5c066dabe5d84ed6991871cc00c\" style=\"color:#660c0c\"><strong><a href=\"https:\/\/www.ssaver.gob.mx\/difusion\/2025\/03\/24\/veracruz-fortalece-realizacion-de-trasplantes\/\" data-type=\"link\" data-id=\"https:\/\/www.ssaver.gob.mx\/difusion\/2025\/03\/24\/veracruz-fortalece-realizacion-de-trasplantes\/\">Veracruz fortalece realizaci\u00f3n de trasplantes<\/a><\/strong><\/p>\n\n\n\n<p class=\"has-text-color has-link-color has-medium-font-size wp-elements-33ebfc1daa417193dccd0ea85a95505a\" style=\"color:#660c0c\"><strong><a href=\"https:\/\/www.ssaver.gob.mx\/difusion\/2025\/03\/24\/llama-secretaria-de-salud-a-prevenir-la-tuberculosis-garantiza-abasto-de-vacunas-bcg\/\" data-type=\"link\" data-id=\"https:\/\/www.ssaver.gob.mx\/difusion\/2025\/03\/24\/llama-secretaria-de-salud-a-prevenir-la-tuberculosis-garantiza-abasto-de-vacunas-bcg\/\">Llama Secretar\u00eda de Salud a prevenir la tuberculosis, garantiza abasto de vacunas BCG<\/a><\/strong><\/p>\n\n\n\n<hr class=\"wp-block-separator has-alpha-channel-opacity\" \/>\n\n\n\n<div class=\"blockart-slider blockart-slider-30e14a4a\"><div class=\"splide\"><div class=\"splide__track\"><ul class=\"splide__list\">\n<li class=\"blockart-slide blockart-slide-b01d669b splide__slide\">\n<figure class=\"wp-block-image size-large\"><img loading=\"lazy\" decoding=\"async\" width=\"1024\" height=\"689\" src=\"https:\/\/www.ssaver.gob.mx\/difusion\/wp-content\/uploads\/sites\/23\/2025\/03\/PHOTO-2025-03-27-16-11-24-2-1024x689.jpg\" alt=\"\" class=\"wp-image-4702\" srcset=\"https:\/\/www.ssaver.gob.mx\/difusion\/wp-content\/uploads\/sites\/23\/2025\/03\/PHOTO-2025-03-27-16-11-24-2-1024x689.jpg 1024w, https:\/\/www.ssaver.gob.mx\/difusion\/wp-content\/uploads\/sites\/23\/2025\/03\/PHOTO-2025-03-27-16-11-24-2-300x202.jpg 300w, https:\/\/www.ssaver.gob.mx\/difusion\/wp-content\/uploads\/sites\/23\/2025\/03\/PHOTO-2025-03-27-16-11-24-2-768x516.jpg 768w, https:\/\/www.ssaver.gob.mx\/difusion\/wp-content\/uploads\/sites\/23\/2025\/03\/PHOTO-2025-03-27-16-11-24-2-1536x1033.jpg 1536w, https:\/\/www.ssaver.gob.mx\/difusion\/wp-content\/uploads\/sites\/23\/2025\/03\/PHOTO-2025-03-27-16-11-24-2.jpg 1600w\" sizes=\"auto, (max-width: 1024px) 100vw, 1024px\" \/><figcaption class=\"wp-element-caption\"> La Secretar\u00eda de Salud y el Colegio de Notarios del Estado de Veracruz, impartieron el taller de capacitaci\u00f3n Voluntad Anticipada: An\u00e1lisis de la Legislaci\u00f3n Vigente en Veracruz. Foto: Marco Antonio \/ Secretar\u00eda de Salud.<\/figcaption><\/figure>\n<\/li>\n\n\n\n<li class=\"blockart-slide blockart-slide-17524121 splide__slide\">\n<figure class=\"wp-block-image size-large\"><img loading=\"lazy\" decoding=\"async\" width=\"1024\" height=\"692\" src=\"https:\/\/www.ssaver.gob.mx\/difusion\/wp-content\/uploads\/sites\/23\/2025\/03\/PHOTO-2025-03-27-16-11-24-3-1024x692.jpg\" alt=\"\" class=\"wp-image-4703\" srcset=\"https:\/\/www.ssaver.gob.mx\/difusion\/wp-content\/uploads\/sites\/23\/2025\/03\/PHOTO-2025-03-27-16-11-24-3-1024x692.jpg 1024w, https:\/\/www.ssaver.gob.mx\/difusion\/wp-content\/uploads\/sites\/23\/2025\/03\/PHOTO-2025-03-27-16-11-24-3-300x203.jpg 300w, https:\/\/www.ssaver.gob.mx\/difusion\/wp-content\/uploads\/sites\/23\/2025\/03\/PHOTO-2025-03-27-16-11-24-3-768x519.jpg 768w, https:\/\/www.ssaver.gob.mx\/difusion\/wp-content\/uploads\/sites\/23\/2025\/03\/PHOTO-2025-03-27-16-11-24-3-1536x1038.jpg 1536w, https:\/\/www.ssaver.gob.mx\/difusion\/wp-content\/uploads\/sites\/23\/2025\/03\/PHOTO-2025-03-27-16-11-24-3.jpg 1600w\" sizes=\"auto, (max-width: 1024px) 100vw, 1024px\" \/><figcaption class=\"wp-element-caption\">Profesionistas del Sector Salud y notarios del Estado estacan la importancia de garantizar la dignidad y el derecho de pacientes. Foto: Marco Antonio \/ Secretar\u00eda de Salud.<\/figcaption><\/figure>\n<\/li>\n\n\n\n<li class=\"blockart-slide blockart-slide-9d28ffa0 splide__slide\">\n<figure class=\"wp-block-image size-large\"><img loading=\"lazy\" decoding=\"async\" width=\"1024\" height=\"601\" src=\"https:\/\/www.ssaver.gob.mx\/difusion\/wp-content\/uploads\/sites\/23\/2025\/03\/PHOTO-2025-03-27-16-11-24-1024x601.jpg\" alt=\"\" class=\"wp-image-4704\" srcset=\"https:\/\/www.ssaver.gob.mx\/difusion\/wp-content\/uploads\/sites\/23\/2025\/03\/PHOTO-2025-03-27-16-11-24-1024x601.jpg 1024w, https:\/\/www.ssaver.gob.mx\/difusion\/wp-content\/uploads\/sites\/23\/2025\/03\/PHOTO-2025-03-27-16-11-24-300x176.jpg 300w, https:\/\/www.ssaver.gob.mx\/difusion\/wp-content\/uploads\/sites\/23\/2025\/03\/PHOTO-2025-03-27-16-11-24-768x451.jpg 768w, https:\/\/www.ssaver.gob.mx\/difusion\/wp-content\/uploads\/sites\/23\/2025\/03\/PHOTO-2025-03-27-16-11-24-1536x901.jpg 1536w, https:\/\/www.ssaver.gob.mx\/difusion\/wp-content\/uploads\/sites\/23\/2025\/03\/PHOTO-2025-03-27-16-11-24-2048x1202.jpg 2048w\" sizes=\"auto, (max-width: 1024px) 100vw, 1024px\" \/><figcaption class=\"wp-element-caption\"> Durante la inauguraci\u00f3n, el director jur\u00eddico de la dependencia, Sergio Mondrag\u00f3n, destac\u00f3 la importancia de abordar este tema desde una perspectiva de derechos humanos, garantizando la dignidad y autonom\u00eda de las personas en situaciones de fin de vida. Foto: Marco Antonio \/ Secretar\u00eda de Salud.<\/figcaption><\/figure>\n<\/li>\n\n\n\n<li class=\"blockart-slide blockart-slide-557e4f9b splide__slide\">\n<figure class=\"wp-block-image size-large\"><img loading=\"lazy\" decoding=\"async\" width=\"1024\" height=\"692\" src=\"https:\/\/www.ssaver.gob.mx\/difusion\/wp-content\/uploads\/sites\/23\/2025\/03\/PHOTO-2025-03-27-16-11-25-1024x692.jpg\" alt=\"\" class=\"wp-image-4705\" srcset=\"https:\/\/www.ssaver.gob.mx\/difusion\/wp-content\/uploads\/sites\/23\/2025\/03\/PHOTO-2025-03-27-16-11-25-1024x692.jpg 1024w, https:\/\/www.ssaver.gob.mx\/difusion\/wp-content\/uploads\/sites\/23\/2025\/03\/PHOTO-2025-03-27-16-11-25-300x203.jpg 300w, https:\/\/www.ssaver.gob.mx\/difusion\/wp-content\/uploads\/sites\/23\/2025\/03\/PHOTO-2025-03-27-16-11-25-768x519.jpg 768w, https:\/\/www.ssaver.gob.mx\/difusion\/wp-content\/uploads\/sites\/23\/2025\/03\/PHOTO-2025-03-27-16-11-25-1536x1039.jpg 1536w, https:\/\/www.ssaver.gob.mx\/difusion\/wp-content\/uploads\/sites\/23\/2025\/03\/PHOTO-2025-03-27-16-11-25.jpg 1600w\" sizes=\"auto, (max-width: 1024px) 100vw, 1024px\" \/><figcaption class=\"wp-element-caption\">Este taller permiti\u00f3 profundizar diversos \u00e1ngulos en el marco legal vigente y comprender sus implicaciones jur\u00eddicas para una correcta aplicaci\u00f3n en el \u00e1mbito de la salud. Foto: Marco Antonio \/ Secretar\u00eda de Salud.<\/figcaption><\/figure>\n<\/li>\n<\/ul><\/div><div class=\"splide__arrows\"><div role=\"button\" class=\"splide__arrow splide__arrow--prev\"><\/div><div role=\"button\" class=\"splide__arrow splide__arrow--next\"><\/div><\/div><\/div><\/div>\n","protected":false},"excerpt":{"rendered":"<p>&#8211; Destacan la importancia de garantizar la dignidad y el derecho de pacientes Xalapa, Ver., jueves 27 de marzo de<\/p>\n","protected":false},"author":59,"featured_media":4705,"comment_status":"closed","ping_status":"closed","sticky":false,"template":"","format":"standard","meta":{"colormag_page_container_layout":"default_layout","colormag_page_sidebar_layout":"default_layout","footnotes":""},"categories":[119,115],"tags":[750,426,432,751,430,428,429,141,189,184,427,191,142,431,137],"class_list":["post-4700","post","type-post","status-publish","format-standard","has-post-thumbnail","hentry","category-comunicados","category-general","tag-apoyo-del-director-general","tag-como-se-hace-la-voluntad-anticipada","tag-diferencia-entre-voluntad-anticipada-y-eutanasia","tag-juan-pablo-uribe-gonzalez","tag-ley-de-voluntad-para-veracruz","tag-que-es-la-ley-de-la-voluntad-anticipada","tag-que-es-la-voluntad-anticipada-en-mexico","tag-salud","tag-secretaria-de-salud-de-veracruz","tag-sesver","tag-son-diferencias-entre-voluntad-anticipada-y-eutanasia","tag-valentin-herrera-alarcon","tag-veracruz","tag-voluntad-anticipada-y-eutanasia","tag-xalapa"],"_links":{"self":[{"href":"https:\/\/www.ssaver.gob.mx\/difusion\/wp-json\/wp\/v2\/posts\/4700","targetHints":{"allow":["GET"]}}],"collection":[{"href":"https:\/\/www.ssaver.gob.mx\/difusion\/wp-json\/wp\/v2\/posts"}],"about":[{"href":"https:\/\/www.ssaver.gob.mx\/difusion\/wp-json\/wp\/v2\/types\/post"}],"author":[{"embeddable":true,"href":"https:\/\/www.ssaver.gob.mx\/difusion\/wp-json\/wp\/v2\/users\/59"}],"replies":[{"embeddable":true,"href":"https:\/\/www.ssaver.gob.mx\/difusion\/wp-json\/wp\/v2\/comments?post=4700"}],"version-history":[{"count":3,"href":"https:\/\/www.ssaver.gob.mx\/difusion\/wp-json\/wp\/v2\/posts\/4700\/revisions"}],"predecessor-version":[{"id":4714,"href":"https:\/\/www.ssaver.gob.mx\/difusion\/wp-json\/wp\/v2\/posts\/4700\/revisions\/4714"}],"wp:featuredmedia":[{"embeddable":true,"href":"https:\/\/www.ssaver.gob.mx\/difusion\/wp-json\/wp\/v2\/media\/4705"}],"wp:attachment":[{"href":"https:\/\/www.ssaver.gob.mx\/difusion\/wp-json\/wp\/v2\/media?parent=4700"}],"wp:term":[{"taxonomy":"category","embeddable":true,"href":"https:\/\/www.ssaver.gob.mx\/difusion\/wp-json\/wp\/v2\/categories?post=4700"},{"taxonomy":"post_tag","embeddable":true,"href":"https:\/\/www.ssaver.gob.mx\/difusion\/wp-json\/wp\/v2\/tags?post=4700"}],"curies":[{"name":"wp","href":"https:\/\/api.w.org\/{rel}","templated":true}]}}