{"id":4709,"date":"2025-03-27T17:33:01","date_gmt":"2025-03-27T23:33:01","guid":{"rendered":"https:\/\/www.ssaver.gob.mx\/difusion\/?p=4709"},"modified":"2025-09-11T13:48:26","modified_gmt":"2025-09-11T18:48:26","slug":"cancer-cervicouterino-enfermedad-prevenible-con-vacuna-y-deteccion-a-tiempo","status":"publish","type":"post","link":"https:\/\/www.ssaver.gob.mx\/difusion\/2025\/03\/27\/cancer-cervicouterino-enfermedad-prevenible-con-vacuna-y-deteccion-a-tiempo\/","title":{"rendered":"C\u00e1ncer cervicouterino: enfermedad prevenible con vacuna y detecci\u00f3n a tiempo"},"content":{"rendered":"\n<p class=\"blockart-paragraph blockart-paragraph-737114a7\"><strong>C\u00e1ncer cervicouterino: enfermedad prevenible con vacuna y detecci\u00f3n a tiempo<\/strong><br><\/p>\n\n\n\n<p class=\"has-medium-font-size\">-Todas las unidades de salud cuentan con vacuna contra el VPH para ni\u00f1as de 11 a 14 a\u00f1os<\/p>\n\n\n\n<p><\/p>\n\n\n\n<p class=\"has-medium-font-size\">Xalapa, Ver., jueves 27 de marzo de 2025.- <strong>La Secretar\u00eda de Salud intensifica acciones para la prevenci\u00f3n y atenci\u00f3n del c\u00e1ncer cervicouterino, una enfermedad 100 por ciento prevenible si se detecta a tiempo.\u00a0<\/strong><\/p>\n\n\n\n<p class=\"has-medium-font-size\">Como parte de la estrategia, <strong>todas las unidades m\u00e9dicas cuentan con la vacuna contra el Virus del Papiloma Humano (VPH), principal causante de esta enfermedad<\/strong>. Este biol\u00f3gico se aplica a ni\u00f1as de entre 11 y 14 a\u00f1os para reducir el riesgo de contagio.\u00a0<\/p>\n\n\n\n<p class=\"has-medium-font-size\">Adem\u00e1s, la detecci\u00f3n oportuna es clave, <strong>la ginec\u00f3loga onc\u00f3loga del Centro Estatal de Cancerolog\u00eda (CECAN), Dr. Miguel Dorantes Mesa, Asucena Irais Mendoza Huerta, destac\u00f3 la importancia de realizarse la prueba de Papanicolaou a partir de los 21 a\u00f1os o tras el inicio de la vida sexual<\/strong>, pues permite identificar lesiones precancerosas a tiempo.\u00a0<\/p>\n\n\n\n<p class=\"has-medium-font-size\">\u201cTener m\u00faltiples parejas sexuales y el estado de inmunodepresi\u00f3n aumentan el riesgo de contraer VPH. Si no se detecta a tiempo, puede derivar en c\u00e1ncer cervicouterino\u201d, advirti\u00f3.&nbsp;<\/p>\n\n\n\n<p class=\"has-medium-font-size\"><strong>Durante 2024, el CECAN atendi\u00f3 a 300 pacientes diagnosticadas en etapas avanzadas<\/strong>, lo que complica el tratamiento con quimioterapia o radioterapia y requiere apoyo psicol\u00f3gico.\u00a0<\/p>\n\n\n\n<hr class=\"wp-block-separator has-alpha-channel-opacity\" \/>\n\n\n\n<p class=\"has-text-color has-link-color has-medium-font-size wp-elements-cb8e8c1a3ed727172f9f4e9c98a191f4\" style=\"color:#660c0c\"><strong>Tambi\u00e9n te puede interesar.- <\/strong><\/p>\n\n\n\n<p class=\"has-text-color has-link-color has-medium-font-size wp-elements-8c0fba5218001eecaa25aaa8f1d0f26b\" style=\"color:#660c0c\"><strong><a href=\"https:\/\/www.ssaver.gob.mx\/difusion\/2025\/03\/18\/verifica-secretaria-de-salud-atencion-a-usuarios-y-disponibilidad-de-medicinas-en-hospitales\/\" data-type=\"link\" data-id=\"https:\/\/www.ssaver.gob.mx\/difusion\/2025\/03\/18\/verifica-secretaria-de-salud-atencion-a-usuarios-y-disponibilidad-de-medicinas-en-hospitales\/\">Verifica Secretar\u00eda de Salud atenci\u00f3n a usuarios y disponibilidad de medicinas en hospitales<\/a><\/strong><\/p>\n\n\n\n<p class=\"has-text-color has-link-color has-medium-font-size wp-elements-a411d3bd50263e6a5c47b588aa57e335\" style=\"color:#660c0c\"><strong><a href=\"https:\/\/www.ssaver.gob.mx\/difusion\/2025\/02\/13\/cancer-infantil-capacitan-a-medicos\/\" data-type=\"link\" data-id=\"https:\/\/www.ssaver.gob.mx\/difusion\/2025\/02\/13\/cancer-infantil-capacitan-a-medicos\/\">C\u00e1ncer infantil: capacitan a m\u00e9dicos y enfermeras para detecci\u00f3n oportuna<\/a><\/strong><\/p>\n\n\n\n<hr class=\"wp-block-separator has-alpha-channel-opacity\" \/>\n\n\n\n<figure class=\"wp-block-image size-large\"><img loading=\"lazy\" decoding=\"async\" width=\"1024\" height=\"683\" src=\"https:\/\/www.ssaver.gob.mx\/difusion\/wp-content\/uploads\/sites\/23\/2025\/03\/PHOTO-2025-03-27-16-51-55-1024x683.jpg\" alt=\"\" class=\"wp-image-4710\" srcset=\"https:\/\/www.ssaver.gob.mx\/difusion\/wp-content\/uploads\/sites\/23\/2025\/03\/PHOTO-2025-03-27-16-51-55-1024x683.jpg 1024w, https:\/\/www.ssaver.gob.mx\/difusion\/wp-content\/uploads\/sites\/23\/2025\/03\/PHOTO-2025-03-27-16-51-55-300x200.jpg 300w, https:\/\/www.ssaver.gob.mx\/difusion\/wp-content\/uploads\/sites\/23\/2025\/03\/PHOTO-2025-03-27-16-51-55-768x512.jpg 768w, https:\/\/www.ssaver.gob.mx\/difusion\/wp-content\/uploads\/sites\/23\/2025\/03\/PHOTO-2025-03-27-16-51-55.jpg 1280w\" sizes=\"auto, (max-width: 1024px) 100vw, 1024px\" \/><figcaption class=\"wp-element-caption\">La ginec\u00f3loga onc\u00f3loga del Centro Estatal de Cancerolog\u00eda (CECAN), Dr. Miguel Dorantes Mesa, Asucena Irais Mendoza Huerta, destac\u00f3 la importancia de realizarse la prueba de Papanicolaou a partir de los 21 a\u00f1os. Marco Antonio \/ Secretar\u00eda de Salud.<\/figcaption><\/figure>\n","protected":false},"excerpt":{"rendered":"<p>-Todas las unidades de salud cuentan con vacuna contra el VPH para ni\u00f1as de 11 a 14 a\u00f1os Xalapa, Ver.,<\/p>\n","protected":false},"author":59,"featured_media":4710,"comment_status":"closed","ping_status":"closed","sticky":false,"template":"","format":"standard","meta":{"colormag_page_container_layout":"default_layout","colormag_page_sidebar_layout":"default_layout","footnotes":""},"categories":[119,115],"tags":[750,435,438,437,439,433,434,751,436,141,169,189,184,191],"class_list":["post-4709","post","type-post","status-publish","format-standard","has-post-thumbnail","hentry","category-comunicados","category-general","tag-apoyo-del-director-general","tag-cancer-cervicouterino-a-que-edad","tag-cancer-cervicouterino-sin-vph","tag-cancer-cervicouterino-son-sintomas","tag-cancer-cervicouterino-y-papiloma-humano-es-lo-mismo","tag-cual-es-el-cancer-cervicouterino","tag-cuando-tienes-cancer-cervicouterino","tag-juan-pablo-uribe-gonzalez","tag-puede-dar-cancer-cervicouterino-sin-matriz","tag-salud","tag-salud-veracruz","tag-secretaria-de-salud-de-veracruz","tag-sesver","tag-valentin-herrera-alarcon"],"_links":{"self":[{"href":"https:\/\/www.ssaver.gob.mx\/difusion\/wp-json\/wp\/v2\/posts\/4709","targetHints":{"allow":["GET"]}}],"collection":[{"href":"https:\/\/www.ssaver.gob.mx\/difusion\/wp-json\/wp\/v2\/posts"}],"about":[{"href":"https:\/\/www.ssaver.gob.mx\/difusion\/wp-json\/wp\/v2\/types\/post"}],"author":[{"embeddable":true,"href":"https:\/\/www.ssaver.gob.mx\/difusion\/wp-json\/wp\/v2\/users\/59"}],"replies":[{"embeddable":true,"href":"https:\/\/www.ssaver.gob.mx\/difusion\/wp-json\/wp\/v2\/comments?post=4709"}],"version-history":[{"count":1,"href":"https:\/\/www.ssaver.gob.mx\/difusion\/wp-json\/wp\/v2\/posts\/4709\/revisions"}],"predecessor-version":[{"id":4711,"href":"https:\/\/www.ssaver.gob.mx\/difusion\/wp-json\/wp\/v2\/posts\/4709\/revisions\/4711"}],"wp:featuredmedia":[{"embeddable":true,"href":"https:\/\/www.ssaver.gob.mx\/difusion\/wp-json\/wp\/v2\/media\/4710"}],"wp:attachment":[{"href":"https:\/\/www.ssaver.gob.mx\/difusion\/wp-json\/wp\/v2\/media?parent=4709"}],"wp:term":[{"taxonomy":"category","embeddable":true,"href":"https:\/\/www.ssaver.gob.mx\/difusion\/wp-json\/wp\/v2\/categories?post=4709"},{"taxonomy":"post_tag","embeddable":true,"href":"https:\/\/www.ssaver.gob.mx\/difusion\/wp-json\/wp\/v2\/tags?post=4709"}],"curies":[{"name":"wp","href":"https:\/\/api.w.org\/{rel}","templated":true}]}}