{"id":4733,"date":"2025-04-02T11:27:29","date_gmt":"2025-04-02T17:27:29","guid":{"rendered":"https:\/\/www.ssaver.gob.mx\/difusion\/?p=4733"},"modified":"2025-09-11T13:48:08","modified_gmt":"2025-09-11T18:48:08","slug":"veracruz-se-suma-a-la-estrategia-a-salvo-para-reducir-accidentes-viales","status":"publish","type":"post","link":"https:\/\/www.ssaver.gob.mx\/difusion\/2025\/04\/02\/veracruz-se-suma-a-la-estrategia-a-salvo-para-reducir-accidentes-viales\/","title":{"rendered":"Veracruz se suma a la estrategia A Salvo para reducir accidentes viales"},"content":{"rendered":"\n<p class=\"blockart-paragraph blockart-paragraph-f257a724\"><strong><strong>Veracruz se suma a la estrategia A Salvo para reducir accidentes viales<\/strong><\/strong> <br><\/p>\n\n\n\n<p class=\"has-medium-font-size\">&#8211; La entidad, con el mayor impulso en iniciativas de seguridad vial.<\/p>\n\n\n\n<p class=\"has-medium-font-size\"><strong>Xalapa, Ver., mi\u00e9rcoles 02 de abril de 2025.-<\/strong> La Secretar\u00eda de Salud, a trav\u00e9s del Consejo Estatal para la Prevenci\u00f3n de Accidentes, anunci\u00f3 la adhesi\u00f3n del estado a la estrategia nacional A Salvo, cuyo objetivo es reducir lesiones y muertes causadas por accidentes viales y promover estilos de vida saludables mediante la movilidad activa, como caminar, usar bicicleta y transporte p\u00fablico. <\/p>\n\n\n\n<p class=\"has-medium-font-size\">Durante la primera sesi\u00f3n del Consejo, se present\u00f3 esta iniciativa enfocada en fortalecer la infraestructura vial, fomentar el cumplimiento de normativas de movilidad y promover h\u00e1bitos de seguridad entre los conductores, adem\u00e1s, busca la protecci\u00f3n de los usuarios m\u00e1s vulnerables de las v\u00edas.&nbsp; <\/p>\n\n\n\n<p class=\"has-medium-font-size\">De acuerdo con la Organizaci\u00f3n Mundial de la Salud, los accidentes de tr\u00e1nsito son la cuarta causa de muerte en M\u00e9xico y en Veracruz, m\u00e1s de 400 personas fallecen anualmente por esta raz\u00f3n, lo que subraya la urgencia de tomar medidas para mitigar este problema.  <\/p>\n\n\n\n<p class=\"has-medium-font-size\">En representaci\u00f3n del secretario de Salud, Valent\u00edn Herrera Alarc\u00f3n, la directora de Salud P\u00fablica, Mar\u00eda Luisa S\u00e1nchez Murrieta, reafirm\u00f3 el compromiso de la dependencia para trabajar en conjunto con diversas instituciones y reducir la incidencia de accidentes. <\/p>\n\n\n\n<p class=\"has-medium-font-size\">El subdirector de Evaluaci\u00f3n del Secretariado T\u00e9cnico del Consejo Nacional para la Prevenci\u00f3n de Accidentes, Israel Rosas Guzm\u00e1n, destac\u00f3 que Veracruz es uno de los estados con mayor impulso en iniciativas de seguridad vial y reconoci\u00f3 el compromiso de sus autoridades en la prevenci\u00f3n.<\/p>\n\n\n\n<div class=\"wp-block-columns is-layout-flex wp-container-core-columns-is-layout-28f84493 wp-block-columns-is-layout-flex\">\n<div class=\"wp-block-column is-layout-flow wp-block-column-is-layout-flow\">\n<figure class=\"wp-block-image size-full\"><img loading=\"lazy\" decoding=\"async\" width=\"2560\" height=\"1668\" src=\"https:\/\/www.ssaver.gob.mx\/difusion\/wp-content\/uploads\/sites\/23\/2025\/04\/Comunicado_abril2025_3-scaled.jpeg\" alt=\"\" class=\"wp-image-4738\" srcset=\"https:\/\/www.ssaver.gob.mx\/difusion\/wp-content\/uploads\/sites\/23\/2025\/04\/Comunicado_abril2025_3-scaled.jpeg 2560w, https:\/\/www.ssaver.gob.mx\/difusion\/wp-content\/uploads\/sites\/23\/2025\/04\/Comunicado_abril2025_3-300x195.jpeg 300w, https:\/\/www.ssaver.gob.mx\/difusion\/wp-content\/uploads\/sites\/23\/2025\/04\/Comunicado_abril2025_3-1024x667.jpeg 1024w, https:\/\/www.ssaver.gob.mx\/difusion\/wp-content\/uploads\/sites\/23\/2025\/04\/Comunicado_abril2025_3-768x500.jpeg 768w, https:\/\/www.ssaver.gob.mx\/difusion\/wp-content\/uploads\/sites\/23\/2025\/04\/Comunicado_abril2025_3-1536x1001.jpeg 1536w, https:\/\/www.ssaver.gob.mx\/difusion\/wp-content\/uploads\/sites\/23\/2025\/04\/Comunicado_abril2025_3-2048x1334.jpeg 2048w\" sizes=\"auto, (max-width: 2560px) 100vw, 2560px\" \/><\/figure>\n<\/div>\n\n\n\n<div class=\"wp-block-column is-layout-flow wp-block-column-is-layout-flow\">\n<figure class=\"wp-block-image size-large\"><img loading=\"lazy\" decoding=\"async\" width=\"1024\" height=\"670\" src=\"https:\/\/www.ssaver.gob.mx\/difusion\/wp-content\/uploads\/sites\/23\/2025\/04\/Comunicado_abril2025_1-1024x670.jpeg\" alt=\"\" class=\"wp-image-4736\" srcset=\"https:\/\/www.ssaver.gob.mx\/difusion\/wp-content\/uploads\/sites\/23\/2025\/04\/Comunicado_abril2025_1-1024x670.jpeg 1024w, https:\/\/www.ssaver.gob.mx\/difusion\/wp-content\/uploads\/sites\/23\/2025\/04\/Comunicado_abril2025_1-300x196.jpeg 300w, https:\/\/www.ssaver.gob.mx\/difusion\/wp-content\/uploads\/sites\/23\/2025\/04\/Comunicado_abril2025_1-768x502.jpeg 768w, https:\/\/www.ssaver.gob.mx\/difusion\/wp-content\/uploads\/sites\/23\/2025\/04\/Comunicado_abril2025_1-1536x1004.jpeg 1536w, https:\/\/www.ssaver.gob.mx\/difusion\/wp-content\/uploads\/sites\/23\/2025\/04\/Comunicado_abril2025_1-2048x1339.jpeg 2048w\" sizes=\"auto, (max-width: 1024px) 100vw, 1024px\" \/><\/figure>\n<\/div>\n<\/div>\n\n\n\n<p><\/p>\n\n\n\n<figure class=\"wp-block-image size-large\"><img loading=\"lazy\" decoding=\"async\" width=\"1024\" height=\"682\" src=\"https:\/\/www.ssaver.gob.mx\/difusion\/wp-content\/uploads\/sites\/23\/2025\/05\/Comunicado_abril2025_2-edited-1024x682.jpeg\" alt=\"\" class=\"wp-image-5177\" srcset=\"https:\/\/www.ssaver.gob.mx\/difusion\/wp-content\/uploads\/sites\/23\/2025\/05\/Comunicado_abril2025_2-edited-1024x682.jpeg 1024w, https:\/\/www.ssaver.gob.mx\/difusion\/wp-content\/uploads\/sites\/23\/2025\/05\/Comunicado_abril2025_2-edited-300x200.jpeg 300w, https:\/\/www.ssaver.gob.mx\/difusion\/wp-content\/uploads\/sites\/23\/2025\/05\/Comunicado_abril2025_2-edited-768x512.jpeg 768w, https:\/\/www.ssaver.gob.mx\/difusion\/wp-content\/uploads\/sites\/23\/2025\/05\/Comunicado_abril2025_2-edited-1536x1024.jpeg 1536w, https:\/\/www.ssaver.gob.mx\/difusion\/wp-content\/uploads\/sites\/23\/2025\/05\/Comunicado_abril2025_2-edited-2048x1365.jpeg 2048w\" sizes=\"auto, (max-width: 1024px) 100vw, 1024px\" \/><\/figure>\n","protected":false},"excerpt":{"rendered":"<p>&#8211; La entidad, con el mayor impulso en iniciativas de seguridad vial. Xalapa, Ver., mi\u00e9rcoles 02 de abril de 2025.-<\/p>\n","protected":false},"author":4,"featured_media":4741,"comment_status":"closed","ping_status":"closed","sticky":false,"template":"","format":"standard","meta":{"colormag_page_container_layout":"default_layout","colormag_page_sidebar_layout":"default_layout","footnotes":""},"categories":[119,115],"tags":[750,124,751,141,169,189,184,142],"class_list":["post-4733","post","type-post","status-publish","format-standard","has-post-thumbnail","hentry","category-comunicados","category-general","tag-apoyo-del-director-general","tag-fotogaleria","tag-juan-pablo-uribe-gonzalez","tag-salud","tag-salud-veracruz","tag-secretaria-de-salud-de-veracruz","tag-sesver","tag-veracruz"],"_links":{"self":[{"href":"https:\/\/www.ssaver.gob.mx\/difusion\/wp-json\/wp\/v2\/posts\/4733","targetHints":{"allow":["GET"]}}],"collection":[{"href":"https:\/\/www.ssaver.gob.mx\/difusion\/wp-json\/wp\/v2\/posts"}],"about":[{"href":"https:\/\/www.ssaver.gob.mx\/difusion\/wp-json\/wp\/v2\/types\/post"}],"author":[{"embeddable":true,"href":"https:\/\/www.ssaver.gob.mx\/difusion\/wp-json\/wp\/v2\/users\/4"}],"replies":[{"embeddable":true,"href":"https:\/\/www.ssaver.gob.mx\/difusion\/wp-json\/wp\/v2\/comments?post=4733"}],"version-history":[{"count":8,"href":"https:\/\/www.ssaver.gob.mx\/difusion\/wp-json\/wp\/v2\/posts\/4733\/revisions"}],"predecessor-version":[{"id":5181,"href":"https:\/\/www.ssaver.gob.mx\/difusion\/wp-json\/wp\/v2\/posts\/4733\/revisions\/5181"}],"wp:featuredmedia":[{"embeddable":true,"href":"https:\/\/www.ssaver.gob.mx\/difusion\/wp-json\/wp\/v2\/media\/4741"}],"wp:attachment":[{"href":"https:\/\/www.ssaver.gob.mx\/difusion\/wp-json\/wp\/v2\/media?parent=4733"}],"wp:term":[{"taxonomy":"category","embeddable":true,"href":"https:\/\/www.ssaver.gob.mx\/difusion\/wp-json\/wp\/v2\/categories?post=4733"},{"taxonomy":"post_tag","embeddable":true,"href":"https:\/\/www.ssaver.gob.mx\/difusion\/wp-json\/wp\/v2\/tags?post=4733"}],"curies":[{"name":"wp","href":"https:\/\/api.w.org\/{rel}","templated":true}]}}