{"id":4748,"date":"2025-04-03T18:13:22","date_gmt":"2025-04-04T00:13:22","guid":{"rendered":"https:\/\/www.ssaver.gob.mx\/difusion\/?p=4748"},"modified":"2025-09-11T13:48:03","modified_gmt":"2025-09-11T18:48:03","slug":"jurisdicciones-sanitarias-refuerzan-campanas-gratuitas-de-vacunacion-antirrabica","status":"publish","type":"post","link":"https:\/\/www.ssaver.gob.mx\/difusion\/2025\/04\/03\/jurisdicciones-sanitarias-refuerzan-campanas-gratuitas-de-vacunacion-antirrabica\/","title":{"rendered":"Jurisdicciones sanitarias refuerzan campa\u00f1as gratuitas de vacunaci\u00f3n antirr\u00e1bica"},"content":{"rendered":"\n<p>La rabia, erradicada en M\u00e9xico desde 2019, a\u00fan representa un riesgo en la fauna silvestre.<\/p>\n\n\n\n<p><\/p>\n\n\n\n<p class=\"has-medium-font-size\">Xalapa, Ver., 04 de abril de 2025.- Para evitar el contagio de rabia en animales de compa\u00f1\u00eda y salvaguardar el bienestar de las familias veracruzanas, la Secretar\u00eda de Salud (SS), a trav\u00e9s de la Jurisdicci\u00f3n Sanitaria 5, lleva a cabo la Campa\u00f1a de Vacunaci\u00f3n Antirr\u00e1bica Canina y Felina, en la capital veracruzana.<\/p>\n\n\n\n<p class=\"has-medium-font-size\">Aunque desde 2019 la enfermedad est\u00e1 erradicada en M\u00e9xico, todav\u00eda representa un riesgo en la fauna silvestre, por lo que la dependencia llama a la poblaci\u00f3n a aprovechar esta estrategia gratuita, la cual se implementa dos veces al a\u00f1o, en los bimestres marzo-abril y septiembre-octubre.&nbsp;<\/p>\n\n\n\n<p class=\"has-medium-font-size\">La jornada de vacunaci\u00f3n se lleva a cabo durante una semana en centros de salud urbanos. Para m\u00e1s informaci\u00f3n sobre fechas y ubicaciones, acudir al m\u00e1s cercano o consultar las redes oficiales de las jurisdicciones sanitarias y de esta dependencia.<\/p>\n\n\n\n<p class=\"has-medium-font-size\">En Xalapa, la jornada se realiza en los centros de salud Gast\u00f3n Melo y Emiliano Zapata.<\/p>\n\n\n\n<p class=\"has-medium-font-size\">La vacuna antirr\u00e1bica que aplica la SS es universal, efectiva y sin contraindicaciones, por lo que pueden recibirla perros y gatos, incluso hembras gestantes.<\/p>\n\n\n\n<p class=\"has-medium-font-size\">La Secretar\u00eda de Salud exhorta a la poblaci\u00f3n a mantenerse atenta sobre las fechas de las pr\u00f3ximas campa\u00f1as de vacunaci\u00f3n que se llevar\u00e1n a cabo en las once jurisdicciones sanitarias del estado.<\/p>\n\n\n\n<div class=\"wp-block-columns is-layout-flex wp-container-core-columns-is-layout-28f84493 wp-block-columns-is-layout-flex\">\n<div class=\"wp-block-column is-layout-flow wp-block-column-is-layout-flow\">\n<figure class=\"wp-block-image size-large\"><img loading=\"lazy\" decoding=\"async\" width=\"1024\" height=\"697\" src=\"https:\/\/www.ssaver.gob.mx\/difusion\/wp-content\/uploads\/sites\/23\/2025\/04\/Vacunacion_Antirrabica_3-1024x697.jpeg\" alt=\"\" class=\"wp-image-4760\" srcset=\"https:\/\/www.ssaver.gob.mx\/difusion\/wp-content\/uploads\/sites\/23\/2025\/04\/Vacunacion_Antirrabica_3-1024x697.jpeg 1024w, https:\/\/www.ssaver.gob.mx\/difusion\/wp-content\/uploads\/sites\/23\/2025\/04\/Vacunacion_Antirrabica_3-300x204.jpeg 300w, https:\/\/www.ssaver.gob.mx\/difusion\/wp-content\/uploads\/sites\/23\/2025\/04\/Vacunacion_Antirrabica_3-768x523.jpeg 768w, https:\/\/www.ssaver.gob.mx\/difusion\/wp-content\/uploads\/sites\/23\/2025\/04\/Vacunacion_Antirrabica_3.jpeg 1280w\" sizes=\"auto, (max-width: 1024px) 100vw, 1024px\" \/><\/figure>\n<\/div>\n\n\n\n<div class=\"wp-block-column is-layout-flow wp-block-column-is-layout-flow\">\n<figure class=\"wp-block-image size-large\"><img loading=\"lazy\" decoding=\"async\" width=\"1024\" height=\"675\" src=\"https:\/\/www.ssaver.gob.mx\/difusion\/wp-content\/uploads\/sites\/23\/2025\/04\/Vacunacion_Antirrabica_4-1024x675.jpeg\" alt=\"\" class=\"wp-image-4757\" srcset=\"https:\/\/www.ssaver.gob.mx\/difusion\/wp-content\/uploads\/sites\/23\/2025\/04\/Vacunacion_Antirrabica_4-1024x675.jpeg 1024w, https:\/\/www.ssaver.gob.mx\/difusion\/wp-content\/uploads\/sites\/23\/2025\/04\/Vacunacion_Antirrabica_4-300x198.jpeg 300w, https:\/\/www.ssaver.gob.mx\/difusion\/wp-content\/uploads\/sites\/23\/2025\/04\/Vacunacion_Antirrabica_4-768x506.jpeg 768w, https:\/\/www.ssaver.gob.mx\/difusion\/wp-content\/uploads\/sites\/23\/2025\/04\/Vacunacion_Antirrabica_4.jpeg 1280w\" sizes=\"auto, (max-width: 1024px) 100vw, 1024px\" \/><\/figure>\n<\/div>\n<\/div>\n\n\n\n<p><\/p>\n\n\n\n<div class=\"wp-block-columns is-layout-flex wp-container-core-columns-is-layout-28f84493 wp-block-columns-is-layout-flex\">\n<div class=\"wp-block-column is-layout-flow wp-block-column-is-layout-flow\">\n<figure class=\"wp-block-image size-large\"><img loading=\"lazy\" decoding=\"async\" width=\"1024\" height=\"682\" src=\"https:\/\/www.ssaver.gob.mx\/difusion\/wp-content\/uploads\/sites\/23\/2025\/04\/Vacunacion_Antirrabica_5-1024x682.jpeg\" alt=\"\" class=\"wp-image-4758\" srcset=\"https:\/\/www.ssaver.gob.mx\/difusion\/wp-content\/uploads\/sites\/23\/2025\/04\/Vacunacion_Antirrabica_5-1024x682.jpeg 1024w, https:\/\/www.ssaver.gob.mx\/difusion\/wp-content\/uploads\/sites\/23\/2025\/04\/Vacunacion_Antirrabica_5-300x200.jpeg 300w, https:\/\/www.ssaver.gob.mx\/difusion\/wp-content\/uploads\/sites\/23\/2025\/04\/Vacunacion_Antirrabica_5-768x511.jpeg 768w, https:\/\/www.ssaver.gob.mx\/difusion\/wp-content\/uploads\/sites\/23\/2025\/04\/Vacunacion_Antirrabica_5.jpeg 1280w\" sizes=\"auto, (max-width: 1024px) 100vw, 1024px\" \/><\/figure>\n<\/div>\n\n\n\n<div class=\"wp-block-column is-layout-flow wp-block-column-is-layout-flow\">\n<figure class=\"wp-block-image size-large\"><img loading=\"lazy\" decoding=\"async\" width=\"1024\" height=\"646\" src=\"https:\/\/www.ssaver.gob.mx\/difusion\/wp-content\/uploads\/sites\/23\/2025\/04\/Vacunacion_Antirrabica_1-1024x646.jpeg\" alt=\"\" class=\"wp-image-4750\" srcset=\"https:\/\/www.ssaver.gob.mx\/difusion\/wp-content\/uploads\/sites\/23\/2025\/04\/Vacunacion_Antirrabica_1-1024x646.jpeg 1024w, https:\/\/www.ssaver.gob.mx\/difusion\/wp-content\/uploads\/sites\/23\/2025\/04\/Vacunacion_Antirrabica_1-300x189.jpeg 300w, https:\/\/www.ssaver.gob.mx\/difusion\/wp-content\/uploads\/sites\/23\/2025\/04\/Vacunacion_Antirrabica_1-768x484.jpeg 768w, https:\/\/www.ssaver.gob.mx\/difusion\/wp-content\/uploads\/sites\/23\/2025\/04\/Vacunacion_Antirrabica_1.jpeg 1280w\" sizes=\"auto, (max-width: 1024px) 100vw, 1024px\" \/><\/figure>\n<\/div>\n\n\n\n<div class=\"wp-block-column is-layout-flow wp-block-column-is-layout-flow\">\n<figure class=\"wp-block-image size-large\"><img loading=\"lazy\" decoding=\"async\" width=\"1024\" height=\"678\" src=\"https:\/\/www.ssaver.gob.mx\/difusion\/wp-content\/uploads\/sites\/23\/2025\/04\/Vacunacion_Antirrabica_2-1024x678.jpeg\" alt=\"\" class=\"wp-image-4759\" srcset=\"https:\/\/www.ssaver.gob.mx\/difusion\/wp-content\/uploads\/sites\/23\/2025\/04\/Vacunacion_Antirrabica_2-1024x678.jpeg 1024w, https:\/\/www.ssaver.gob.mx\/difusion\/wp-content\/uploads\/sites\/23\/2025\/04\/Vacunacion_Antirrabica_2-300x199.jpeg 300w, https:\/\/www.ssaver.gob.mx\/difusion\/wp-content\/uploads\/sites\/23\/2025\/04\/Vacunacion_Antirrabica_2-768x509.jpeg 768w, https:\/\/www.ssaver.gob.mx\/difusion\/wp-content\/uploads\/sites\/23\/2025\/04\/Vacunacion_Antirrabica_2.jpeg 1280w\" sizes=\"auto, (max-width: 1024px) 100vw, 1024px\" \/><\/figure>\n<\/div>\n<\/div>\n\n\n\n<p><\/p>\n","protected":false},"excerpt":{"rendered":"<p>La rabia, erradicada en M\u00e9xico desde 2019, a\u00fan representa un riesgo en la fauna silvestre. Xalapa, Ver., 04 de abril<\/p>\n","protected":false},"author":68,"featured_media":4750,"comment_status":"closed","ping_status":"closed","sticky":false,"template":"","format":"standard","meta":{"colormag_page_container_layout":"default_layout","colormag_page_sidebar_layout":"default_layout","footnotes":""},"categories":[119,115],"tags":[750,124,751,141,189,184,142,137],"class_list":["post-4748","post","type-post","status-publish","format-standard","has-post-thumbnail","hentry","category-comunicados","category-general","tag-apoyo-del-director-general","tag-fotogaleria","tag-juan-pablo-uribe-gonzalez","tag-salud","tag-secretaria-de-salud-de-veracruz","tag-sesver","tag-veracruz","tag-xalapa"],"_links":{"self":[{"href":"https:\/\/www.ssaver.gob.mx\/difusion\/wp-json\/wp\/v2\/posts\/4748","targetHints":{"allow":["GET"]}}],"collection":[{"href":"https:\/\/www.ssaver.gob.mx\/difusion\/wp-json\/wp\/v2\/posts"}],"about":[{"href":"https:\/\/www.ssaver.gob.mx\/difusion\/wp-json\/wp\/v2\/types\/post"}],"author":[{"embeddable":true,"href":"https:\/\/www.ssaver.gob.mx\/difusion\/wp-json\/wp\/v2\/users\/68"}],"replies":[{"embeddable":true,"href":"https:\/\/www.ssaver.gob.mx\/difusion\/wp-json\/wp\/v2\/comments?post=4748"}],"version-history":[{"count":11,"href":"https:\/\/www.ssaver.gob.mx\/difusion\/wp-json\/wp\/v2\/posts\/4748\/revisions"}],"predecessor-version":[{"id":5184,"href":"https:\/\/www.ssaver.gob.mx\/difusion\/wp-json\/wp\/v2\/posts\/4748\/revisions\/5184"}],"wp:featuredmedia":[{"embeddable":true,"href":"https:\/\/www.ssaver.gob.mx\/difusion\/wp-json\/wp\/v2\/media\/4750"}],"wp:attachment":[{"href":"https:\/\/www.ssaver.gob.mx\/difusion\/wp-json\/wp\/v2\/media?parent=4748"}],"wp:term":[{"taxonomy":"category","embeddable":true,"href":"https:\/\/www.ssaver.gob.mx\/difusion\/wp-json\/wp\/v2\/categories?post=4748"},{"taxonomy":"post_tag","embeddable":true,"href":"https:\/\/www.ssaver.gob.mx\/difusion\/wp-json\/wp\/v2\/tags?post=4748"}],"curies":[{"name":"wp","href":"https:\/\/api.w.org\/{rel}","templated":true}]}}