{"id":4767,"date":"2025-04-04T12:20:23","date_gmt":"2025-04-04T18:20:23","guid":{"rendered":"https:\/\/www.ssaver.gob.mx\/difusion\/?p=4767"},"modified":"2025-05-07T13:39:28","modified_gmt":"2025-05-07T18:39:28","slug":"rocio-nahle-va-por-la-transformacion-de-coatzacoalcos-con-espacios-publicos-renovados","status":"publish","type":"post","link":"https:\/\/www.ssaver.gob.mx\/difusion\/2025\/04\/04\/rocio-nahle-va-por-la-transformacion-de-coatzacoalcos-con-espacios-publicos-renovados\/","title":{"rendered":"Roc\u00edo Nahle va por la transformaci\u00f3n de Coatzacoalcos con espacios p\u00fablicos renovados"},"content":{"rendered":"\n<p>&#8211; SIOP rehabilitar\u00e1 espacios p\u00fablicos para impulsar el turismo y la econom\u00eda.<\/p>\n\n\n\n<p><strong>Coatzacoalcos, Ver., jueves 03 de abril de 2025.-<\/strong> Como parte de su compromiso con el desarrollo de Veracruz, la gobernadora Roc\u00edo Nahle Garc\u00eda pondr\u00e1 en marcha un plan integral para rescatar la infraestructura urbana de Coatzacoalcos, mejorando la calidad de vida de sus habitantes y consolidando su identidad tur\u00edstica.&nbsp;<\/p>\n\n\n\n<p>En este marco, realiz\u00f3 un recorrido de evaluaci\u00f3n por distintos puntos estrat\u00e9gicos, comenzando en el malec\u00f3n, donde pr\u00f3ximamente iniciar\u00e1n trabajos de rehabilitaci\u00f3n para recuperar su atractivo como espacio de convivencia familiar, deportiva y recreativa.&nbsp;<\/p>\n\n\n\n<p>Dado que la Secretar\u00eda de Infraestructura y Obras P\u00fablicas (SIOP) centraliza la ejecuci\u00f3n de proyectos estatales, la Mandataria estuvo acompa\u00f1ada por el titular de la dependencia, Leonardo Cornejo Serrano, as\u00ed como por el alcalde Amado Cruz Malpica.&nbsp;<\/p>\n\n\n\n<p>M\u00e1s tarde, visit\u00f3 el Centro de Convenciones y Teatro de la Ciudad, que ser\u00e1 renovado bajo la coordinaci\u00f3n del Gobierno del Estado, ya que la Secretar\u00eda de Turismo tiene su administraci\u00f3n; el objetivo es optimizar sus instalaciones para fortalecer la oferta cultural y de eventos en la regi\u00f3n.&nbsp;<\/p>\n\n\n\n<p>A su vez, junto con la secretaria de Medio Ambiente, Luz Mariela Zaleta Mendoza, inform\u00f3 sobre la reciente rehabilitaci\u00f3n del parque recreativo La Alameda, que ahora cuenta con mejoras en \u00e1reas verdes, canchas, alumbrado, servicios y abastecimiento de agua potable.&nbsp;<\/p>\n\n\n\n<p>Como parte de su agenda, la Gobernadora tambi\u00e9n visit\u00f3 el Hospital del IMSS-Bienestar Dr. Valent\u00edn G\u00f3mez Far\u00edas junto con el secretario de Salud, Valent\u00edn Herrera Alarc\u00f3n, donde evaluaron las mejoras encaminadas a garantizar una atenci\u00f3n m\u00e9dica m\u00e1s eficiente y digna para la poblaci\u00f3n.&nbsp;<\/p>\n\n\n\n<p><\/p>\n\n\n\n<div class=\"wp-block-columns is-layout-flex wp-container-core-columns-is-layout-28f84493 wp-block-columns-is-layout-flex\">\n<div class=\"wp-block-column is-layout-flow wp-block-column-is-layout-flow\">\n<figure class=\"wp-block-image size-full\"><img loading=\"lazy\" decoding=\"async\" width=\"800\" height=\"445\" src=\"https:\/\/www.ssaver.gob.mx\/difusion\/wp-content\/uploads\/sites\/23\/2025\/04\/Transformacion_Coatza_10.jpeg\" alt=\"\" class=\"wp-image-4807\" srcset=\"https:\/\/www.ssaver.gob.mx\/difusion\/wp-content\/uploads\/sites\/23\/2025\/04\/Transformacion_Coatza_10.jpeg 800w, https:\/\/www.ssaver.gob.mx\/difusion\/wp-content\/uploads\/sites\/23\/2025\/04\/Transformacion_Coatza_10-300x167.jpeg 300w, https:\/\/www.ssaver.gob.mx\/difusion\/wp-content\/uploads\/sites\/23\/2025\/04\/Transformacion_Coatza_10-768x427.jpeg 768w\" sizes=\"auto, (max-width: 800px) 100vw, 800px\" \/><\/figure>\n<\/div>\n<\/div>\n\n\n\n<p><\/p>\n\n\n\n<div class=\"wp-block-columns is-layout-flex wp-container-core-columns-is-layout-28f84493 wp-block-columns-is-layout-flex\">\n<div class=\"wp-block-column is-layout-flow wp-block-column-is-layout-flow\">\n<figure class=\"wp-block-image aligncenter size-large\"><img loading=\"lazy\" decoding=\"async\" width=\"1024\" height=\"682\" src=\"https:\/\/www.ssaver.gob.mx\/difusion\/wp-content\/uploads\/sites\/23\/2025\/04\/Transformacion_Coatza_1-1024x682.jpeg\" alt=\"\" class=\"wp-image-4769\" srcset=\"https:\/\/www.ssaver.gob.mx\/difusion\/wp-content\/uploads\/sites\/23\/2025\/04\/Transformacion_Coatza_1-1024x682.jpeg 1024w, https:\/\/www.ssaver.gob.mx\/difusion\/wp-content\/uploads\/sites\/23\/2025\/04\/Transformacion_Coatza_1-300x200.jpeg 300w, https:\/\/www.ssaver.gob.mx\/difusion\/wp-content\/uploads\/sites\/23\/2025\/04\/Transformacion_Coatza_1-768x512.jpeg 768w, https:\/\/www.ssaver.gob.mx\/difusion\/wp-content\/uploads\/sites\/23\/2025\/04\/Transformacion_Coatza_1.jpeg 1280w\" sizes=\"auto, (max-width: 1024px) 100vw, 1024px\" \/><\/figure>\n<\/div>\n\n\n\n<div class=\"wp-block-column is-layout-flow wp-block-column-is-layout-flow\">\n<figure class=\"wp-block-image aligncenter size-large is-resized\"><img loading=\"lazy\" decoding=\"async\" width=\"1137\" height=\"853\" src=\"https:\/\/www.ssaver.gob.mx\/difusion\/wp-content\/uploads\/sites\/23\/2025\/05\/Transformacion_Coatza_2-edited.jpeg\" alt=\"\" class=\"wp-image-5193\" style=\"width:351px;height:auto\" srcset=\"https:\/\/www.ssaver.gob.mx\/difusion\/wp-content\/uploads\/sites\/23\/2025\/05\/Transformacion_Coatza_2-edited.jpeg 1137w, https:\/\/www.ssaver.gob.mx\/difusion\/wp-content\/uploads\/sites\/23\/2025\/05\/Transformacion_Coatza_2-edited-300x225.jpeg 300w, https:\/\/www.ssaver.gob.mx\/difusion\/wp-content\/uploads\/sites\/23\/2025\/05\/Transformacion_Coatza_2-edited-1024x768.jpeg 1024w, https:\/\/www.ssaver.gob.mx\/difusion\/wp-content\/uploads\/sites\/23\/2025\/05\/Transformacion_Coatza_2-edited-768x576.jpeg 768w\" sizes=\"auto, (max-width: 1137px) 100vw, 1137px\" \/><\/figure>\n<\/div>\n<\/div>\n\n\n\n<p><\/p>\n\n\n\n<figure class=\"wp-block-image size-large\"><img loading=\"lazy\" decoding=\"async\" width=\"1024\" height=\"682\" src=\"https:\/\/www.ssaver.gob.mx\/difusion\/wp-content\/uploads\/sites\/23\/2025\/04\/Transformacion_Coatza_3-1024x682.jpeg\" alt=\"\" class=\"wp-image-4771\" srcset=\"https:\/\/www.ssaver.gob.mx\/difusion\/wp-content\/uploads\/sites\/23\/2025\/04\/Transformacion_Coatza_3-1024x682.jpeg 1024w, https:\/\/www.ssaver.gob.mx\/difusion\/wp-content\/uploads\/sites\/23\/2025\/04\/Transformacion_Coatza_3-300x200.jpeg 300w, https:\/\/www.ssaver.gob.mx\/difusion\/wp-content\/uploads\/sites\/23\/2025\/04\/Transformacion_Coatza_3-768x512.jpeg 768w, https:\/\/www.ssaver.gob.mx\/difusion\/wp-content\/uploads\/sites\/23\/2025\/04\/Transformacion_Coatza_3.jpeg 1280w\" sizes=\"auto, (max-width: 1024px) 100vw, 1024px\" \/><\/figure>\n\n\n\n<p><\/p>\n\n\n\n<div class=\"wp-block-columns is-layout-flex wp-container-core-columns-is-layout-28f84493 wp-block-columns-is-layout-flex\">\n<div class=\"wp-block-column is-layout-flow wp-block-column-is-layout-flow\">\n<figure class=\"wp-block-image size-large\"><img loading=\"lazy\" decoding=\"async\" width=\"1024\" height=\"768\" src=\"https:\/\/www.ssaver.gob.mx\/difusion\/wp-content\/uploads\/sites\/23\/2025\/04\/Transformacion_Coatza_4-1024x768.jpeg\" alt=\"\" class=\"wp-image-4772\" srcset=\"https:\/\/www.ssaver.gob.mx\/difusion\/wp-content\/uploads\/sites\/23\/2025\/04\/Transformacion_Coatza_4-1024x768.jpeg 1024w, https:\/\/www.ssaver.gob.mx\/difusion\/wp-content\/uploads\/sites\/23\/2025\/04\/Transformacion_Coatza_4-300x225.jpeg 300w, https:\/\/www.ssaver.gob.mx\/difusion\/wp-content\/uploads\/sites\/23\/2025\/04\/Transformacion_Coatza_4-768x576.jpeg 768w, https:\/\/www.ssaver.gob.mx\/difusion\/wp-content\/uploads\/sites\/23\/2025\/04\/Transformacion_Coatza_4.jpeg 1280w\" sizes=\"auto, (max-width: 1024px) 100vw, 1024px\" \/><\/figure>\n<\/div>\n\n\n\n<div class=\"wp-block-column is-vertically-aligned-center is-layout-flow wp-block-column-is-layout-flow\">\n<figure class=\"wp-block-image size-large\"><img loading=\"lazy\" decoding=\"async\" width=\"1024\" height=\"682\" src=\"https:\/\/www.ssaver.gob.mx\/difusion\/wp-content\/uploads\/sites\/23\/2025\/04\/Transformacion_Coatza_5-1024x682.jpeg\" alt=\"\" class=\"wp-image-4773\" srcset=\"https:\/\/www.ssaver.gob.mx\/difusion\/wp-content\/uploads\/sites\/23\/2025\/04\/Transformacion_Coatza_5-1024x682.jpeg 1024w, https:\/\/www.ssaver.gob.mx\/difusion\/wp-content\/uploads\/sites\/23\/2025\/04\/Transformacion_Coatza_5-300x200.jpeg 300w, https:\/\/www.ssaver.gob.mx\/difusion\/wp-content\/uploads\/sites\/23\/2025\/04\/Transformacion_Coatza_5-768x512.jpeg 768w, https:\/\/www.ssaver.gob.mx\/difusion\/wp-content\/uploads\/sites\/23\/2025\/04\/Transformacion_Coatza_5-1536x1023.jpeg 1536w, https:\/\/www.ssaver.gob.mx\/difusion\/wp-content\/uploads\/sites\/23\/2025\/04\/Transformacion_Coatza_5.jpeg 1600w\" sizes=\"auto, (max-width: 1024px) 100vw, 1024px\" \/><\/figure>\n<\/div>\n<\/div>\n\n\n\n<p><\/p>\n\n\n\n<figure class=\"wp-block-image size-large\"><img loading=\"lazy\" decoding=\"async\" width=\"1421\" height=\"1066\" src=\"https:\/\/www.ssaver.gob.mx\/difusion\/wp-content\/uploads\/sites\/23\/2025\/05\/Transformacion_Coatza_7-edited.jpeg\" alt=\"\" class=\"wp-image-5195\" srcset=\"https:\/\/www.ssaver.gob.mx\/difusion\/wp-content\/uploads\/sites\/23\/2025\/05\/Transformacion_Coatza_7-edited.jpeg 1421w, https:\/\/www.ssaver.gob.mx\/difusion\/wp-content\/uploads\/sites\/23\/2025\/05\/Transformacion_Coatza_7-edited-300x225.jpeg 300w, https:\/\/www.ssaver.gob.mx\/difusion\/wp-content\/uploads\/sites\/23\/2025\/05\/Transformacion_Coatza_7-edited-1024x768.jpeg 1024w, https:\/\/www.ssaver.gob.mx\/difusion\/wp-content\/uploads\/sites\/23\/2025\/05\/Transformacion_Coatza_7-edited-768x576.jpeg 768w\" sizes=\"auto, (max-width: 1421px) 100vw, 1421px\" \/><\/figure>\n\n\n\n<p><\/p>\n","protected":false},"excerpt":{"rendered":"<p>&#8211; SIOP rehabilitar\u00e1 espacios p\u00fablicos para impulsar el turismo y la econom\u00eda. Coatzacoalcos, Ver., jueves 03 de abril de 2025.-<\/p>\n","protected":false},"author":68,"featured_media":4814,"comment_status":"closed","ping_status":"closed","sticky":false,"template":"","format":"standard","meta":{"colormag_page_container_layout":"default_layout","colormag_page_sidebar_layout":"default_layout","footnotes":""},"categories":[119,115],"tags":[295,124,300,141,191,142],"class_list":["post-4767","post","type-post","status-publish","format-standard","has-post-thumbnail","hentry","category-comunicados","category-general","tag-coatzacoalcos","tag-fotogaleria","tag-rocio-nahle","tag-salud","tag-valentin-herrera-alarcon","tag-veracruz"],"_links":{"self":[{"href":"https:\/\/www.ssaver.gob.mx\/difusion\/wp-json\/wp\/v2\/posts\/4767","targetHints":{"allow":["GET"]}}],"collection":[{"href":"https:\/\/www.ssaver.gob.mx\/difusion\/wp-json\/wp\/v2\/posts"}],"about":[{"href":"https:\/\/www.ssaver.gob.mx\/difusion\/wp-json\/wp\/v2\/types\/post"}],"author":[{"embeddable":true,"href":"https:\/\/www.ssaver.gob.mx\/difusion\/wp-json\/wp\/v2\/users\/68"}],"replies":[{"embeddable":true,"href":"https:\/\/www.ssaver.gob.mx\/difusion\/wp-json\/wp\/v2\/comments?post=4767"}],"version-history":[{"count":12,"href":"https:\/\/www.ssaver.gob.mx\/difusion\/wp-json\/wp\/v2\/posts\/4767\/revisions"}],"predecessor-version":[{"id":5198,"href":"https:\/\/www.ssaver.gob.mx\/difusion\/wp-json\/wp\/v2\/posts\/4767\/revisions\/5198"}],"wp:featuredmedia":[{"embeddable":true,"href":"https:\/\/www.ssaver.gob.mx\/difusion\/wp-json\/wp\/v2\/media\/4814"}],"wp:attachment":[{"href":"https:\/\/www.ssaver.gob.mx\/difusion\/wp-json\/wp\/v2\/media?parent=4767"}],"wp:term":[{"taxonomy":"category","embeddable":true,"href":"https:\/\/www.ssaver.gob.mx\/difusion\/wp-json\/wp\/v2\/categories?post=4767"},{"taxonomy":"post_tag","embeddable":true,"href":"https:\/\/www.ssaver.gob.mx\/difusion\/wp-json\/wp\/v2\/tags?post=4767"}],"curies":[{"name":"wp","href":"https:\/\/api.w.org\/{rel}","templated":true}]}}