{"id":4957,"date":"2025-04-11T20:22:08","date_gmt":"2025-04-12T01:22:08","guid":{"rendered":"https:\/\/www.ssaver.gob.mx\/difusion\/?p=4957"},"modified":"2025-05-07T15:22:55","modified_gmt":"2025-05-07T20:22:55","slug":"enfermedades-bucodentales-pueden-afectar-el-corazon-y-el-cerebro-advierte-ss","status":"publish","type":"post","link":"https:\/\/www.ssaver.gob.mx\/difusion\/2025\/04\/11\/enfermedades-bucodentales-pueden-afectar-el-corazon-y-el-cerebro-advierte-ss\/","title":{"rendered":"Enfermedades bucodentales pueden afectar el coraz\u00f3n y el cerebro, advierte SS"},"content":{"rendered":"\n<p> &gt;Odont\u00f3logos brindan atenci\u00f3n preventiva en escuelas, adem\u00e1s de profilaxis y restauraciones en centros de salud.<\/p>\n\n\n\n<p class=\"has-medium-font-size\"><strong>Xalapa, Ver., viernes 11 de abril de 2025.- <\/strong>La Secretar\u00eda de Salud (SS) refuerza la prevenci\u00f3n de enfermedades que afectan a los dientes, enc\u00edas, lengua, labios, paladar y am\u00edgdalas, en la poblaci\u00f3n, tomando en cuenta que la falta de higiene bucal est\u00e1 estrechamente relacionada con el bienestar de todo el cuerpo.<\/p>\n\n\n\n<p class=\"has-medium-font-size\">La odont\u00f3loga Erika Ingrid Melgarejo V\u00e1zquez enfatiza a los usuarios que las infecciones bucales pueden afectar \u00f3rganos vitales como el coraz\u00f3n y el cerebro, debido a que las bacterias viajan por el torrente sangu\u00edneo.<\/p>\n\n\n\n<p class=\"has-medium-font-size\">Adem\u00e1s, la falta de higiene bucal puede derivar en el desarrollo de caries y problemas en las enc\u00edas, causar p\u00e9rdida de dientes y otras complicaciones como c\u00e1ncer en la boca y hasta afecciones cardiovasculares.<\/p>\n\n\n\n<p class=\"has-medium-font-size\">Para crear conciencia entre la poblaci\u00f3n infantil se brinda orientaci\u00f3n en las escuelas sobre el cuidado de los dientes y la aplicaci\u00f3n de fl\u00faor, que ayuda a fortalecer el esmalte dental y a prevenir caries. En adultos, adem\u00e1s de la profilaxis (limpieza dental) para eliminar el sarro, se realizan restauraciones con resinas si se detectan.<\/p>\n\n\n\n<p class=\"has-medium-font-size\">Es indispensable la autoexploraci\u00f3n para identificar posibles anomal\u00edas en la boca como bultos o lesiones; en caso de cualquier sospecha acudir inmediatamente al Centro de Salud m\u00e1s cercano para recibir orientaci\u00f3n profesional a trav\u00e9s de servicios de prevenci\u00f3n y curativos para cuidar la salud bucal.<\/p>\n\n\n\n<p class=\"has-medium-font-size\"><\/p>\n\n\n\n<figure class=\"wp-block-image size-large\"><img loading=\"lazy\" decoding=\"async\" width=\"1024\" height=\"700\" src=\"https:\/\/www.ssaver.gob.mx\/difusion\/wp-content\/uploads\/sites\/23\/2025\/04\/WhatsApp-Image-2025-04-11-at-18.56.31-1024x700.jpeg\" alt=\"\" class=\"wp-image-4963\" srcset=\"https:\/\/www.ssaver.gob.mx\/difusion\/wp-content\/uploads\/sites\/23\/2025\/04\/WhatsApp-Image-2025-04-11-at-18.56.31-1024x700.jpeg 1024w, https:\/\/www.ssaver.gob.mx\/difusion\/wp-content\/uploads\/sites\/23\/2025\/04\/WhatsApp-Image-2025-04-11-at-18.56.31-300x205.jpeg 300w, https:\/\/www.ssaver.gob.mx\/difusion\/wp-content\/uploads\/sites\/23\/2025\/04\/WhatsApp-Image-2025-04-11-at-18.56.31-768x525.jpeg 768w, https:\/\/www.ssaver.gob.mx\/difusion\/wp-content\/uploads\/sites\/23\/2025\/04\/WhatsApp-Image-2025-04-11-at-18.56.31-130x90.jpeg 130w, https:\/\/www.ssaver.gob.mx\/difusion\/wp-content\/uploads\/sites\/23\/2025\/04\/WhatsApp-Image-2025-04-11-at-18.56.31.jpeg 1280w\" sizes=\"auto, (max-width: 1024px) 100vw, 1024px\" \/><\/figure>\n\n\n\n<p><\/p>\n\n\n\n<div class=\"wp-block-columns is-layout-flex wp-container-core-columns-is-layout-28f84493 wp-block-columns-is-layout-flex\">\n<div class=\"wp-block-column is-vertically-aligned-center is-layout-flow wp-block-column-is-layout-flow\">\n<figure class=\"wp-block-image size-large\"><img loading=\"lazy\" decoding=\"async\" width=\"1024\" height=\"680\" src=\"https:\/\/www.ssaver.gob.mx\/difusion\/wp-content\/uploads\/sites\/23\/2025\/04\/WhatsApp-Image-2025-04-11-at-18.56.31-2-1024x680.jpeg\" alt=\"\" class=\"wp-image-4961\" srcset=\"https:\/\/www.ssaver.gob.mx\/difusion\/wp-content\/uploads\/sites\/23\/2025\/04\/WhatsApp-Image-2025-04-11-at-18.56.31-2-1024x680.jpeg 1024w, https:\/\/www.ssaver.gob.mx\/difusion\/wp-content\/uploads\/sites\/23\/2025\/04\/WhatsApp-Image-2025-04-11-at-18.56.31-2-300x199.jpeg 300w, https:\/\/www.ssaver.gob.mx\/difusion\/wp-content\/uploads\/sites\/23\/2025\/04\/WhatsApp-Image-2025-04-11-at-18.56.31-2-768x510.jpeg 768w, https:\/\/www.ssaver.gob.mx\/difusion\/wp-content\/uploads\/sites\/23\/2025\/04\/WhatsApp-Image-2025-04-11-at-18.56.31-2.jpeg 1280w\" sizes=\"auto, (max-width: 1024px) 100vw, 1024px\" \/><\/figure>\n<\/div>\n\n\n\n<div class=\"wp-block-column is-layout-flow wp-block-column-is-layout-flow\">\n<figure class=\"wp-block-image size-large\"><img loading=\"lazy\" decoding=\"async\" width=\"1024\" height=\"710\" src=\"https:\/\/www.ssaver.gob.mx\/difusion\/wp-content\/uploads\/sites\/23\/2025\/04\/WhatsApp-Image-2025-04-11-at-18.56.31-1-1024x710.jpeg\" alt=\"\" class=\"wp-image-4960\" srcset=\"https:\/\/www.ssaver.gob.mx\/difusion\/wp-content\/uploads\/sites\/23\/2025\/04\/WhatsApp-Image-2025-04-11-at-18.56.31-1-1024x710.jpeg 1024w, https:\/\/www.ssaver.gob.mx\/difusion\/wp-content\/uploads\/sites\/23\/2025\/04\/WhatsApp-Image-2025-04-11-at-18.56.31-1-300x208.jpeg 300w, https:\/\/www.ssaver.gob.mx\/difusion\/wp-content\/uploads\/sites\/23\/2025\/04\/WhatsApp-Image-2025-04-11-at-18.56.31-1-768x532.jpeg 768w, https:\/\/www.ssaver.gob.mx\/difusion\/wp-content\/uploads\/sites\/23\/2025\/04\/WhatsApp-Image-2025-04-11-at-18.56.31-1-392x272.jpeg 392w, https:\/\/www.ssaver.gob.mx\/difusion\/wp-content\/uploads\/sites\/23\/2025\/04\/WhatsApp-Image-2025-04-11-at-18.56.31-1-130x90.jpeg 130w, https:\/\/www.ssaver.gob.mx\/difusion\/wp-content\/uploads\/sites\/23\/2025\/04\/WhatsApp-Image-2025-04-11-at-18.56.31-1.jpeg 1280w\" sizes=\"auto, (max-width: 1024px) 100vw, 1024px\" \/><\/figure>\n<\/div>\n<\/div>\n\n\n\n<p><\/p>\n\n\n\n<div class=\"wp-block-columns is-layout-flex wp-container-core-columns-is-layout-28f84493 wp-block-columns-is-layout-flex\">\n<div class=\"wp-block-column is-layout-flow wp-block-column-is-layout-flow\">\n<figure class=\"wp-block-image size-large\"><img loading=\"lazy\" decoding=\"async\" width=\"1024\" height=\"705\" src=\"https:\/\/www.ssaver.gob.mx\/difusion\/wp-content\/uploads\/sites\/23\/2025\/04\/WhatsApp-Image-2025-04-11-at-18.56.32-1024x705.jpeg\" alt=\"\" class=\"wp-image-4964\" srcset=\"https:\/\/www.ssaver.gob.mx\/difusion\/wp-content\/uploads\/sites\/23\/2025\/04\/WhatsApp-Image-2025-04-11-at-18.56.32-1024x705.jpeg 1024w, https:\/\/www.ssaver.gob.mx\/difusion\/wp-content\/uploads\/sites\/23\/2025\/04\/WhatsApp-Image-2025-04-11-at-18.56.32-300x206.jpeg 300w, https:\/\/www.ssaver.gob.mx\/difusion\/wp-content\/uploads\/sites\/23\/2025\/04\/WhatsApp-Image-2025-04-11-at-18.56.32-768x529.jpeg 768w, https:\/\/www.ssaver.gob.mx\/difusion\/wp-content\/uploads\/sites\/23\/2025\/04\/WhatsApp-Image-2025-04-11-at-18.56.32-130x90.jpeg 130w, https:\/\/www.ssaver.gob.mx\/difusion\/wp-content\/uploads\/sites\/23\/2025\/04\/WhatsApp-Image-2025-04-11-at-18.56.32.jpeg 1280w\" sizes=\"auto, (max-width: 1024px) 100vw, 1024px\" \/><\/figure>\n<\/div>\n\n\n\n<div class=\"wp-block-column is-layout-flow wp-block-column-is-layout-flow\">\n<figure class=\"wp-block-image size-large\"><img loading=\"lazy\" decoding=\"async\" width=\"1024\" height=\"666\" src=\"https:\/\/www.ssaver.gob.mx\/difusion\/wp-content\/uploads\/sites\/23\/2025\/04\/WhatsApp-Image-2025-04-11-at-18.56.31-3-1024x666.jpeg\" alt=\"\" class=\"wp-image-4962\" srcset=\"https:\/\/www.ssaver.gob.mx\/difusion\/wp-content\/uploads\/sites\/23\/2025\/04\/WhatsApp-Image-2025-04-11-at-18.56.31-3-1024x666.jpeg 1024w, https:\/\/www.ssaver.gob.mx\/difusion\/wp-content\/uploads\/sites\/23\/2025\/04\/WhatsApp-Image-2025-04-11-at-18.56.31-3-300x195.jpeg 300w, https:\/\/www.ssaver.gob.mx\/difusion\/wp-content\/uploads\/sites\/23\/2025\/04\/WhatsApp-Image-2025-04-11-at-18.56.31-3-768x500.jpeg 768w, https:\/\/www.ssaver.gob.mx\/difusion\/wp-content\/uploads\/sites\/23\/2025\/04\/WhatsApp-Image-2025-04-11-at-18.56.31-3.jpeg 1280w\" sizes=\"auto, (max-width: 1024px) 100vw, 1024px\" \/><\/figure>\n<\/div>\n<\/div>\n","protected":false},"excerpt":{"rendered":"<p>&gt;Odont\u00f3logos brindan atenci\u00f3n preventiva en escuelas, adem\u00e1s de profilaxis y restauraciones en centros de salud. Xalapa, Ver., viernes 11 de<\/p>\n","protected":false},"author":68,"featured_media":4963,"comment_status":"closed","ping_status":"closed","sticky":false,"template":"","format":"standard","meta":{"colormag_page_container_layout":"default_layout","colormag_page_sidebar_layout":"default_layout","footnotes":""},"categories":[111,115],"tags":[124,141,469,169,189,184,142],"class_list":["post-4957","post","type-post","status-publish","format-standard","has-post-thumbnail","hentry","category-boletines","category-general","tag-fotogaleria","tag-salud","tag-salud-bucodental","tag-salud-veracruz","tag-secretaria-de-salud-de-veracruz","tag-sesver","tag-veracruz"],"_links":{"self":[{"href":"https:\/\/www.ssaver.gob.mx\/difusion\/wp-json\/wp\/v2\/posts\/4957","targetHints":{"allow":["GET"]}}],"collection":[{"href":"https:\/\/www.ssaver.gob.mx\/difusion\/wp-json\/wp\/v2\/posts"}],"about":[{"href":"https:\/\/www.ssaver.gob.mx\/difusion\/wp-json\/wp\/v2\/types\/post"}],"author":[{"embeddable":true,"href":"https:\/\/www.ssaver.gob.mx\/difusion\/wp-json\/wp\/v2\/users\/68"}],"replies":[{"embeddable":true,"href":"https:\/\/www.ssaver.gob.mx\/difusion\/wp-json\/wp\/v2\/comments?post=4957"}],"version-history":[{"count":6,"href":"https:\/\/www.ssaver.gob.mx\/difusion\/wp-json\/wp\/v2\/posts\/4957\/revisions"}],"predecessor-version":[{"id":5213,"href":"https:\/\/www.ssaver.gob.mx\/difusion\/wp-json\/wp\/v2\/posts\/4957\/revisions\/5213"}],"wp:featuredmedia":[{"embeddable":true,"href":"https:\/\/www.ssaver.gob.mx\/difusion\/wp-json\/wp\/v2\/media\/4963"}],"wp:attachment":[{"href":"https:\/\/www.ssaver.gob.mx\/difusion\/wp-json\/wp\/v2\/media?parent=4957"}],"wp:term":[{"taxonomy":"category","embeddable":true,"href":"https:\/\/www.ssaver.gob.mx\/difusion\/wp-json\/wp\/v2\/categories?post=4957"},{"taxonomy":"post_tag","embeddable":true,"href":"https:\/\/www.ssaver.gob.mx\/difusion\/wp-json\/wp\/v2\/tags?post=4957"}],"curies":[{"name":"wp","href":"https:\/\/api.w.org\/{rel}","templated":true}]}}