{"id":4995,"date":"2025-04-16T14:06:42","date_gmt":"2025-04-16T19:06:42","guid":{"rendered":"https:\/\/www.ssaver.gob.mx\/difusion\/?p=4995"},"modified":"2025-05-07T15:38:59","modified_gmt":"2025-05-07T20:38:59","slug":"promueve-salud-deteccion-de-senales-tempranas-del-parkinson","status":"publish","type":"post","link":"https:\/\/www.ssaver.gob.mx\/difusion\/2025\/04\/16\/promueve-salud-deteccion-de-senales-tempranas-del-parkinson\/","title":{"rendered":"Promueve Salud detecci\u00f3n de se\u00f1ales tempranas del Parkinson"},"content":{"rendered":"\n<p>&gt;Centros de salud, espacios de primer contacto para su identificaci\u00f3n y orientaci\u00f3n.<\/p>\n\n\n\n<p class=\"has-medium-font-size\">&nbsp;<strong>Xalapa, Ver., mi\u00e9rcoles 16 de abril de 2025.-<\/strong>&nbsp;La Secretar\u00eda de Salud (SS) cuenta con tratamientos farmacol\u00f3gicos y psicoterap\u00e9uticos para atender enfermedades cr\u00f3nicas y neurodegenerativas como el Parkinson, presentada con alta frecuencia en personas mayores.<\/p>\n\n\n\n<p class=\"has-medium-font-size\">Este padecimiento es asociado a trastornos motores, no s\u00f3lo con temblor de las extremidades, tambi\u00e9n con dificultad o rigidez de movimiento, ca\u00eddas repentinas y trastornos de la marcha, explic\u00f3 el m\u00e9dico especialista en Geriatr\u00eda del Centro de Alta Especialidad (CAE) Dr. Rafael Lucio, Erick Gerardo Ruiz Moya.<\/p>\n\n\n\n<p class=\"has-medium-font-size\">\u00abEn ocasiones podemos ver la cara del paciente con cierta rigidez, disminuci\u00f3n en la expresi\u00f3n y resequedad de los ojos, asociada a la dificultad para parpadear; empiezan a tener un volumen de voz m\u00e1s bajo de lo habitual. Estos datos son indicios del Parkinson\u00bb, agreg\u00f3.<\/p>\n\n\n\n<p class=\"has-medium-font-size\">Existen 5 etapas del padecimiento, de la 1 a la 3 puede existir o no el temblor, en la 4 y 5 ocurren lesiones propias de la columna vertebral, debido a que el movimiento es m\u00e1s notorio y puede migrar a la zona central del cuerpo.<\/p>\n\n\n\n<p class=\"has-medium-font-size\">\u00abHay adem\u00e1s modificaciones en el metabolismo, el estre\u00f1imiento comienza a ser frecuente; algunos pacientes pueden sufrir alteraciones del sue\u00f1o, combinado incluso con alucinaciones\u00bb, se\u00f1al\u00f3 el m\u00e9dico adscrito al CAE.<\/p>\n\n\n\n<p class=\"has-medium-font-size\">Despu\u00e9s del Alzheimer, el Parkinson es considerado el segundo padecimiento neurodegenerativo m\u00e1s frecuente en personas mayores de 50 a\u00f1os, por tanto, es importante identificar los factores motrices asociados a la edad y mantenerse al tanto de su movilidad en las tareas cotidianas.<\/p>\n\n\n\n<p class=\"has-medium-font-size\">Los estados neurodegenerativos propios de esta enfermedad pueden asociarse a otras condiciones a nivel de memoria, present\u00e1ndose alteraciones de orientaci\u00f3n y del tiempo-espacio.<\/p>\n\n\n\n<p class=\"has-medium-font-size\">\u00abLos estudios de laboratorio y gabinete son importantes para la evidencia cient\u00edfica y atender cualquier causa que pueda acompa\u00f1ar la condici\u00f3n del Parkinson, sin embargo, la valoraci\u00f3n de primer contacto es indispensable, deben siempre acercarse a su m\u00e9dico de cabecera y asistir a los centros de salud\u00bb, puntualiz\u00f3.&nbsp;<\/p>\n\n\n\n<p class=\"has-medium-font-size\">Para conocer m\u00e1s acerca del tema, pueden consultar el podcast Salud a la Veracruzana, en YouTube:&nbsp;<a href=\"https:\/\/www.youtube.com\/watch?v=wollL6bjPGo\">https:\/\/www.youtube.com\/watch?v=wollL6bjPGo<\/a>.&nbsp;<\/p>\n\n\n\n<p><\/p>\n\n\n\n<div class=\"wp-block-columns is-layout-flex wp-container-core-columns-is-layout-28f84493 wp-block-columns-is-layout-flex\">\n<div class=\"wp-block-column is-layout-flow wp-block-column-is-layout-flow\">\n<figure class=\"wp-block-image size-large\"><img loading=\"lazy\" decoding=\"async\" width=\"1024\" height=\"714\" src=\"https:\/\/www.ssaver.gob.mx\/difusion\/wp-content\/uploads\/sites\/23\/2025\/04\/WhatsApp-Image-2025-04-16-at-12.44.12-1024x714.jpeg\" alt=\"\" class=\"wp-image-4998\" srcset=\"https:\/\/www.ssaver.gob.mx\/difusion\/wp-content\/uploads\/sites\/23\/2025\/04\/WhatsApp-Image-2025-04-16-at-12.44.12-1024x714.jpeg 1024w, https:\/\/www.ssaver.gob.mx\/difusion\/wp-content\/uploads\/sites\/23\/2025\/04\/WhatsApp-Image-2025-04-16-at-12.44.12-300x209.jpeg 300w, https:\/\/www.ssaver.gob.mx\/difusion\/wp-content\/uploads\/sites\/23\/2025\/04\/WhatsApp-Image-2025-04-16-at-12.44.12-768x536.jpeg 768w, https:\/\/www.ssaver.gob.mx\/difusion\/wp-content\/uploads\/sites\/23\/2025\/04\/WhatsApp-Image-2025-04-16-at-12.44.12-1536x1072.jpeg 1536w, https:\/\/www.ssaver.gob.mx\/difusion\/wp-content\/uploads\/sites\/23\/2025\/04\/WhatsApp-Image-2025-04-16-at-12.44.12-2048x1429.jpeg 2048w, https:\/\/www.ssaver.gob.mx\/difusion\/wp-content\/uploads\/sites\/23\/2025\/04\/WhatsApp-Image-2025-04-16-at-12.44.12-392x272.jpeg 392w, https:\/\/www.ssaver.gob.mx\/difusion\/wp-content\/uploads\/sites\/23\/2025\/04\/WhatsApp-Image-2025-04-16-at-12.44.12-130x90.jpeg 130w\" sizes=\"auto, (max-width: 1024px) 100vw, 1024px\" \/><\/figure>\n<\/div>\n\n\n\n<div class=\"wp-block-column is-layout-flow wp-block-column-is-layout-flow\">\n<figure class=\"wp-block-image size-large\"><img loading=\"lazy\" decoding=\"async\" width=\"1024\" height=\"704\" src=\"https:\/\/www.ssaver.gob.mx\/difusion\/wp-content\/uploads\/sites\/23\/2025\/04\/WhatsApp-Image-2025-04-16-at-12.44.11-1024x704.jpeg\" alt=\"\" class=\"wp-image-4997\" srcset=\"https:\/\/www.ssaver.gob.mx\/difusion\/wp-content\/uploads\/sites\/23\/2025\/04\/WhatsApp-Image-2025-04-16-at-12.44.11-1024x704.jpeg 1024w, https:\/\/www.ssaver.gob.mx\/difusion\/wp-content\/uploads\/sites\/23\/2025\/04\/WhatsApp-Image-2025-04-16-at-12.44.11-300x206.jpeg 300w, https:\/\/www.ssaver.gob.mx\/difusion\/wp-content\/uploads\/sites\/23\/2025\/04\/WhatsApp-Image-2025-04-16-at-12.44.11-768x528.jpeg 768w, https:\/\/www.ssaver.gob.mx\/difusion\/wp-content\/uploads\/sites\/23\/2025\/04\/WhatsApp-Image-2025-04-16-at-12.44.11-1536x1057.jpeg 1536w, https:\/\/www.ssaver.gob.mx\/difusion\/wp-content\/uploads\/sites\/23\/2025\/04\/WhatsApp-Image-2025-04-16-at-12.44.11-2048x1409.jpeg 2048w, https:\/\/www.ssaver.gob.mx\/difusion\/wp-content\/uploads\/sites\/23\/2025\/04\/WhatsApp-Image-2025-04-16-at-12.44.11-130x90.jpeg 130w\" sizes=\"auto, (max-width: 1024px) 100vw, 1024px\" \/><\/figure>\n<\/div>\n<\/div>\n","protected":false},"excerpt":{"rendered":"<p>&gt;Centros de salud, espacios de primer contacto para su identificaci\u00f3n y orientaci\u00f3n. &nbsp;Xalapa, Ver., mi\u00e9rcoles 16 de abril de 2025.-&nbsp;La<\/p>\n","protected":false},"author":68,"featured_media":5000,"comment_status":"closed","ping_status":"closed","sticky":false,"template":"","format":"standard","meta":{"colormag_page_container_layout":"default_layout","colormag_page_sidebar_layout":"default_layout","footnotes":""},"categories":[111,115],"tags":[481,479,480,478,477,141,184,142,137],"class_list":["post-4995","post","type-post","status-publish","format-standard","has-post-thumbnail","hentry","category-boletines","category-general","tag-alzheimer","tag-dr-rafael-lucio","tag-erick-gerardo-ruiz-moya","tag-geriatria","tag-parkinson","tag-salud","tag-sesver","tag-veracruz","tag-xalapa"],"_links":{"self":[{"href":"https:\/\/www.ssaver.gob.mx\/difusion\/wp-json\/wp\/v2\/posts\/4995","targetHints":{"allow":["GET"]}}],"collection":[{"href":"https:\/\/www.ssaver.gob.mx\/difusion\/wp-json\/wp\/v2\/posts"}],"about":[{"href":"https:\/\/www.ssaver.gob.mx\/difusion\/wp-json\/wp\/v2\/types\/post"}],"author":[{"embeddable":true,"href":"https:\/\/www.ssaver.gob.mx\/difusion\/wp-json\/wp\/v2\/users\/68"}],"replies":[{"embeddable":true,"href":"https:\/\/www.ssaver.gob.mx\/difusion\/wp-json\/wp\/v2\/comments?post=4995"}],"version-history":[{"count":5,"href":"https:\/\/www.ssaver.gob.mx\/difusion\/wp-json\/wp\/v2\/posts\/4995\/revisions"}],"predecessor-version":[{"id":5216,"href":"https:\/\/www.ssaver.gob.mx\/difusion\/wp-json\/wp\/v2\/posts\/4995\/revisions\/5216"}],"wp:featuredmedia":[{"embeddable":true,"href":"https:\/\/www.ssaver.gob.mx\/difusion\/wp-json\/wp\/v2\/media\/5000"}],"wp:attachment":[{"href":"https:\/\/www.ssaver.gob.mx\/difusion\/wp-json\/wp\/v2\/media?parent=4995"}],"wp:term":[{"taxonomy":"category","embeddable":true,"href":"https:\/\/www.ssaver.gob.mx\/difusion\/wp-json\/wp\/v2\/categories?post=4995"},{"taxonomy":"post_tag","embeddable":true,"href":"https:\/\/www.ssaver.gob.mx\/difusion\/wp-json\/wp\/v2\/tags?post=4995"}],"curies":[{"name":"wp","href":"https:\/\/api.w.org\/{rel}","templated":true}]}}