{"id":5021,"date":"2025-04-17T19:00:51","date_gmt":"2025-04-18T00:00:51","guid":{"rendered":"https:\/\/www.ssaver.gob.mx\/difusion\/?p=5021"},"modified":"2025-05-07T15:50:43","modified_gmt":"2025-05-07T20:50:43","slug":"operativo-sanitario-garantiza-condiciones-higienicas-durante-el-periodo-vacacional-de-semana-santa","status":"publish","type":"post","link":"https:\/\/www.ssaver.gob.mx\/difusion\/2025\/04\/17\/operativo-sanitario-garantiza-condiciones-higienicas-durante-el-periodo-vacacional-de-semana-santa\/","title":{"rendered":"Operativo sanitario garantiza condiciones higi\u00e9nicas durante el periodo vacacional de Semana Santa"},"content":{"rendered":"\n<p>&gt;Personal de salud supervisa playas, restaurantes, hoteles y mercados para proteger a la poblaci\u00f3n.<\/p>\n\n\n\n<p class=\"has-medium-font-size\"><strong>Xalapa, Ver., jueves 17 de abril de 2025.-<\/strong>&nbsp;La Secretar\u00eda de Salud implementa un operativo especial de vigilancia en las 11 jurisdicciones, con el objetivo de salvaguardar la salud de la poblaci\u00f3n durante el periodo vacacional de Semana Santa.<\/p>\n\n\n\n<p class=\"has-medium-font-size\">A trav\u00e9s de la Direcci\u00f3n de Protecci\u00f3n contra Riesgos Sanitarios, se inspecciona el manejo adecuado de alimentos, las condiciones de higiene y el correcto almacenamiento de agua en albercas, hoteles, mercados y balnearios.<\/p>\n\n\n\n<p class=\"has-medium-font-size\">De manera paralela, mediante la toma de muestras, se vigila el producto de pescader\u00edas y procesadoras de mariscos, para descartar la presencia de bacterias como Salmonella, Vibrio cholerae y Escherichia coli, asociadas a enfermedades intestinales.<\/p>\n\n\n\n<p class=\"has-medium-font-size\">En caso de irregularidades, se aplican las sanciones contempladas en el art\u00edculo 417 de la Ley General de Salud, que van desde amonestaciones hasta clausuras.<\/p>\n\n\n\n<p class=\"has-medium-font-size\">Asimismo, se instalaron m\u00f3dulos de atenci\u00f3n m\u00e9dica en puntos tur\u00edsticos estrat\u00e9gicos, los cuales ofrecen asistencia inmediata ante cualquier eventualidad.<\/p>\n\n\n\n<p class=\"has-medium-font-size\">\u201cEl personal de salud est\u00e1 preparado y las playas est\u00e1n listas para recibir a la ciudadan\u00eda. Queremos que disfruten con seguridad y tranquilidad\u201d, afirm\u00f3 el director de Protecci\u00f3n contra Riesgos Sanitarios, Roberto Ruiz Vargas.<\/p>\n\n\n\n<p class=\"has-medium-font-size\">Previamente, la Comisi\u00f3n Federal para la Protecci\u00f3n contra Riesgos Sanitarios certific\u00f3 el estado de las playas, tras monitorear la calidad del agua de mar, principalmente en destinos tur\u00edsticos como Tuxpan, Mart\u00ednez de la Torre, Veracruz, San Andr\u00e9s Tuxtla y Coatzacoalcos.<\/p>\n\n\n\n<p class=\"has-medium-font-size\">El operativo se realiza en coordinaci\u00f3n con \u00e1reas de la propia Secretar\u00eda, como Salud P\u00fablica y Atenci\u00f3n M\u00e9dica, as\u00ed como con dependencias federales, estatales y municipales, entre ellas las secretar\u00edas de Marina, de la Defensa Nacional, Protecci\u00f3n Civil y Turismo.<\/p>\n\n\n\n<p><\/p>\n\n\n\n<div class=\"wp-block-columns is-layout-flex wp-container-core-columns-is-layout-28f84493 wp-block-columns-is-layout-flex\">\n<div class=\"wp-block-column is-layout-flow wp-block-column-is-layout-flow\">\n<figure class=\"wp-block-image size-large\"><img loading=\"lazy\" decoding=\"async\" width=\"1024\" height=\"768\" src=\"https:\/\/www.ssaver.gob.mx\/difusion\/wp-content\/uploads\/sites\/23\/2025\/04\/Supervi_1-1024x768.jpeg\" alt=\"\" class=\"wp-image-5032\" srcset=\"https:\/\/www.ssaver.gob.mx\/difusion\/wp-content\/uploads\/sites\/23\/2025\/04\/Supervi_1-1024x768.jpeg 1024w, https:\/\/www.ssaver.gob.mx\/difusion\/wp-content\/uploads\/sites\/23\/2025\/04\/Supervi_1-300x225.jpeg 300w, https:\/\/www.ssaver.gob.mx\/difusion\/wp-content\/uploads\/sites\/23\/2025\/04\/Supervi_1-768x576.jpeg 768w, https:\/\/www.ssaver.gob.mx\/difusion\/wp-content\/uploads\/sites\/23\/2025\/04\/Supervi_1.jpeg 1280w\" sizes=\"auto, (max-width: 1024px) 100vw, 1024px\" \/><\/figure>\n<\/div>\n\n\n\n<div class=\"wp-block-column is-layout-flow wp-block-column-is-layout-flow\">\n<figure class=\"wp-block-image size-large\"><img loading=\"lazy\" decoding=\"async\" width=\"1024\" height=\"770\" src=\"https:\/\/www.ssaver.gob.mx\/difusion\/wp-content\/uploads\/sites\/23\/2025\/04\/Supervi_9-1024x770.jpeg\" alt=\"\" class=\"wp-image-5028\" srcset=\"https:\/\/www.ssaver.gob.mx\/difusion\/wp-content\/uploads\/sites\/23\/2025\/04\/Supervi_9-1024x770.jpeg 1024w, https:\/\/www.ssaver.gob.mx\/difusion\/wp-content\/uploads\/sites\/23\/2025\/04\/Supervi_9-300x226.jpeg 300w, https:\/\/www.ssaver.gob.mx\/difusion\/wp-content\/uploads\/sites\/23\/2025\/04\/Supervi_9-768x578.jpeg 768w, https:\/\/www.ssaver.gob.mx\/difusion\/wp-content\/uploads\/sites\/23\/2025\/04\/Supervi_9.jpeg 1280w\" sizes=\"auto, (max-width: 1024px) 100vw, 1024px\" \/><\/figure>\n<\/div>\n\n\n\n<div class=\"wp-block-column is-layout-flow wp-block-column-is-layout-flow\">\n<figure class=\"wp-block-image size-large\"><img loading=\"lazy\" decoding=\"async\" width=\"1024\" height=\"768\" src=\"https:\/\/www.ssaver.gob.mx\/difusion\/wp-content\/uploads\/sites\/23\/2025\/04\/Supervi_4-1024x768.jpeg\" alt=\"\" class=\"wp-image-5029\" srcset=\"https:\/\/www.ssaver.gob.mx\/difusion\/wp-content\/uploads\/sites\/23\/2025\/04\/Supervi_4-1024x768.jpeg 1024w, https:\/\/www.ssaver.gob.mx\/difusion\/wp-content\/uploads\/sites\/23\/2025\/04\/Supervi_4-300x225.jpeg 300w, https:\/\/www.ssaver.gob.mx\/difusion\/wp-content\/uploads\/sites\/23\/2025\/04\/Supervi_4-768x576.jpeg 768w, https:\/\/www.ssaver.gob.mx\/difusion\/wp-content\/uploads\/sites\/23\/2025\/04\/Supervi_4.jpeg 1280w\" sizes=\"auto, (max-width: 1024px) 100vw, 1024px\" \/><\/figure>\n<\/div>\n<\/div>\n\n\n\n<p><\/p>\n\n\n\n<figure class=\"wp-block-image size-large\"><img loading=\"lazy\" decoding=\"async\" width=\"1024\" height=\"576\" src=\"https:\/\/www.ssaver.gob.mx\/difusion\/wp-content\/uploads\/sites\/23\/2025\/04\/Supervi_8-1024x576.jpeg\" alt=\"\" class=\"wp-image-5027\" srcset=\"https:\/\/www.ssaver.gob.mx\/difusion\/wp-content\/uploads\/sites\/23\/2025\/04\/Supervi_8-1024x576.jpeg 1024w, https:\/\/www.ssaver.gob.mx\/difusion\/wp-content\/uploads\/sites\/23\/2025\/04\/Supervi_8-300x169.jpeg 300w, https:\/\/www.ssaver.gob.mx\/difusion\/wp-content\/uploads\/sites\/23\/2025\/04\/Supervi_8-768x432.jpeg 768w, https:\/\/www.ssaver.gob.mx\/difusion\/wp-content\/uploads\/sites\/23\/2025\/04\/Supervi_8.jpeg 1280w\" sizes=\"auto, (max-width: 1024px) 100vw, 1024px\" \/><\/figure>\n\n\n\n<p><\/p>\n\n\n\n<div class=\"wp-block-columns is-layout-flex wp-container-core-columns-is-layout-28f84493 wp-block-columns-is-layout-flex\">\n<div class=\"wp-block-column is-vertically-aligned-center is-layout-flow wp-block-column-is-layout-flow\">\n<figure class=\"wp-block-image size-large\"><img loading=\"lazy\" decoding=\"async\" width=\"768\" height=\"1024\" src=\"https:\/\/www.ssaver.gob.mx\/difusion\/wp-content\/uploads\/sites\/23\/2025\/04\/Supervi_5-768x1024.jpeg\" alt=\"\" class=\"wp-image-5024\" srcset=\"https:\/\/www.ssaver.gob.mx\/difusion\/wp-content\/uploads\/sites\/23\/2025\/04\/Supervi_5-768x1024.jpeg 768w, https:\/\/www.ssaver.gob.mx\/difusion\/wp-content\/uploads\/sites\/23\/2025\/04\/Supervi_5-225x300.jpeg 225w, https:\/\/www.ssaver.gob.mx\/difusion\/wp-content\/uploads\/sites\/23\/2025\/04\/Supervi_5-1152x1536.jpeg 1152w, https:\/\/www.ssaver.gob.mx\/difusion\/wp-content\/uploads\/sites\/23\/2025\/04\/Supervi_5.jpeg 1200w\" sizes=\"auto, (max-width: 768px) 100vw, 768px\" \/><\/figure>\n<\/div>\n\n\n\n<div class=\"wp-block-column is-layout-flow wp-block-column-is-layout-flow\">\n<figure class=\"wp-block-image size-large\"><img loading=\"lazy\" decoding=\"async\" width=\"768\" height=\"1024\" src=\"https:\/\/www.ssaver.gob.mx\/difusion\/wp-content\/uploads\/sites\/23\/2025\/04\/Supervi_7-768x1024.jpeg\" alt=\"\" class=\"wp-image-5026\" srcset=\"https:\/\/www.ssaver.gob.mx\/difusion\/wp-content\/uploads\/sites\/23\/2025\/04\/Supervi_7-768x1024.jpeg 768w, https:\/\/www.ssaver.gob.mx\/difusion\/wp-content\/uploads\/sites\/23\/2025\/04\/Supervi_7-225x300.jpeg 225w, https:\/\/www.ssaver.gob.mx\/difusion\/wp-content\/uploads\/sites\/23\/2025\/04\/Supervi_7-1152x1536.jpeg 1152w, https:\/\/www.ssaver.gob.mx\/difusion\/wp-content\/uploads\/sites\/23\/2025\/04\/Supervi_7.jpeg 1200w\" sizes=\"auto, (max-width: 768px) 100vw, 768px\" \/><\/figure>\n<\/div>\n\n\n\n<div class=\"wp-block-column is-layout-flow wp-block-column-is-layout-flow\">\n<figure class=\"wp-block-image size-large\"><img loading=\"lazy\" decoding=\"async\" width=\"768\" height=\"1024\" src=\"https:\/\/www.ssaver.gob.mx\/difusion\/wp-content\/uploads\/sites\/23\/2025\/04\/Supervi_6-768x1024.jpeg\" alt=\"\" class=\"wp-image-5025\" srcset=\"https:\/\/www.ssaver.gob.mx\/difusion\/wp-content\/uploads\/sites\/23\/2025\/04\/Supervi_6-768x1024.jpeg 768w, https:\/\/www.ssaver.gob.mx\/difusion\/wp-content\/uploads\/sites\/23\/2025\/04\/Supervi_6-225x300.jpeg 225w, https:\/\/www.ssaver.gob.mx\/difusion\/wp-content\/uploads\/sites\/23\/2025\/04\/Supervi_6.jpeg 960w\" sizes=\"auto, (max-width: 768px) 100vw, 768px\" \/><\/figure>\n<\/div>\n<\/div>\n\n\n\n<p><\/p>\n\n\n\n<div class=\"wp-block-columns is-layout-flex wp-container-core-columns-is-layout-28f84493 wp-block-columns-is-layout-flex\">\n<div class=\"wp-block-column is-vertically-aligned-center is-layout-flow wp-block-column-is-layout-flow\">\n<figure class=\"wp-block-image size-large\"><img loading=\"lazy\" decoding=\"async\" width=\"770\" height=\"1024\" src=\"https:\/\/www.ssaver.gob.mx\/difusion\/wp-content\/uploads\/sites\/23\/2025\/04\/Supervi_2-770x1024.jpeg\" alt=\"\" class=\"wp-image-5031\" srcset=\"https:\/\/www.ssaver.gob.mx\/difusion\/wp-content\/uploads\/sites\/23\/2025\/04\/Supervi_2-770x1024.jpeg 770w, https:\/\/www.ssaver.gob.mx\/difusion\/wp-content\/uploads\/sites\/23\/2025\/04\/Supervi_2-226x300.jpeg 226w, https:\/\/www.ssaver.gob.mx\/difusion\/wp-content\/uploads\/sites\/23\/2025\/04\/Supervi_2-768x1021.jpeg 768w, https:\/\/www.ssaver.gob.mx\/difusion\/wp-content\/uploads\/sites\/23\/2025\/04\/Supervi_2.jpeg 963w\" sizes=\"auto, (max-width: 770px) 100vw, 770px\" \/><\/figure>\n<\/div>\n\n\n\n<div class=\"wp-block-column is-layout-flow wp-block-column-is-layout-flow\">\n<figure class=\"wp-block-image size-large\"><img loading=\"lazy\" decoding=\"async\" width=\"576\" height=\"1024\" src=\"https:\/\/www.ssaver.gob.mx\/difusion\/wp-content\/uploads\/sites\/23\/2025\/04\/Supervi_3-576x1024.jpeg\" alt=\"\" class=\"wp-image-5030\" srcset=\"https:\/\/www.ssaver.gob.mx\/difusion\/wp-content\/uploads\/sites\/23\/2025\/04\/Supervi_3-576x1024.jpeg 576w, https:\/\/www.ssaver.gob.mx\/difusion\/wp-content\/uploads\/sites\/23\/2025\/04\/Supervi_3-169x300.jpeg 169w, https:\/\/www.ssaver.gob.mx\/difusion\/wp-content\/uploads\/sites\/23\/2025\/04\/Supervi_3.jpeg 720w\" sizes=\"auto, (max-width: 576px) 100vw, 576px\" \/><\/figure>\n<\/div>\n\n\n\n<div class=\"wp-block-column is-vertically-aligned-center is-layout-flow wp-block-column-is-layout-flow\">\n<figure class=\"wp-block-image size-large\"><img loading=\"lazy\" decoding=\"async\" width=\"1024\" height=\"771\" src=\"https:\/\/www.ssaver.gob.mx\/difusion\/wp-content\/uploads\/sites\/23\/2025\/04\/Supervi_10-1024x771.jpeg\" alt=\"\" class=\"wp-image-5023\" srcset=\"https:\/\/www.ssaver.gob.mx\/difusion\/wp-content\/uploads\/sites\/23\/2025\/04\/Supervi_10-1024x771.jpeg 1024w, https:\/\/www.ssaver.gob.mx\/difusion\/wp-content\/uploads\/sites\/23\/2025\/04\/Supervi_10-300x226.jpeg 300w, https:\/\/www.ssaver.gob.mx\/difusion\/wp-content\/uploads\/sites\/23\/2025\/04\/Supervi_10-768x578.jpeg 768w, https:\/\/www.ssaver.gob.mx\/difusion\/wp-content\/uploads\/sites\/23\/2025\/04\/Supervi_10-1536x1156.jpeg 1536w, https:\/\/www.ssaver.gob.mx\/difusion\/wp-content\/uploads\/sites\/23\/2025\/04\/Supervi_10.jpeg 1600w\" sizes=\"auto, (max-width: 1024px) 100vw, 1024px\" \/><\/figure>\n<\/div>\n<\/div>\n\n\n\n<p><\/p>\n","protected":false},"excerpt":{"rendered":"<p>&gt;Personal de salud supervisa playas, restaurantes, hoteles y mercados para proteger a la poblaci\u00f3n. Xalapa, Ver., jueves 17 de abril<\/p>\n","protected":false},"author":68,"featured_media":5033,"comment_status":"closed","ping_status":"closed","sticky":false,"template":"","format":"standard","meta":{"colormag_page_container_layout":"default_layout","colormag_page_sidebar_layout":"default_layout","footnotes":""},"categories":[119,115],"tags":[124,484,141,189,184,142],"class_list":["post-5021","post","type-post","status-publish","format-standard","has-post-thumbnail","hentry","category-comunicados","category-general","tag-fotogaleria","tag-periodo-vacacional-semana-santa-2025","tag-salud","tag-secretaria-de-salud-de-veracruz","tag-sesver","tag-veracruz"],"_links":{"self":[{"href":"https:\/\/www.ssaver.gob.mx\/difusion\/wp-json\/wp\/v2\/posts\/5021","targetHints":{"allow":["GET"]}}],"collection":[{"href":"https:\/\/www.ssaver.gob.mx\/difusion\/wp-json\/wp\/v2\/posts"}],"about":[{"href":"https:\/\/www.ssaver.gob.mx\/difusion\/wp-json\/wp\/v2\/types\/post"}],"author":[{"embeddable":true,"href":"https:\/\/www.ssaver.gob.mx\/difusion\/wp-json\/wp\/v2\/users\/68"}],"replies":[{"embeddable":true,"href":"https:\/\/www.ssaver.gob.mx\/difusion\/wp-json\/wp\/v2\/comments?post=5021"}],"version-history":[{"count":3,"href":"https:\/\/www.ssaver.gob.mx\/difusion\/wp-json\/wp\/v2\/posts\/5021\/revisions"}],"predecessor-version":[{"id":5220,"href":"https:\/\/www.ssaver.gob.mx\/difusion\/wp-json\/wp\/v2\/posts\/5021\/revisions\/5220"}],"wp:featuredmedia":[{"embeddable":true,"href":"https:\/\/www.ssaver.gob.mx\/difusion\/wp-json\/wp\/v2\/media\/5033"}],"wp:attachment":[{"href":"https:\/\/www.ssaver.gob.mx\/difusion\/wp-json\/wp\/v2\/media?parent=5021"}],"wp:term":[{"taxonomy":"category","embeddable":true,"href":"https:\/\/www.ssaver.gob.mx\/difusion\/wp-json\/wp\/v2\/categories?post=5021"},{"taxonomy":"post_tag","embeddable":true,"href":"https:\/\/www.ssaver.gob.mx\/difusion\/wp-json\/wp\/v2\/tags?post=5021"}],"curies":[{"name":"wp","href":"https:\/\/api.w.org\/{rel}","templated":true}]}}