{"id":5036,"date":"2025-04-19T16:10:59","date_gmt":"2025-04-19T21:10:59","guid":{"rendered":"https:\/\/www.ssaver.gob.mx\/difusion\/?p=5036"},"modified":"2025-05-07T17:30:52","modified_gmt":"2025-05-07T22:30:52","slug":"veracruz-supera-el-90-de-curacion-en-pacientes-con-tuberculosis","status":"publish","type":"post","link":"https:\/\/www.ssaver.gob.mx\/difusion\/2025\/04\/19\/veracruz-supera-el-90-de-curacion-en-pacientes-con-tuberculosis\/","title":{"rendered":"Veracruz supera el 90% de curaci\u00f3n en pacientes con tuberculosis"},"content":{"rendered":"\n<p>&gt;Disminuye tasa de mortalidad; la entidad por debajo de la media nacional.<\/p>\n\n\n\n<p>&gt;Cobertura estatal contra la enfermedad alcanza 83 % en lo que va del a\u00f1o.<\/p>\n\n\n\n<p class=\"has-medium-font-size\"><strong>Xalapa, Ver<\/strong>., s\u00e1bado 19 de abril de 2025.- La Secretar\u00eda de Salud da seguimiento puntual y ha intensificado las acciones para prevenir, detectar y tratar la tuberculosis a fin de cortar cadenas de transmisi\u00f3n, disminuir la mortalidad y proteger a la poblaci\u00f3n.<\/p>\n\n\n\n<p class=\"has-medium-font-size\">Para ello realiza b\u00fasqueda intencionada de casos, especialmente en grupos vulnerables como personas que viven con VIH, diabetes mellitus, en situaci\u00f3n de calle, privadas de la libertad o en centros de rehabilitaci\u00f3n.<\/p>\n\n\n\n<p class=\"has-medium-font-size\">Desarrolla pl\u00e1ticas informativas en unidades m\u00e9dicas, escuelas, albergues y centros penitenciarios, con el objetivo de dar a conocer los s\u00edntomas y las medidas preventivas.<\/p>\n\n\n\n<p class=\"has-medium-font-size\">Brinda seguimiento personalizado de cada caso confirmado, con visitas domiciliarias, entrega y supervisi\u00f3n de medicamentos, estudios de contactos y monitoreo continuo a trav\u00e9s de la plataforma \u00fanica de informaci\u00f3n.<\/p>\n\n\n\n<p class=\"has-medium-font-size\">En lo que va del a\u00f1o ha realizado m\u00e1s de 3 mil 500 tamizajes para la detecci\u00f3n intencionada de casos; mantiene la vacunaci\u00f3n permanente con BCG, logrando una cobertura preliminar del 83.2 % hasta el mes de marzo.<\/p>\n\n\n\n<p class=\"has-medium-font-size\">La tasa de curaci\u00f3n en Veracruz se encuentra por encima del 90 %, mientras que la tasa de mortalidad registrada en 2022 fue de 2.1 por cada 100 mil habitantes, muy por debajo de la media nacional, que fue de 16.6 en el mismo periodo.<\/p>\n\n\n\n<p class=\"has-medium-font-size\">La tuberculosis, es una enfermedad infecciosa que se transmite f\u00e1cilmente por el aire, principalmente cuando una persona enferma tose, estornuda o habla sin estar en tratamiento; entre los s\u00edntomas m\u00e1s frecuentes se encuentran tos persistente por m\u00e1s de dos semanas, fiebre, p\u00e9rdida de peso, sudoraci\u00f3n nocturna, dolor en el pecho y, en casos m\u00e1s avanzados, presencia de sangre al toser.<\/p>\n\n\n\n<p class=\"has-medium-font-size\">El Gobierno de Veracruz hace un llamado a la poblaci\u00f3n a mantenerse informada y acudir de inmediato a su unidad m\u00e9dica m\u00e1s cercana si presenta s\u00edntomas relacionados.<\/p>\n\n\n\n<p class=\"has-medium-font-size\">El tratamiento es gratuito, seguro y debe completarse en su totalidad para evitar complicaciones o resistencias medicamentosas.<\/p>\n\n\n\n<p><\/p>\n\n\n\n<div class=\"wp-block-columns is-layout-flex wp-container-core-columns-is-layout-28f84493 wp-block-columns-is-layout-flex\">\n<div class=\"wp-block-column is-layout-flow wp-block-column-is-layout-flow\">\n<figure class=\"wp-block-image size-large\"><img loading=\"lazy\" decoding=\"async\" width=\"1024\" height=\"682\" src=\"https:\/\/www.ssaver.gob.mx\/difusion\/wp-content\/uploads\/sites\/23\/2025\/04\/IMG-20250419-WA0064-1024x682.jpg\" alt=\"\" class=\"wp-image-5043\" srcset=\"https:\/\/www.ssaver.gob.mx\/difusion\/wp-content\/uploads\/sites\/23\/2025\/04\/IMG-20250419-WA0064-1024x682.jpg 1024w, https:\/\/www.ssaver.gob.mx\/difusion\/wp-content\/uploads\/sites\/23\/2025\/04\/IMG-20250419-WA0064-300x200.jpg 300w, https:\/\/www.ssaver.gob.mx\/difusion\/wp-content\/uploads\/sites\/23\/2025\/04\/IMG-20250419-WA0064-768x512.jpg 768w, https:\/\/www.ssaver.gob.mx\/difusion\/wp-content\/uploads\/sites\/23\/2025\/04\/IMG-20250419-WA0064.jpg 1280w\" sizes=\"auto, (max-width: 1024px) 100vw, 1024px\" \/><\/figure>\n<\/div>\n\n\n\n<div class=\"wp-block-column is-layout-flow wp-block-column-is-layout-flow\">\n<figure class=\"wp-block-image size-large\"><img loading=\"lazy\" decoding=\"async\" width=\"1024\" height=\"682\" src=\"https:\/\/www.ssaver.gob.mx\/difusion\/wp-content\/uploads\/sites\/23\/2025\/04\/IMG-20250419-WA0061-1024x682.jpg\" alt=\"\" class=\"wp-image-5040\" srcset=\"https:\/\/www.ssaver.gob.mx\/difusion\/wp-content\/uploads\/sites\/23\/2025\/04\/IMG-20250419-WA0061-1024x682.jpg 1024w, https:\/\/www.ssaver.gob.mx\/difusion\/wp-content\/uploads\/sites\/23\/2025\/04\/IMG-20250419-WA0061-300x200.jpg 300w, https:\/\/www.ssaver.gob.mx\/difusion\/wp-content\/uploads\/sites\/23\/2025\/04\/IMG-20250419-WA0061-768x512.jpg 768w, https:\/\/www.ssaver.gob.mx\/difusion\/wp-content\/uploads\/sites\/23\/2025\/04\/IMG-20250419-WA0061.jpg 1280w\" sizes=\"auto, (max-width: 1024px) 100vw, 1024px\" \/><\/figure>\n<\/div>\n<\/div>\n\n\n\n<p><\/p>\n\n\n\n<figure class=\"wp-block-image size-large\"><img loading=\"lazy\" decoding=\"async\" width=\"1024\" height=\"682\" src=\"https:\/\/www.ssaver.gob.mx\/difusion\/wp-content\/uploads\/sites\/23\/2025\/04\/IMG-20250419-WA0063-1024x682.jpg\" alt=\"\" class=\"wp-image-5042\" srcset=\"https:\/\/www.ssaver.gob.mx\/difusion\/wp-content\/uploads\/sites\/23\/2025\/04\/IMG-20250419-WA0063-1024x682.jpg 1024w, https:\/\/www.ssaver.gob.mx\/difusion\/wp-content\/uploads\/sites\/23\/2025\/04\/IMG-20250419-WA0063-300x200.jpg 300w, https:\/\/www.ssaver.gob.mx\/difusion\/wp-content\/uploads\/sites\/23\/2025\/04\/IMG-20250419-WA0063-768x512.jpg 768w, https:\/\/www.ssaver.gob.mx\/difusion\/wp-content\/uploads\/sites\/23\/2025\/04\/IMG-20250419-WA0063.jpg 1280w\" sizes=\"auto, (max-width: 1024px) 100vw, 1024px\" \/><\/figure>\n\n\n\n<p><\/p>\n\n\n\n<figure class=\"wp-block-image size-large\"><img loading=\"lazy\" decoding=\"async\" width=\"1024\" height=\"682\" src=\"https:\/\/www.ssaver.gob.mx\/difusion\/wp-content\/uploads\/sites\/23\/2025\/04\/IMG-20250419-WA0062-1024x682.jpg\" alt=\"\" class=\"wp-image-5041\" srcset=\"https:\/\/www.ssaver.gob.mx\/difusion\/wp-content\/uploads\/sites\/23\/2025\/04\/IMG-20250419-WA0062-1024x682.jpg 1024w, https:\/\/www.ssaver.gob.mx\/difusion\/wp-content\/uploads\/sites\/23\/2025\/04\/IMG-20250419-WA0062-300x200.jpg 300w, https:\/\/www.ssaver.gob.mx\/difusion\/wp-content\/uploads\/sites\/23\/2025\/04\/IMG-20250419-WA0062-768x512.jpg 768w, https:\/\/www.ssaver.gob.mx\/difusion\/wp-content\/uploads\/sites\/23\/2025\/04\/IMG-20250419-WA0062.jpg 1280w\" sizes=\"auto, (max-width: 1024px) 100vw, 1024px\" \/><\/figure>\n","protected":false},"excerpt":{"rendered":"<p>&gt;Disminuye tasa de mortalidad; la entidad por debajo de la media nacional. &gt;Cobertura estatal contra la enfermedad alcanza 83 %<\/p>\n","protected":false},"author":68,"featured_media":5040,"comment_status":"closed","ping_status":"closed","sticky":false,"template":"","format":"standard","meta":{"colormag_page_container_layout":"default_layout","colormag_page_sidebar_layout":"default_layout","footnotes":""},"categories":[119,115],"tags":[510,124,509,141,189,184,409,164,142],"class_list":["post-5036","post","type-post","status-publish","format-standard","has-post-thumbnail","hentry","category-comunicados","category-general","tag-bcg","tag-fotogaleria","tag-pacientes-con-tuberculosis","tag-salud","tag-secretaria-de-salud-de-veracruz","tag-sesver","tag-tuberculosis","tag-vacunacion","tag-veracruz"],"_links":{"self":[{"href":"https:\/\/www.ssaver.gob.mx\/difusion\/wp-json\/wp\/v2\/posts\/5036","targetHints":{"allow":["GET"]}}],"collection":[{"href":"https:\/\/www.ssaver.gob.mx\/difusion\/wp-json\/wp\/v2\/posts"}],"about":[{"href":"https:\/\/www.ssaver.gob.mx\/difusion\/wp-json\/wp\/v2\/types\/post"}],"author":[{"embeddable":true,"href":"https:\/\/www.ssaver.gob.mx\/difusion\/wp-json\/wp\/v2\/users\/68"}],"replies":[{"embeddable":true,"href":"https:\/\/www.ssaver.gob.mx\/difusion\/wp-json\/wp\/v2\/comments?post=5036"}],"version-history":[{"count":6,"href":"https:\/\/www.ssaver.gob.mx\/difusion\/wp-json\/wp\/v2\/posts\/5036\/revisions"}],"predecessor-version":[{"id":5222,"href":"https:\/\/www.ssaver.gob.mx\/difusion\/wp-json\/wp\/v2\/posts\/5036\/revisions\/5222"}],"wp:featuredmedia":[{"embeddable":true,"href":"https:\/\/www.ssaver.gob.mx\/difusion\/wp-json\/wp\/v2\/media\/5040"}],"wp:attachment":[{"href":"https:\/\/www.ssaver.gob.mx\/difusion\/wp-json\/wp\/v2\/media?parent=5036"}],"wp:term":[{"taxonomy":"category","embeddable":true,"href":"https:\/\/www.ssaver.gob.mx\/difusion\/wp-json\/wp\/v2\/categories?post=5036"},{"taxonomy":"post_tag","embeddable":true,"href":"https:\/\/www.ssaver.gob.mx\/difusion\/wp-json\/wp\/v2\/tags?post=5036"}],"curies":[{"name":"wp","href":"https:\/\/api.w.org\/{rel}","templated":true}]}}