{"id":5065,"date":"2025-04-25T10:34:46","date_gmt":"2025-04-25T15:34:46","guid":{"rendered":"https:\/\/www.ssaver.gob.mx\/difusion\/?p=5065"},"modified":"2025-05-07T18:42:10","modified_gmt":"2025-05-07T23:42:10","slug":"rocio-nahle-supervisa-el-hospital-general-de-papantla-y-anuncia-mejoras","status":"publish","type":"post","link":"https:\/\/www.ssaver.gob.mx\/difusion\/2025\/04\/25\/rocio-nahle-supervisa-el-hospital-general-de-papantla-y-anuncia-mejoras\/","title":{"rendered":"Roc\u00edo Nahle supervisa el Hospital General de Papantla y anuncia mejoras"},"content":{"rendered":"\n<p class=\"has-medium-font-size\"><strong>Papantla, Ver.,&nbsp;jueves&nbsp;24&nbsp;de&nbsp;abril&nbsp;de 2025.-<\/strong>&nbsp;Como parte de su gira de trabajo por este municipio, la gobernadora Roc\u00edo Nahle Garc\u00eda supervis\u00f3 el Hospital General de Papantla, Dr. Jos\u00e9 Buill Belenguer, incorporado al sistema IMSS-Bienestar, donde adelant\u00f3 que se implementar\u00e1n mejoras en beneficio de la poblaci\u00f3n.<br><br>Acompa\u00f1ada por el secretario de Salud, Valent\u00edn Herrera Alarc\u00f3n, la&nbsp;Mandataria constat\u00f3 el abasto de medicamentos en farmacia e insumos necesarios del hospital, para brindar una atenci\u00f3n m\u00e9dica oportuna y de calidad.<\/p>\n\n\n\n<p class=\"has-medium-font-size\">Durante su recorrido, dialog\u00f3 con el personal sobre sus necesidades y sugerencias; asimismo, salud\u00f3 a familiares de pacientes, a quienes reiter\u00f3 su compromiso de seguir fortaleciendo el sistema de salud en coordinaci\u00f3n con las instituciones correspondientes.<\/p>\n\n\n\n<p class=\"has-medium-font-size\">M\u00e1s temprano, Nahle Garc\u00eda encabez\u00f3, en Papantla, la Mesa de Coordinaci\u00f3n para la Construcci\u00f3n de la Paz y present\u00f3 el Programa de Apoyos para la Producci\u00f3n de Ma\u00edz en las localidades de Pueblillo y San Lorenzo, destinado a impulsar el campo y fortalecer la soberan\u00eda alimentaria.<\/p>\n\n\n\n<p><\/p>\n\n\n\n<figure class=\"wp-block-image size-full\"><img loading=\"lazy\" decoding=\"async\" width=\"2560\" height=\"1706\" src=\"https:\/\/www.ssaver.gob.mx\/difusion\/wp-content\/uploads\/sites\/23\/2025\/04\/Papantla_1-scaled.jpeg\" alt=\"\" class=\"wp-image-5068\" srcset=\"https:\/\/www.ssaver.gob.mx\/difusion\/wp-content\/uploads\/sites\/23\/2025\/04\/Papantla_1-scaled.jpeg 2560w, https:\/\/www.ssaver.gob.mx\/difusion\/wp-content\/uploads\/sites\/23\/2025\/04\/Papantla_1-300x200.jpeg 300w, https:\/\/www.ssaver.gob.mx\/difusion\/wp-content\/uploads\/sites\/23\/2025\/04\/Papantla_1-1024x683.jpeg 1024w, https:\/\/www.ssaver.gob.mx\/difusion\/wp-content\/uploads\/sites\/23\/2025\/04\/Papantla_1-768x512.jpeg 768w, https:\/\/www.ssaver.gob.mx\/difusion\/wp-content\/uploads\/sites\/23\/2025\/04\/Papantla_1-1536x1024.jpeg 1536w, https:\/\/www.ssaver.gob.mx\/difusion\/wp-content\/uploads\/sites\/23\/2025\/04\/Papantla_1-2048x1365.jpeg 2048w\" sizes=\"auto, (max-width: 2560px) 100vw, 2560px\" \/><\/figure>\n\n\n\n<p><\/p>\n\n\n\n<div class=\"wp-block-columns is-layout-flex wp-container-core-columns-is-layout-28f84493 wp-block-columns-is-layout-flex\">\n<div class=\"wp-block-column is-layout-flow wp-block-column-is-layout-flow\">\n<figure class=\"wp-block-image size-large\"><img loading=\"lazy\" decoding=\"async\" width=\"1024\" height=\"683\" src=\"https:\/\/www.ssaver.gob.mx\/difusion\/wp-content\/uploads\/sites\/23\/2025\/04\/Papantla_2-1024x683.jpeg\" alt=\"\" class=\"wp-image-5069\" srcset=\"https:\/\/www.ssaver.gob.mx\/difusion\/wp-content\/uploads\/sites\/23\/2025\/04\/Papantla_2-1024x683.jpeg 1024w, https:\/\/www.ssaver.gob.mx\/difusion\/wp-content\/uploads\/sites\/23\/2025\/04\/Papantla_2-300x200.jpeg 300w, https:\/\/www.ssaver.gob.mx\/difusion\/wp-content\/uploads\/sites\/23\/2025\/04\/Papantla_2-768x512.jpeg 768w, https:\/\/www.ssaver.gob.mx\/difusion\/wp-content\/uploads\/sites\/23\/2025\/04\/Papantla_2-1536x1024.jpeg 1536w, https:\/\/www.ssaver.gob.mx\/difusion\/wp-content\/uploads\/sites\/23\/2025\/04\/Papantla_2-2048x1365.jpeg 2048w\" sizes=\"auto, (max-width: 1024px) 100vw, 1024px\" \/><\/figure>\n<\/div>\n\n\n\n<div class=\"wp-block-column is-layout-flow wp-block-column-is-layout-flow\">\n<figure class=\"wp-block-image size-large\"><img loading=\"lazy\" decoding=\"async\" width=\"1024\" height=\"683\" src=\"https:\/\/www.ssaver.gob.mx\/difusion\/wp-content\/uploads\/sites\/23\/2025\/04\/Papantla_3-1024x683.jpeg\" alt=\"\" class=\"wp-image-5070\" srcset=\"https:\/\/www.ssaver.gob.mx\/difusion\/wp-content\/uploads\/sites\/23\/2025\/04\/Papantla_3-1024x683.jpeg 1024w, https:\/\/www.ssaver.gob.mx\/difusion\/wp-content\/uploads\/sites\/23\/2025\/04\/Papantla_3-300x200.jpeg 300w, https:\/\/www.ssaver.gob.mx\/difusion\/wp-content\/uploads\/sites\/23\/2025\/04\/Papantla_3-768x512.jpeg 768w, https:\/\/www.ssaver.gob.mx\/difusion\/wp-content\/uploads\/sites\/23\/2025\/04\/Papantla_3-1536x1024.jpeg 1536w, https:\/\/www.ssaver.gob.mx\/difusion\/wp-content\/uploads\/sites\/23\/2025\/04\/Papantla_3-2048x1365.jpeg 2048w\" sizes=\"auto, (max-width: 1024px) 100vw, 1024px\" \/><\/figure>\n<\/div>\n<\/div>\n\n\n\n<p><\/p>\n\n\n\n<figure class=\"wp-block-image size-large\"><img loading=\"lazy\" decoding=\"async\" width=\"1024\" height=\"683\" src=\"https:\/\/www.ssaver.gob.mx\/difusion\/wp-content\/uploads\/sites\/23\/2025\/04\/Papantla_4-1024x683.jpeg\" alt=\"\" class=\"wp-image-5071\" srcset=\"https:\/\/www.ssaver.gob.mx\/difusion\/wp-content\/uploads\/sites\/23\/2025\/04\/Papantla_4-1024x683.jpeg 1024w, https:\/\/www.ssaver.gob.mx\/difusion\/wp-content\/uploads\/sites\/23\/2025\/04\/Papantla_4-300x200.jpeg 300w, https:\/\/www.ssaver.gob.mx\/difusion\/wp-content\/uploads\/sites\/23\/2025\/04\/Papantla_4-768x512.jpeg 768w, https:\/\/www.ssaver.gob.mx\/difusion\/wp-content\/uploads\/sites\/23\/2025\/04\/Papantla_4-1536x1024.jpeg 1536w, https:\/\/www.ssaver.gob.mx\/difusion\/wp-content\/uploads\/sites\/23\/2025\/04\/Papantla_4-2048x1365.jpeg 2048w\" sizes=\"auto, (max-width: 1024px) 100vw, 1024px\" \/><\/figure>\n\n\n\n<p><\/p>\n\n\n\n<div class=\"wp-block-columns is-layout-flex wp-container-core-columns-is-layout-28f84493 wp-block-columns-is-layout-flex\">\n<div class=\"wp-block-column is-layout-flow wp-block-column-is-layout-flow\">\n<figure class=\"wp-block-image size-large\"><img loading=\"lazy\" decoding=\"async\" width=\"1024\" height=\"683\" src=\"https:\/\/www.ssaver.gob.mx\/difusion\/wp-content\/uploads\/sites\/23\/2025\/04\/Papantla_8-1024x683.jpeg\" alt=\"\" class=\"wp-image-5075\" srcset=\"https:\/\/www.ssaver.gob.mx\/difusion\/wp-content\/uploads\/sites\/23\/2025\/04\/Papantla_8-1024x683.jpeg 1024w, https:\/\/www.ssaver.gob.mx\/difusion\/wp-content\/uploads\/sites\/23\/2025\/04\/Papantla_8-300x200.jpeg 300w, https:\/\/www.ssaver.gob.mx\/difusion\/wp-content\/uploads\/sites\/23\/2025\/04\/Papantla_8-768x512.jpeg 768w, https:\/\/www.ssaver.gob.mx\/difusion\/wp-content\/uploads\/sites\/23\/2025\/04\/Papantla_8-1536x1024.jpeg 1536w, https:\/\/www.ssaver.gob.mx\/difusion\/wp-content\/uploads\/sites\/23\/2025\/04\/Papantla_8-2048x1365.jpeg 2048w\" sizes=\"auto, (max-width: 1024px) 100vw, 1024px\" \/><\/figure>\n<\/div>\n\n\n\n<div class=\"wp-block-column is-layout-flow wp-block-column-is-layout-flow\">\n<figure class=\"wp-block-image size-large\"><img loading=\"lazy\" decoding=\"async\" width=\"1024\" height=\"683\" src=\"https:\/\/www.ssaver.gob.mx\/difusion\/wp-content\/uploads\/sites\/23\/2025\/04\/Papantla_6-1024x683.jpeg\" alt=\"\" class=\"wp-image-5073\" srcset=\"https:\/\/www.ssaver.gob.mx\/difusion\/wp-content\/uploads\/sites\/23\/2025\/04\/Papantla_6-1024x683.jpeg 1024w, https:\/\/www.ssaver.gob.mx\/difusion\/wp-content\/uploads\/sites\/23\/2025\/04\/Papantla_6-300x200.jpeg 300w, https:\/\/www.ssaver.gob.mx\/difusion\/wp-content\/uploads\/sites\/23\/2025\/04\/Papantla_6-768x512.jpeg 768w, https:\/\/www.ssaver.gob.mx\/difusion\/wp-content\/uploads\/sites\/23\/2025\/04\/Papantla_6-1536x1024.jpeg 1536w, https:\/\/www.ssaver.gob.mx\/difusion\/wp-content\/uploads\/sites\/23\/2025\/04\/Papantla_6-2048x1365.jpeg 2048w\" sizes=\"auto, (max-width: 1024px) 100vw, 1024px\" \/><\/figure>\n<\/div>\n\n\n\n<div class=\"wp-block-column is-layout-flow wp-block-column-is-layout-flow\">\n<figure class=\"wp-block-image size-large\"><img loading=\"lazy\" decoding=\"async\" width=\"1024\" height=\"683\" src=\"https:\/\/www.ssaver.gob.mx\/difusion\/wp-content\/uploads\/sites\/23\/2025\/04\/Papantla_7-1024x683.jpeg\" alt=\"\" class=\"wp-image-5074\" srcset=\"https:\/\/www.ssaver.gob.mx\/difusion\/wp-content\/uploads\/sites\/23\/2025\/04\/Papantla_7-1024x683.jpeg 1024w, https:\/\/www.ssaver.gob.mx\/difusion\/wp-content\/uploads\/sites\/23\/2025\/04\/Papantla_7-300x200.jpeg 300w, https:\/\/www.ssaver.gob.mx\/difusion\/wp-content\/uploads\/sites\/23\/2025\/04\/Papantla_7-768x512.jpeg 768w, https:\/\/www.ssaver.gob.mx\/difusion\/wp-content\/uploads\/sites\/23\/2025\/04\/Papantla_7-1536x1024.jpeg 1536w, https:\/\/www.ssaver.gob.mx\/difusion\/wp-content\/uploads\/sites\/23\/2025\/04\/Papantla_7-2048x1365.jpeg 2048w\" sizes=\"auto, (max-width: 1024px) 100vw, 1024px\" \/><\/figure>\n<\/div>\n<\/div>\n\n\n\n<p><\/p>\n\n\n\n<figure class=\"wp-block-image size-large\"><img loading=\"lazy\" decoding=\"async\" width=\"1024\" height=\"683\" src=\"https:\/\/www.ssaver.gob.mx\/difusion\/wp-content\/uploads\/sites\/23\/2025\/04\/Papantla_5-1024x683.jpeg\" alt=\"\" class=\"wp-image-5072\" srcset=\"https:\/\/www.ssaver.gob.mx\/difusion\/wp-content\/uploads\/sites\/23\/2025\/04\/Papantla_5-1024x683.jpeg 1024w, https:\/\/www.ssaver.gob.mx\/difusion\/wp-content\/uploads\/sites\/23\/2025\/04\/Papantla_5-300x200.jpeg 300w, https:\/\/www.ssaver.gob.mx\/difusion\/wp-content\/uploads\/sites\/23\/2025\/04\/Papantla_5-768x512.jpeg 768w, https:\/\/www.ssaver.gob.mx\/difusion\/wp-content\/uploads\/sites\/23\/2025\/04\/Papantla_5-1536x1024.jpeg 1536w, https:\/\/www.ssaver.gob.mx\/difusion\/wp-content\/uploads\/sites\/23\/2025\/04\/Papantla_5-2048x1365.jpeg 2048w\" sizes=\"auto, (max-width: 1024px) 100vw, 1024px\" \/><\/figure>\n","protected":false},"excerpt":{"rendered":"<p>Papantla, Ver.,&nbsp;jueves&nbsp;24&nbsp;de&nbsp;abril&nbsp;de 2025.-&nbsp;Como parte de su gira de trabajo por este municipio, la gobernadora Roc\u00edo Nahle Garc\u00eda supervis\u00f3 el Hospital<\/p>\n","protected":false},"author":68,"featured_media":5076,"comment_status":"closed","ping_status":"closed","sticky":false,"template":"","format":"standard","meta":{"colormag_page_container_layout":"default_layout","colormag_page_sidebar_layout":"default_layout","footnotes":""},"categories":[111,115],"tags":[506,124,505,508,504,141,189,507,184,191],"class_list":["post-5065","post","type-post","status-publish","format-standard","has-post-thumbnail","hentry","category-boletines","category-general","tag-dr-jose-buill-belenguer","tag-fotogaleria","tag-hospital-general-de-papantla","tag-mesa-de-coordinacion-para-la-construccion-de-la-paz","tag-rocio-nahle-2","tag-salud","tag-secretaria-de-salud-de-veracruz","tag-secretario-de-salud","tag-sesver","tag-valentin-herrera-alarcon"],"_links":{"self":[{"href":"https:\/\/www.ssaver.gob.mx\/difusion\/wp-json\/wp\/v2\/posts\/5065","targetHints":{"allow":["GET"]}}],"collection":[{"href":"https:\/\/www.ssaver.gob.mx\/difusion\/wp-json\/wp\/v2\/posts"}],"about":[{"href":"https:\/\/www.ssaver.gob.mx\/difusion\/wp-json\/wp\/v2\/types\/post"}],"author":[{"embeddable":true,"href":"https:\/\/www.ssaver.gob.mx\/difusion\/wp-json\/wp\/v2\/users\/68"}],"replies":[{"embeddable":true,"href":"https:\/\/www.ssaver.gob.mx\/difusion\/wp-json\/wp\/v2\/comments?post=5065"}],"version-history":[{"count":7,"href":"https:\/\/www.ssaver.gob.mx\/difusion\/wp-json\/wp\/v2\/posts\/5065\/revisions"}],"predecessor-version":[{"id":5227,"href":"https:\/\/www.ssaver.gob.mx\/difusion\/wp-json\/wp\/v2\/posts\/5065\/revisions\/5227"}],"wp:featuredmedia":[{"embeddable":true,"href":"https:\/\/www.ssaver.gob.mx\/difusion\/wp-json\/wp\/v2\/media\/5076"}],"wp:attachment":[{"href":"https:\/\/www.ssaver.gob.mx\/difusion\/wp-json\/wp\/v2\/media?parent=5065"}],"wp:term":[{"taxonomy":"category","embeddable":true,"href":"https:\/\/www.ssaver.gob.mx\/difusion\/wp-json\/wp\/v2\/categories?post=5065"},{"taxonomy":"post_tag","embeddable":true,"href":"https:\/\/www.ssaver.gob.mx\/difusion\/wp-json\/wp\/v2\/tags?post=5065"}],"curies":[{"name":"wp","href":"https:\/\/api.w.org\/{rel}","templated":true}]}}