{"id":5098,"date":"2025-04-25T17:58:47","date_gmt":"2025-04-25T22:58:47","guid":{"rendered":"https:\/\/www.ssaver.gob.mx\/difusion\/?p=5098"},"modified":"2025-05-12T11:55:20","modified_gmt":"2025-05-12T16:55:20","slug":"en-perote-salud-refuerza-la-concientizacion-para-prevenir-enfermedades-en-la-ninez","status":"publish","type":"post","link":"https:\/\/www.ssaver.gob.mx\/difusion\/2025\/04\/25\/en-perote-salud-refuerza-la-concientizacion-para-prevenir-enfermedades-en-la-ninez\/","title":{"rendered":"En Perote, Salud refuerza la concientizaci\u00f3n para prevenir enfermedades en la ni\u00f1ez"},"content":{"rendered":"\n<p><strong>&gt;<\/strong>Participaron 50 personas en Feria de Salud en el Hospital General<\/p>\n\n\n\n<p><\/p>\n\n\n\n<figure class=\"wp-block-image size-large\"><img loading=\"lazy\" decoding=\"async\" width=\"1024\" height=\"698\" src=\"https:\/\/www.ssaver.gob.mx\/difusion\/wp-content\/uploads\/sites\/23\/2025\/04\/Feria-de-la-salud-2-1024x698.jpeg\" alt=\"\" class=\"wp-image-5100\" srcset=\"https:\/\/www.ssaver.gob.mx\/difusion\/wp-content\/uploads\/sites\/23\/2025\/04\/Feria-de-la-salud-2-1024x698.jpeg 1024w, https:\/\/www.ssaver.gob.mx\/difusion\/wp-content\/uploads\/sites\/23\/2025\/04\/Feria-de-la-salud-2-300x205.jpeg 300w, https:\/\/www.ssaver.gob.mx\/difusion\/wp-content\/uploads\/sites\/23\/2025\/04\/Feria-de-la-salud-2-768x524.jpeg 768w, https:\/\/www.ssaver.gob.mx\/difusion\/wp-content\/uploads\/sites\/23\/2025\/04\/Feria-de-la-salud-2-1536x1047.jpeg 1536w, https:\/\/www.ssaver.gob.mx\/difusion\/wp-content\/uploads\/sites\/23\/2025\/04\/Feria-de-la-salud-2-130x90.jpeg 130w, https:\/\/www.ssaver.gob.mx\/difusion\/wp-content\/uploads\/sites\/23\/2025\/04\/Feria-de-la-salud-2.jpeg 1600w\" sizes=\"auto, (max-width: 1024px) 100vw, 1024px\" \/><\/figure>\n\n\n\n<p><\/p>\n\n\n\n<p class=\"has-medium-font-size\"><strong>Perote, Ver.,&nbsp;<\/strong><strong>viernes 25<\/strong><strong>&nbsp;de abril de 2025.-<\/strong>&nbsp;Como parte de las actividades conmemorativas por el D\u00eda de las Infancias, la Secretar\u00eda de Salud brind\u00f3 servicios m\u00e9dicos y orientaci\u00f3n preventiva enfocados en las ni\u00f1as y ni\u00f1os a trav\u00e9s de una Feria&nbsp;de&nbsp;Salud en el Hospital General de Perote.<\/p>\n\n\n\n<p class=\"has-medium-font-size\">El subdirector de la instituci\u00f3n, Alejandro Paredes Ruiz, inform\u00f3 que esta jornada cont\u00f3 con la revisi\u00f3n de cartillas de vacunaci\u00f3n, pruebas de tamiz neonatal, metab\u00f3lico y de estimulaci\u00f3n temprana, as\u00ed como orientaci\u00f3n sobre enfermedades respiratorias, diarreicas, salud bucal, detecci\u00f3n del espectro autista y c\u00e1ncer infantil.<\/p>\n\n\n\n<p class=\"has-medium-font-size\">\u201cEl objetivo es acercar estos servicios a la comunidad para prevenir enfermedades desde la infancia y evitar que tengan repercusiones en la edad adulta\u201d, explic\u00f3 el especialista, y agreg\u00f3 que participaron cerca de 50 personas entre ni\u00f1as, ni\u00f1os y adultos.<\/p>\n\n\n\n<p class=\"has-medium-font-size\">Con estas acciones, el Gobierno del Estado reafirma su compromiso de promover una cultura del autocuidado desde la infancia, acercando servicios m\u00e9dicos gratuitos y de calidad a todas las regiones de la entidad.<\/p>\n\n\n\n<p><\/p>\n\n\n\n<figure class=\"wp-block-image size-full\"><img loading=\"lazy\" decoding=\"async\" width=\"800\" height=\"445\" src=\"https:\/\/www.ssaver.gob.mx\/difusion\/wp-content\/uploads\/sites\/23\/2025\/04\/Feria-de-la-salud-2RI.jpg\" alt=\"\" class=\"wp-image-5102\" srcset=\"https:\/\/www.ssaver.gob.mx\/difusion\/wp-content\/uploads\/sites\/23\/2025\/04\/Feria-de-la-salud-2RI.jpg 800w, https:\/\/www.ssaver.gob.mx\/difusion\/wp-content\/uploads\/sites\/23\/2025\/04\/Feria-de-la-salud-2RI-300x167.jpg 300w, https:\/\/www.ssaver.gob.mx\/difusion\/wp-content\/uploads\/sites\/23\/2025\/04\/Feria-de-la-salud-2RI-768x427.jpg 768w\" sizes=\"auto, (max-width: 800px) 100vw, 800px\" \/><\/figure>\n","protected":false},"excerpt":{"rendered":"<p>&gt;Participaron 50 personas en Feria de Salud en el Hospital General Perote, Ver.,&nbsp;viernes 25&nbsp;de abril de 2025.-&nbsp;Como parte de las<\/p>\n","protected":false},"author":68,"featured_media":5102,"comment_status":"closed","ping_status":"closed","sticky":false,"template":"","format":"standard","meta":{"colormag_page_container_layout":"default_layout","colormag_page_sidebar_layout":"default_layout","footnotes":""},"categories":[111,115],"tags":[488,124,489,475,141,189,184],"class_list":["post-5098","post","type-post","status-publish","format-standard","has-post-thumbnail","hentry","category-boletines","category-general","tag-feria-de-salud-en-el-hospital-general-de-perote","tag-fotogaleria","tag-gobierno-del-estado","tag-perote","tag-salud","tag-secretaria-de-salud-de-veracruz","tag-sesver"],"_links":{"self":[{"href":"https:\/\/www.ssaver.gob.mx\/difusion\/wp-json\/wp\/v2\/posts\/5098","targetHints":{"allow":["GET"]}}],"collection":[{"href":"https:\/\/www.ssaver.gob.mx\/difusion\/wp-json\/wp\/v2\/posts"}],"about":[{"href":"https:\/\/www.ssaver.gob.mx\/difusion\/wp-json\/wp\/v2\/types\/post"}],"author":[{"embeddable":true,"href":"https:\/\/www.ssaver.gob.mx\/difusion\/wp-json\/wp\/v2\/users\/68"}],"replies":[{"embeddable":true,"href":"https:\/\/www.ssaver.gob.mx\/difusion\/wp-json\/wp\/v2\/comments?post=5098"}],"version-history":[{"count":3,"href":"https:\/\/www.ssaver.gob.mx\/difusion\/wp-json\/wp\/v2\/posts\/5098\/revisions"}],"predecessor-version":[{"id":5254,"href":"https:\/\/www.ssaver.gob.mx\/difusion\/wp-json\/wp\/v2\/posts\/5098\/revisions\/5254"}],"wp:featuredmedia":[{"embeddable":true,"href":"https:\/\/www.ssaver.gob.mx\/difusion\/wp-json\/wp\/v2\/media\/5102"}],"wp:attachment":[{"href":"https:\/\/www.ssaver.gob.mx\/difusion\/wp-json\/wp\/v2\/media?parent=5098"}],"wp:term":[{"taxonomy":"category","embeddable":true,"href":"https:\/\/www.ssaver.gob.mx\/difusion\/wp-json\/wp\/v2\/categories?post=5098"},{"taxonomy":"post_tag","embeddable":true,"href":"https:\/\/www.ssaver.gob.mx\/difusion\/wp-json\/wp\/v2\/tags?post=5098"}],"curies":[{"name":"wp","href":"https:\/\/api.w.org\/{rel}","templated":true}]}}