{"id":5138,"date":"2025-05-01T14:47:21","date_gmt":"2025-05-01T19:47:21","guid":{"rendered":"https:\/\/www.ssaver.gob.mx\/difusion\/?p=5138"},"modified":"2025-05-12T10:30:29","modified_gmt":"2025-05-12T15:30:29","slug":"unete-a-la-semana-nacional-de-vacunacion-la-prevencion-esta-en-tus-manos","status":"publish","type":"post","link":"https:\/\/www.ssaver.gob.mx\/difusion\/2025\/05\/01\/unete-a-la-semana-nacional-de-vacunacion-la-prevencion-esta-en-tus-manos\/","title":{"rendered":"\u00danete a la\u00a0Semana Nacional de Vacunaci\u00f3n, la prevenci\u00f3n est\u00e1 en tus manos."},"content":{"rendered":"\n<p>&gt; Dosis disponibles en hospitales, centros de salud y m\u00f3dulos itinerantes.<\/p>\n\n\n\n<p><strong>Xalapa, Ver., jueves 01 de mayo<\/strong><a><\/a><strong>&nbsp;de 2025.-<\/strong>&nbsp;En el marco de la Primera Semana Nacional de Vacunaci\u00f3n, el Gobierno de Veracruz hace un llamado a la poblaci\u00f3n para acudir a las unidades m\u00e9dicas y recibir, de forma gratuita,&nbsp;la inmunizaci\u00f3n&nbsp;contra enfermedades como tuberculosis, sarampi\u00f3n, rub\u00e9ola, tosferina, poliomielitis, t\u00e9tanos, difteria, hepatitis B, influenza y COVID-19.<\/p>\n\n\n\n<p>Contar con un esquema completo es esencial para proteger la salud individual y cortar las cadenas de transmisi\u00f3n en la comunidad. Las dosis est\u00e1n disponibles en hospitales, centros de salud y m\u00f3dulos itinerantes de las 11 jurisdicciones sanitarias del estado.<\/p>\n\n\n\n<p>Tras los primeros cuatro d\u00edas de campa\u00f1a, la&nbsp;Secretar\u00eda de Salud dispone&nbsp;433 mil 892 biol\u00f3gicos para prevenir hasta 20 enfermedades y, en coordinaci\u00f3n con el IMSS-Bienestar, intensifica su aplicaci\u00f3n con el objetivo de reducir riesgos de brotes.<\/p>\n\n\n\n<p>Las personas interesadas solo deben acudir con su Cartilla Nacional de Salud; en caso de no contar con ella, el personal m\u00e9dico brindar\u00e1 orientaci\u00f3n. Aunque la Semana Nacional de Vacunaci\u00f3n concluye el s\u00e1bado&nbsp;03 de mayo, la campa\u00f1a&nbsp;es&nbsp;permanente.<\/p>\n\n\n\n<p>Vacunarse es salud, es una estrategia nacional dirigida a ni\u00f1as y ni\u00f1os menores de 5 a\u00f1os, adolescentes, mujeres embarazadas, personas adultas mayores y grupos en situaci\u00f3n de riesgo, as\u00ed como el personal de salud.<\/p>\n\n\n\n<p><\/p>\n\n\n\n<div class=\"wp-block-columns is-layout-flex wp-container-core-columns-is-layout-28f84493 wp-block-columns-is-layout-flex\">\n<div class=\"wp-block-column is-layout-flow wp-block-column-is-layout-flow\">\n<figure class=\"wp-block-image size-large\"><img loading=\"lazy\" decoding=\"async\" width=\"683\" height=\"1024\" src=\"https:\/\/www.ssaver.gob.mx\/difusion\/wp-content\/uploads\/sites\/23\/2025\/05\/vacunacion1-683x1024.jpeg\" alt=\"\" class=\"wp-image-5134\" srcset=\"https:\/\/www.ssaver.gob.mx\/difusion\/wp-content\/uploads\/sites\/23\/2025\/05\/vacunacion1-683x1024.jpeg 683w, https:\/\/www.ssaver.gob.mx\/difusion\/wp-content\/uploads\/sites\/23\/2025\/05\/vacunacion1-200x300.jpeg 200w, https:\/\/www.ssaver.gob.mx\/difusion\/wp-content\/uploads\/sites\/23\/2025\/05\/vacunacion1-768x1152.jpeg 768w, https:\/\/www.ssaver.gob.mx\/difusion\/wp-content\/uploads\/sites\/23\/2025\/05\/vacunacion1-1024x1536.jpeg 1024w, https:\/\/www.ssaver.gob.mx\/difusion\/wp-content\/uploads\/sites\/23\/2025\/05\/vacunacion1-1365x2048.jpeg 1365w, https:\/\/www.ssaver.gob.mx\/difusion\/wp-content\/uploads\/sites\/23\/2025\/05\/vacunacion1-scaled.jpeg 1706w\" sizes=\"auto, (max-width: 683px) 100vw, 683px\" \/><\/figure>\n<\/div>\n<\/div>\n\n\n\n<p><\/p>\n\n\n\n<div class=\"wp-block-columns are-vertically-aligned-center is-layout-flex wp-container-core-columns-is-layout-28f84493 wp-block-columns-is-layout-flex\">\n<div class=\"wp-block-column is-vertically-aligned-center is-layout-flow wp-block-column-is-layout-flow\">\n<figure class=\"wp-block-image size-large\"><img loading=\"lazy\" decoding=\"async\" width=\"1024\" height=\"744\" src=\"https:\/\/www.ssaver.gob.mx\/difusion\/wp-content\/uploads\/sites\/23\/2025\/05\/vacunacion2-1024x744.jpeg\" alt=\"\" class=\"wp-image-5135\" srcset=\"https:\/\/www.ssaver.gob.mx\/difusion\/wp-content\/uploads\/sites\/23\/2025\/05\/vacunacion2-1024x744.jpeg 1024w, https:\/\/www.ssaver.gob.mx\/difusion\/wp-content\/uploads\/sites\/23\/2025\/05\/vacunacion2-300x218.jpeg 300w, https:\/\/www.ssaver.gob.mx\/difusion\/wp-content\/uploads\/sites\/23\/2025\/05\/vacunacion2-768x558.jpeg 768w, https:\/\/www.ssaver.gob.mx\/difusion\/wp-content\/uploads\/sites\/23\/2025\/05\/vacunacion2-1536x1116.jpeg 1536w, https:\/\/www.ssaver.gob.mx\/difusion\/wp-content\/uploads\/sites\/23\/2025\/05\/vacunacion2-2048x1488.jpeg 2048w\" sizes=\"auto, (max-width: 1024px) 100vw, 1024px\" \/><\/figure>\n<\/div>\n\n\n\n<div class=\"wp-block-column is-vertically-aligned-center is-layout-flow wp-block-column-is-layout-flow\">\n<figure class=\"wp-block-image size-large\"><img loading=\"lazy\" decoding=\"async\" width=\"774\" height=\"1024\" src=\"https:\/\/www.ssaver.gob.mx\/difusion\/wp-content\/uploads\/sites\/23\/2025\/05\/vacunacion4-774x1024.jpeg\" alt=\"\" class=\"wp-image-5137\" srcset=\"https:\/\/www.ssaver.gob.mx\/difusion\/wp-content\/uploads\/sites\/23\/2025\/05\/vacunacion4-774x1024.jpeg 774w, https:\/\/www.ssaver.gob.mx\/difusion\/wp-content\/uploads\/sites\/23\/2025\/05\/vacunacion4-227x300.jpeg 227w, https:\/\/www.ssaver.gob.mx\/difusion\/wp-content\/uploads\/sites\/23\/2025\/05\/vacunacion4-768x1016.jpeg 768w, https:\/\/www.ssaver.gob.mx\/difusion\/wp-content\/uploads\/sites\/23\/2025\/05\/vacunacion4.jpeg 1080w\" sizes=\"auto, (max-width: 774px) 100vw, 774px\" \/><\/figure>\n<\/div>\n\n\n\n<div class=\"wp-block-column is-vertically-aligned-center is-layout-flow wp-block-column-is-layout-flow\">\n<figure class=\"wp-block-image size-large\"><img loading=\"lazy\" decoding=\"async\" width=\"1024\" height=\"683\" src=\"https:\/\/www.ssaver.gob.mx\/difusion\/wp-content\/uploads\/sites\/23\/2025\/05\/vacunacion3-1024x683.jpeg\" alt=\"\" class=\"wp-image-5136\" srcset=\"https:\/\/www.ssaver.gob.mx\/difusion\/wp-content\/uploads\/sites\/23\/2025\/05\/vacunacion3-1024x683.jpeg 1024w, https:\/\/www.ssaver.gob.mx\/difusion\/wp-content\/uploads\/sites\/23\/2025\/05\/vacunacion3-300x200.jpeg 300w, https:\/\/www.ssaver.gob.mx\/difusion\/wp-content\/uploads\/sites\/23\/2025\/05\/vacunacion3-768x512.jpeg 768w, https:\/\/www.ssaver.gob.mx\/difusion\/wp-content\/uploads\/sites\/23\/2025\/05\/vacunacion3-1536x1024.jpeg 1536w, https:\/\/www.ssaver.gob.mx\/difusion\/wp-content\/uploads\/sites\/23\/2025\/05\/vacunacion3-2048x1365.jpeg 2048w\" sizes=\"auto, (max-width: 1024px) 100vw, 1024px\" \/><\/figure>\n<\/div>\n<\/div>\n","protected":false},"excerpt":{"rendered":"<p>&gt; Dosis disponibles en hospitales, centros de salud y m\u00f3dulos itinerantes. Xalapa, Ver., jueves 01 de mayo&nbsp;de 2025.-&nbsp;En el marco<\/p>\n","protected":false},"author":68,"featured_media":5137,"comment_status":"closed","ping_status":"closed","sticky":false,"template":"","format":"standard","meta":{"colormag_page_container_layout":"default_layout","colormag_page_sidebar_layout":"default_layout","footnotes":""},"categories":[111,115],"tags":[520,521,519,517,124,512,518,152,522,515,514,141,169,358,189,511,184,516,281,409,513,142,137],"class_list":["post-5138","post","type-post","status-publish","format-standard","has-post-thumbnail","hentry","category-boletines","category-general","tag-biologicos","tag-cartilla-nacional-de-salud","tag-covid-19","tag-difteria","tag-fotogaleria","tag-gobierno-de-veracruz","tag-hepatitis-b","tag-influenza","tag-personal-de-salud","tag-poliomielitis","tag-rubeola","tag-salud","tag-salud-veracruz","tag-sarampion","tag-secretaria-de-salud-de-veracruz","tag-semana-nacional-de-vacunacion","tag-sesver","tag-tetanos","tag-tosferina","tag-tuberculosis","tag-unidades-medicas","tag-veracruz","tag-xalapa"],"_links":{"self":[{"href":"https:\/\/www.ssaver.gob.mx\/difusion\/wp-json\/wp\/v2\/posts\/5138","targetHints":{"allow":["GET"]}}],"collection":[{"href":"https:\/\/www.ssaver.gob.mx\/difusion\/wp-json\/wp\/v2\/posts"}],"about":[{"href":"https:\/\/www.ssaver.gob.mx\/difusion\/wp-json\/wp\/v2\/types\/post"}],"author":[{"embeddable":true,"href":"https:\/\/www.ssaver.gob.mx\/difusion\/wp-json\/wp\/v2\/users\/68"}],"replies":[{"embeddable":true,"href":"https:\/\/www.ssaver.gob.mx\/difusion\/wp-json\/wp\/v2\/comments?post=5138"}],"version-history":[{"count":2,"href":"https:\/\/www.ssaver.gob.mx\/difusion\/wp-json\/wp\/v2\/posts\/5138\/revisions"}],"predecessor-version":[{"id":5249,"href":"https:\/\/www.ssaver.gob.mx\/difusion\/wp-json\/wp\/v2\/posts\/5138\/revisions\/5249"}],"wp:featuredmedia":[{"embeddable":true,"href":"https:\/\/www.ssaver.gob.mx\/difusion\/wp-json\/wp\/v2\/media\/5137"}],"wp:attachment":[{"href":"https:\/\/www.ssaver.gob.mx\/difusion\/wp-json\/wp\/v2\/media?parent=5138"}],"wp:term":[{"taxonomy":"category","embeddable":true,"href":"https:\/\/www.ssaver.gob.mx\/difusion\/wp-json\/wp\/v2\/categories?post=5138"},{"taxonomy":"post_tag","embeddable":true,"href":"https:\/\/www.ssaver.gob.mx\/difusion\/wp-json\/wp\/v2\/tags?post=5138"}],"curies":[{"name":"wp","href":"https:\/\/api.w.org\/{rel}","templated":true}]}}