{"id":5144,"date":"2025-05-03T18:25:59","date_gmt":"2025-05-03T23:25:59","guid":{"rendered":"https:\/\/www.ssaver.gob.mx\/difusion\/?p=5144"},"modified":"2025-05-12T10:24:32","modified_gmt":"2025-05-12T15:24:32","slug":"parteras-opcion-de-acompanamiento-para-mujeres-embarazadas-en-zonas-rurales","status":"publish","type":"post","link":"https:\/\/www.ssaver.gob.mx\/difusion\/2025\/05\/03\/parteras-opcion-de-acompanamiento-para-mujeres-embarazadas-en-zonas-rurales\/","title":{"rendered":"Parteras, opci\u00f3n de acompa\u00f1amiento para mujeres embarazadas en zonas rurales."},"content":{"rendered":"\n<p>&gt;La ONU declar\u00f3 el&nbsp;05 de mayo como el D\u00eda Internacional de la Partera.<\/p>\n\n\n\n<p>&gt;Su presencia en las comunidades contribuye a una experiencia m\u00e1s humanizada del parto.<\/p>\n\n\n\n<p><\/p>\n\n\n\n<figure class=\"wp-block-image size-large\"><img loading=\"lazy\" decoding=\"async\" width=\"1024\" height=\"738\" src=\"https:\/\/www.ssaver.gob.mx\/difusion\/wp-content\/uploads\/sites\/23\/2025\/05\/Partera_4-1024x738.jpeg\" alt=\"\" class=\"wp-image-5143\" srcset=\"https:\/\/www.ssaver.gob.mx\/difusion\/wp-content\/uploads\/sites\/23\/2025\/05\/Partera_4-1024x738.jpeg 1024w, https:\/\/www.ssaver.gob.mx\/difusion\/wp-content\/uploads\/sites\/23\/2025\/05\/Partera_4-300x216.jpeg 300w, https:\/\/www.ssaver.gob.mx\/difusion\/wp-content\/uploads\/sites\/23\/2025\/05\/Partera_4-768x553.jpeg 768w, https:\/\/www.ssaver.gob.mx\/difusion\/wp-content\/uploads\/sites\/23\/2025\/05\/Partera_4-1536x1107.jpeg 1536w, https:\/\/www.ssaver.gob.mx\/difusion\/wp-content\/uploads\/sites\/23\/2025\/05\/Partera_4.jpeg 1600w\" sizes=\"auto, (max-width: 1024px) 100vw, 1024px\" \/><\/figure>\n\n\n\n<p class=\"has-medium-font-size\"><strong>Villa Aldama, V<\/strong><strong>er.,&nbsp;<\/strong><strong>s\u00e1bado 03<\/strong><strong>&nbsp;de mayo de 2025.-&nbsp;<\/strong>Una libreta con hojas desgastadas conserva los nombres y fechas de m\u00e1s de mil 300 nacimientos asistidos por Joaquina Contreras Platas, partera tradicional del municipio de Villa Aldama.&nbsp;<\/p>\n\n\n\n<p class=\"has-medium-font-size\">Cada anotaci\u00f3n representa una vida recibida y una trayectoria guiada por conocimientos transmitidos de generaci\u00f3n en generaci\u00f3n.<\/p>\n\n\n\n<p class=\"has-medium-font-size\">Con 51 a\u00f1os de edad,&nbsp;es ampliamente reconocida en la colonia Libertad por brindar atenci\u00f3n a mujeres embarazadas&nbsp;desde hace m\u00e1s de dos d\u00e9cadas, su domicilio ha sido adaptado como espacio de atenci\u00f3n, donde acompa\u00f1a a mujeres de su comunidad y localidades cercanas.<\/p>\n\n\n\n<p class=\"has-medium-font-size\">Relata que su formaci\u00f3n comenz\u00f3 desde ni\u00f1a, al observar y asistir a&nbsp;su madre durante los partos: \u201cme ense\u00f1\u00f3 mi madre, yo la ayudaba con las mam\u00e1s y los reci\u00e9n nacidos, hasta que un d\u00eda me&nbsp;dijo que ya pod\u00eda estar sola\u201d.&nbsp;Con el tiempo, adquiri\u00f3 tambi\u00e9n conocimientos t\u00e9cnicos mediante capacitaciones en unidades de salud.<\/p>\n\n\n\n<p class=\"has-medium-font-size\">Gracias a esta formaci\u00f3n ha aprendido a utilizar herramientas b\u00e1sicas, reconocer se\u00f1ales de alerta y referir a una paciente a centros m\u00e9dicos cuando es necesario. Esta preparaci\u00f3n ha fortalecido la confianza que las mujeres de su comunidad depositan en ella.<\/p>\n\n\n\n<p class=\"has-medium-font-size\">Gladis Mar\u00eda Gonz\u00e1lez Mart\u00ednez, de 20 a\u00f1os, es una de las personas que actualmente&nbsp;se encuentra bajo su cuidado, \u201cme siento tranquila, me explica todo con calma y me da seguridad\u201d, comenta la joven, quien ha optado nuevamente por un parto acompa\u00f1ado por partera.<\/p>\n\n\n\n<p class=\"has-medium-font-size\">Joaquina ha atendido partos diversos y afirma que, adem\u00e1s del conocimiento, es fundamental saber escuchar al cuerpo y respetar el proceso natural de cada mujer. Asegura que muchas mujeres a quienes asisti\u00f3 a\u00f1os atr\u00e1s ahora traen a sus hijas, lo cual representa para ella una muestra de confianza y continuidad en su labor.<\/p>\n\n\n\n<p class=\"has-medium-font-size\">En su voz se percibe el compromiso con cada historia y el respeto por cada vida. Su trabajo forma parte de una pr\u00e1ctica ancestral que sigue vigente y cercana a las comunidades.<\/p>\n\n\n\n<p class=\"has-medium-font-size\">El pr\u00f3ximo lunes&nbsp;05 de mayo se conmemora el D\u00eda Internacional de la Partera, una fecha que permite reconocer la labor de quienes acompa\u00f1an procesos de parto desde una perspectiva humana, cercana y basada en la tradici\u00f3n.<\/p>\n\n\n\n<p class=\"has-medium-font-size\">En distintas regiones, las parteras tradicionales representan una opci\u00f3n accesible para quienes viven en zonas alejadas de unidades m\u00e9dicas, y para muchas mujeres, la cercan\u00eda y el trato respetuoso son aspectos clave en esta elecci\u00f3n.<\/p>\n\n\n\n<p><\/p>\n\n\n\n<div class=\"wp-block-columns is-layout-flex wp-container-core-columns-is-layout-28f84493 wp-block-columns-is-layout-flex\">\n<div class=\"wp-block-column is-vertically-aligned-center is-layout-flow wp-block-column-is-layout-flow\">\n<figure class=\"wp-block-image size-large\"><img loading=\"lazy\" decoding=\"async\" width=\"1024\" height=\"685\" src=\"https:\/\/www.ssaver.gob.mx\/difusion\/wp-content\/uploads\/sites\/23\/2025\/05\/Partera_3-1024x685.jpeg\" alt=\"\" class=\"wp-image-5142\" srcset=\"https:\/\/www.ssaver.gob.mx\/difusion\/wp-content\/uploads\/sites\/23\/2025\/05\/Partera_3-1024x685.jpeg 1024w, https:\/\/www.ssaver.gob.mx\/difusion\/wp-content\/uploads\/sites\/23\/2025\/05\/Partera_3-300x201.jpeg 300w, https:\/\/www.ssaver.gob.mx\/difusion\/wp-content\/uploads\/sites\/23\/2025\/05\/Partera_3-768x514.jpeg 768w, https:\/\/www.ssaver.gob.mx\/difusion\/wp-content\/uploads\/sites\/23\/2025\/05\/Partera_3-1536x1028.jpeg 1536w, https:\/\/www.ssaver.gob.mx\/difusion\/wp-content\/uploads\/sites\/23\/2025\/05\/Partera_3.jpeg 1600w\" sizes=\"auto, (max-width: 1024px) 100vw, 1024px\" \/><\/figure>\n<\/div>\n\n\n\n<div class=\"wp-block-column is-layout-flow wp-block-column-is-layout-flow\">\n<figure class=\"wp-block-image size-large\"><img loading=\"lazy\" decoding=\"async\" width=\"1024\" height=\"711\" src=\"https:\/\/www.ssaver.gob.mx\/difusion\/wp-content\/uploads\/sites\/23\/2025\/05\/Partera_2-1024x711.jpeg\" alt=\"\" class=\"wp-image-5141\" srcset=\"https:\/\/www.ssaver.gob.mx\/difusion\/wp-content\/uploads\/sites\/23\/2025\/05\/Partera_2-1024x711.jpeg 1024w, https:\/\/www.ssaver.gob.mx\/difusion\/wp-content\/uploads\/sites\/23\/2025\/05\/Partera_2-300x208.jpeg 300w, https:\/\/www.ssaver.gob.mx\/difusion\/wp-content\/uploads\/sites\/23\/2025\/05\/Partera_2-768x533.jpeg 768w, https:\/\/www.ssaver.gob.mx\/difusion\/wp-content\/uploads\/sites\/23\/2025\/05\/Partera_2-1536x1067.jpeg 1536w, https:\/\/www.ssaver.gob.mx\/difusion\/wp-content\/uploads\/sites\/23\/2025\/05\/Partera_2-392x272.jpeg 392w, https:\/\/www.ssaver.gob.mx\/difusion\/wp-content\/uploads\/sites\/23\/2025\/05\/Partera_2-130x90.jpeg 130w, https:\/\/www.ssaver.gob.mx\/difusion\/wp-content\/uploads\/sites\/23\/2025\/05\/Partera_2.jpeg 1600w\" sizes=\"auto, (max-width: 1024px) 100vw, 1024px\" \/><\/figure>\n<\/div>\n<\/div>\n\n\n\n<p><\/p>\n\n\n\n<figure class=\"wp-block-image size-large\"><img loading=\"lazy\" decoding=\"async\" width=\"1024\" height=\"698\" src=\"https:\/\/www.ssaver.gob.mx\/difusion\/wp-content\/uploads\/sites\/23\/2025\/05\/Partera_1-1024x698.jpeg\" alt=\"\" class=\"wp-image-5140\" srcset=\"https:\/\/www.ssaver.gob.mx\/difusion\/wp-content\/uploads\/sites\/23\/2025\/05\/Partera_1-1024x698.jpeg 1024w, https:\/\/www.ssaver.gob.mx\/difusion\/wp-content\/uploads\/sites\/23\/2025\/05\/Partera_1-300x204.jpeg 300w, https:\/\/www.ssaver.gob.mx\/difusion\/wp-content\/uploads\/sites\/23\/2025\/05\/Partera_1-768x523.jpeg 768w, https:\/\/www.ssaver.gob.mx\/difusion\/wp-content\/uploads\/sites\/23\/2025\/05\/Partera_1-1536x1046.jpeg 1536w, https:\/\/www.ssaver.gob.mx\/difusion\/wp-content\/uploads\/sites\/23\/2025\/05\/Partera_1-130x90.jpeg 130w, https:\/\/www.ssaver.gob.mx\/difusion\/wp-content\/uploads\/sites\/23\/2025\/05\/Partera_1.jpeg 1600w\" sizes=\"auto, (max-width: 1024px) 100vw, 1024px\" \/><\/figure>\n\n\n\n<p><\/p>\n\n\n\n<figure class=\"wp-block-image size-large\"><img loading=\"lazy\" decoding=\"async\" width=\"1024\" height=\"718\" src=\"https:\/\/www.ssaver.gob.mx\/difusion\/wp-content\/uploads\/sites\/23\/2025\/05\/Partera_5-1024x718.jpeg\" alt=\"\" class=\"wp-image-5145\" srcset=\"https:\/\/www.ssaver.gob.mx\/difusion\/wp-content\/uploads\/sites\/23\/2025\/05\/Partera_5-1024x718.jpeg 1024w, https:\/\/www.ssaver.gob.mx\/difusion\/wp-content\/uploads\/sites\/23\/2025\/05\/Partera_5-300x210.jpeg 300w, https:\/\/www.ssaver.gob.mx\/difusion\/wp-content\/uploads\/sites\/23\/2025\/05\/Partera_5-768x539.jpeg 768w, https:\/\/www.ssaver.gob.mx\/difusion\/wp-content\/uploads\/sites\/23\/2025\/05\/Partera_5-1536x1077.jpeg 1536w, https:\/\/www.ssaver.gob.mx\/difusion\/wp-content\/uploads\/sites\/23\/2025\/05\/Partera_5-2048x1436.jpeg 2048w, https:\/\/www.ssaver.gob.mx\/difusion\/wp-content\/uploads\/sites\/23\/2025\/05\/Partera_5-130x90.jpeg 130w\" sizes=\"auto, (max-width: 1024px) 100vw, 1024px\" \/><\/figure>\n","protected":false},"excerpt":{"rendered":"<p>&gt;La ONU declar\u00f3 el&nbsp;05 de mayo como el D\u00eda Internacional de la Partera. &gt;Su presencia en las comunidades contribuye a<\/p>\n","protected":false},"author":68,"featured_media":5143,"comment_status":"closed","ping_status":"closed","sticky":false,"template":"","format":"standard","meta":{"colormag_page_container_layout":"default_layout","colormag_page_sidebar_layout":"default_layout","footnotes":""},"categories":[111,115],"tags":[525,531,526,124,529,524,528,532,533,530,523,475,141,142,527],"class_list":["post-5144","post","type-post","status-publish","format-standard","has-post-thumbnail","hentry","category-boletines","category-general","tag-05-de-mayo","tag-colonia-libertad","tag-dia-internacional-de-la-partera","tag-fotogaleria","tag-joaquina-contreras-platas","tag-mujeres-embarazadas","tag-partera","tag-partera-de-villa-aldama","tag-partera-tradicional","tag-partera-tradicional-del-municipio-de-villa-aldama","tag-parteras","tag-perote","tag-salud","tag-veracruz","tag-villa-aldama"],"_links":{"self":[{"href":"https:\/\/www.ssaver.gob.mx\/difusion\/wp-json\/wp\/v2\/posts\/5144","targetHints":{"allow":["GET"]}}],"collection":[{"href":"https:\/\/www.ssaver.gob.mx\/difusion\/wp-json\/wp\/v2\/posts"}],"about":[{"href":"https:\/\/www.ssaver.gob.mx\/difusion\/wp-json\/wp\/v2\/types\/post"}],"author":[{"embeddable":true,"href":"https:\/\/www.ssaver.gob.mx\/difusion\/wp-json\/wp\/v2\/users\/68"}],"replies":[{"embeddable":true,"href":"https:\/\/www.ssaver.gob.mx\/difusion\/wp-json\/wp\/v2\/comments?post=5144"}],"version-history":[{"count":4,"href":"https:\/\/www.ssaver.gob.mx\/difusion\/wp-json\/wp\/v2\/posts\/5144\/revisions"}],"predecessor-version":[{"id":5248,"href":"https:\/\/www.ssaver.gob.mx\/difusion\/wp-json\/wp\/v2\/posts\/5144\/revisions\/5248"}],"wp:featuredmedia":[{"embeddable":true,"href":"https:\/\/www.ssaver.gob.mx\/difusion\/wp-json\/wp\/v2\/media\/5143"}],"wp:attachment":[{"href":"https:\/\/www.ssaver.gob.mx\/difusion\/wp-json\/wp\/v2\/media?parent=5144"}],"wp:term":[{"taxonomy":"category","embeddable":true,"href":"https:\/\/www.ssaver.gob.mx\/difusion\/wp-json\/wp\/v2\/categories?post=5144"},{"taxonomy":"post_tag","embeddable":true,"href":"https:\/\/www.ssaver.gob.mx\/difusion\/wp-json\/wp\/v2\/tags?post=5144"}],"curies":[{"name":"wp","href":"https:\/\/api.w.org\/{rel}","templated":true}]}}