{"id":5239,"date":"2025-05-09T15:04:51","date_gmt":"2025-05-09T20:04:51","guid":{"rendered":"https:\/\/www.ssaver.gob.mx\/difusion\/?p=5239"},"modified":"2025-07-15T12:30:12","modified_gmt":"2025-07-15T17:30:12","slug":"reconoce-gobernadora-a-madres-trabajadoras-en-su-dia-con-jornada-de-cultura-y-salud","status":"publish","type":"post","link":"https:\/\/www.ssaver.gob.mx\/difusion\/2025\/05\/09\/reconoce-gobernadora-a-madres-trabajadoras-en-su-dia-con-jornada-de-cultura-y-salud\/","title":{"rendered":"Reconoce Gobernadora a madres trabajadoras en su d\u00eda con jornada de cultura y salud"},"content":{"rendered":"\n<p class=\"has-medium-font-size\"><strong>Xalapa, Ver., viernes 09 de mayo de 2025.\u2013<\/strong>&nbsp;Con motivo del D\u00eda de las Madres, el Gobierno de Veracruz organiz\u00f3 un encuentro cultural y una jornada de servicios m\u00e9dicos, dirigida a las trabajadoras de la Administraci\u00f3n P\u00fablica Estatal.<\/p>\n\n\n\n<p class=\"has-medium-font-size\">La gobernadora Roc\u00edo Nahle Garc\u00eda las reconoci\u00f3 por el doble rol que desempe\u00f1an, \u201ces un gusto aprovechar esta fecha para reunirnos, para reconocernos y felicitarnos, pero, sobre todo, para agradecerles el trabajo que hacen d\u00eda a d\u00eda\u201d.<\/p>\n\n\n\n<p class=\"has-medium-font-size\">\u201cEs importante se\u00f1alar lo que significa ser madre, ser trabajadora, ser pol\u00edtica, porque es la primera vez que una mujer es Gobernadora. Pero yo no puedo sola; para m\u00ed es un placer que miles de mujeres me acompa\u00f1en en todo el gobierno\u201d.<\/p>\n\n\n\n<p class=\"has-medium-font-size\">Como parte de las actividades, la Secretar\u00eda de Salud instal\u00f3 la Feria de la Salud de la Mujer, con 12 m\u00f3dulos de atenci\u00f3n m\u00e9dica y cuatro unidades m\u00f3viles que ofrecieron mastograf\u00edas, densitometr\u00edas \u00f3seas, consultas ginecol\u00f3gicas y orientaci\u00f3n especializada.<\/p>\n\n\n\n<p class=\"has-medium-font-size\">Simult\u00e1neamente, se llev\u00f3 a cabo una muestra artesanal coordinada por la Secretar\u00eda de Cultura, con 12 mesas de exposici\u00f3n donde se ofrecieron productos como joyer\u00eda textil, miel, cer\u00e1mica, jabones, licores y botanas, adem\u00e1s de un m\u00f3dulo representativo de las Mujeres Cocineras Tradicionales.<\/p>\n\n\n\n<p class=\"has-medium-font-size\">La Secretar\u00eda de Trabajo y Previsi\u00f3n Social present\u00f3 la Caravana de Servicios para Mujeres, mientras que el Instituto de Capacitaci\u00f3n para el Trabajo ofreci\u00f3 informaci\u00f3n sobre sus cursos regulares y alternativos.&nbsp;La Secretar\u00eda de Seguridad P\u00fablica promovi\u00f3 la estrategia Mujer Alerta, y el Instituto Veracruzano de las Mujeres brind\u00f3 asesor\u00eda y servicios gratuitos.&nbsp;<\/p>\n\n\n\n<p class=\"has-medium-font-size\">Por su parte, la Secretar\u00eda de Desarrollo Social difundi\u00f3 el programa Mujeres Tejedoras, en tanto que Protecci\u00f3n Civil instal\u00f3 el m\u00f3dulo Protege como mujer. El DIF&nbsp;Estatal tambi\u00e9n particip\u00f3 con atenci\u00f3n y orientaci\u00f3n especializada.<\/p>\n\n\n\n<p class=\"has-medium-font-size\">El programa fue acompa\u00f1ado por presentaciones art\u00edsticas a cargo de la Tuna Femenil de la Universidad Veracruzana, el espect\u00e1culo Juan Gabriel Sinf\u00f3nico con la Orquesta Municipal de Xalapa y la participaci\u00f3n del Mariachi de la Secretar\u00eda de Marina.<\/p>\n\n\n\n<p class=\"has-medium-font-size\"><\/p>\n\n\n\n<p><\/p>\n\n\n\n<div class=\"wp-block-columns is-layout-flex wp-container-core-columns-is-layout-28f84493 wp-block-columns-is-layout-flex\">\n<div class=\"wp-block-column is-layout-flow wp-block-column-is-layout-flow\">\n<figure class=\"wp-block-image aligncenter size-large\"><img loading=\"lazy\" decoding=\"async\" width=\"1024\" height=\"683\" src=\"https:\/\/www.ssaver.gob.mx\/difusion\/wp-content\/uploads\/sites\/23\/2025\/05\/Dia-De-Las-Madres-7-1024x683.jpeg\" alt=\"\" class=\"wp-image-5235\" srcset=\"https:\/\/www.ssaver.gob.mx\/difusion\/wp-content\/uploads\/sites\/23\/2025\/05\/Dia-De-Las-Madres-7-1024x683.jpeg 1024w, https:\/\/www.ssaver.gob.mx\/difusion\/wp-content\/uploads\/sites\/23\/2025\/05\/Dia-De-Las-Madres-7-300x200.jpeg 300w, https:\/\/www.ssaver.gob.mx\/difusion\/wp-content\/uploads\/sites\/23\/2025\/05\/Dia-De-Las-Madres-7-768x512.jpeg 768w, https:\/\/www.ssaver.gob.mx\/difusion\/wp-content\/uploads\/sites\/23\/2025\/05\/Dia-De-Las-Madres-7-1536x1024.jpeg 1536w, https:\/\/www.ssaver.gob.mx\/difusion\/wp-content\/uploads\/sites\/23\/2025\/05\/Dia-De-Las-Madres-7-2048x1366.jpeg 2048w\" sizes=\"auto, (max-width: 1024px) 100vw, 1024px\" \/><\/figure>\n<\/div>\n<\/div>\n\n\n\n<p><\/p>\n\n\n\n<div class=\"wp-block-columns is-layout-flex wp-container-core-columns-is-layout-28f84493 wp-block-columns-is-layout-flex\">\n<div class=\"wp-block-column is-vertically-aligned-center is-layout-flow wp-block-column-is-layout-flow\">\n<figure class=\"wp-block-image size-large\"><img loading=\"lazy\" decoding=\"async\" width=\"1024\" height=\"576\" src=\"https:\/\/www.ssaver.gob.mx\/difusion\/wp-content\/uploads\/sites\/23\/2025\/05\/Dia-De-Las-Madres-1-1024x576.jpeg\" alt=\"\" class=\"wp-image-5229\" srcset=\"https:\/\/www.ssaver.gob.mx\/difusion\/wp-content\/uploads\/sites\/23\/2025\/05\/Dia-De-Las-Madres-1-1024x576.jpeg 1024w, https:\/\/www.ssaver.gob.mx\/difusion\/wp-content\/uploads\/sites\/23\/2025\/05\/Dia-De-Las-Madres-1-300x169.jpeg 300w, https:\/\/www.ssaver.gob.mx\/difusion\/wp-content\/uploads\/sites\/23\/2025\/05\/Dia-De-Las-Madres-1-768x432.jpeg 768w, https:\/\/www.ssaver.gob.mx\/difusion\/wp-content\/uploads\/sites\/23\/2025\/05\/Dia-De-Las-Madres-1-1536x864.jpeg 1536w, https:\/\/www.ssaver.gob.mx\/difusion\/wp-content\/uploads\/sites\/23\/2025\/05\/Dia-De-Las-Madres-1.jpeg 1600w\" sizes=\"auto, (max-width: 1024px) 100vw, 1024px\" \/><\/figure>\n<\/div>\n\n\n\n<div class=\"wp-block-column is-layout-flow wp-block-column-is-layout-flow\">\n<figure class=\"wp-block-image size-large\"><img loading=\"lazy\" decoding=\"async\" width=\"1024\" height=\"683\" src=\"https:\/\/www.ssaver.gob.mx\/difusion\/wp-content\/uploads\/sites\/23\/2025\/05\/Dia-De-Las-Madres-8-1024x683.jpeg\" alt=\"\" class=\"wp-image-5236\" srcset=\"https:\/\/www.ssaver.gob.mx\/difusion\/wp-content\/uploads\/sites\/23\/2025\/05\/Dia-De-Las-Madres-8-1024x683.jpeg 1024w, https:\/\/www.ssaver.gob.mx\/difusion\/wp-content\/uploads\/sites\/23\/2025\/05\/Dia-De-Las-Madres-8-300x200.jpeg 300w, https:\/\/www.ssaver.gob.mx\/difusion\/wp-content\/uploads\/sites\/23\/2025\/05\/Dia-De-Las-Madres-8-768x512.jpeg 768w, https:\/\/www.ssaver.gob.mx\/difusion\/wp-content\/uploads\/sites\/23\/2025\/05\/Dia-De-Las-Madres-8-1536x1024.jpeg 1536w, https:\/\/www.ssaver.gob.mx\/difusion\/wp-content\/uploads\/sites\/23\/2025\/05\/Dia-De-Las-Madres-8-2048x1366.jpeg 2048w\" sizes=\"auto, (max-width: 1024px) 100vw, 1024px\" \/><\/figure>\n<\/div>\n<\/div>\n\n\n\n<p><\/p>\n\n\n\n<figure class=\"wp-block-image size-large\"><img loading=\"lazy\" decoding=\"async\" width=\"1024\" height=\"683\" src=\"https:\/\/www.ssaver.gob.mx\/difusion\/wp-content\/uploads\/sites\/23\/2025\/05\/Dia-De-Las-Madres-9-1024x683.jpeg\" alt=\"\" class=\"wp-image-5237\" srcset=\"https:\/\/www.ssaver.gob.mx\/difusion\/wp-content\/uploads\/sites\/23\/2025\/05\/Dia-De-Las-Madres-9-1024x683.jpeg 1024w, https:\/\/www.ssaver.gob.mx\/difusion\/wp-content\/uploads\/sites\/23\/2025\/05\/Dia-De-Las-Madres-9-300x200.jpeg 300w, https:\/\/www.ssaver.gob.mx\/difusion\/wp-content\/uploads\/sites\/23\/2025\/05\/Dia-De-Las-Madres-9-768x512.jpeg 768w, https:\/\/www.ssaver.gob.mx\/difusion\/wp-content\/uploads\/sites\/23\/2025\/05\/Dia-De-Las-Madres-9-1536x1024.jpeg 1536w, https:\/\/www.ssaver.gob.mx\/difusion\/wp-content\/uploads\/sites\/23\/2025\/05\/Dia-De-Las-Madres-9-2048x1366.jpeg 2048w\" sizes=\"auto, (max-width: 1024px) 100vw, 1024px\" \/><\/figure>\n\n\n\n<p><\/p>\n\n\n\n<div class=\"wp-block-columns is-layout-flex wp-container-core-columns-is-layout-28f84493 wp-block-columns-is-layout-flex\">\n<div class=\"wp-block-column is-layout-flow wp-block-column-is-layout-flow\">\n<figure class=\"wp-block-image size-large\"><img loading=\"lazy\" decoding=\"async\" width=\"1024\" height=\"683\" src=\"https:\/\/www.ssaver.gob.mx\/difusion\/wp-content\/uploads\/sites\/23\/2025\/05\/Dia-De-Las-Madres-5-1024x683.jpeg\" alt=\"\" class=\"wp-image-5233\" srcset=\"https:\/\/www.ssaver.gob.mx\/difusion\/wp-content\/uploads\/sites\/23\/2025\/05\/Dia-De-Las-Madres-5-1024x683.jpeg 1024w, https:\/\/www.ssaver.gob.mx\/difusion\/wp-content\/uploads\/sites\/23\/2025\/05\/Dia-De-Las-Madres-5-300x200.jpeg 300w, https:\/\/www.ssaver.gob.mx\/difusion\/wp-content\/uploads\/sites\/23\/2025\/05\/Dia-De-Las-Madres-5-768x512.jpeg 768w, https:\/\/www.ssaver.gob.mx\/difusion\/wp-content\/uploads\/sites\/23\/2025\/05\/Dia-De-Las-Madres-5-1536x1024.jpeg 1536w, https:\/\/www.ssaver.gob.mx\/difusion\/wp-content\/uploads\/sites\/23\/2025\/05\/Dia-De-Las-Madres-5-2048x1365.jpeg 2048w\" sizes=\"auto, (max-width: 1024px) 100vw, 1024px\" \/><\/figure>\n<\/div>\n\n\n\n<div class=\"wp-block-column is-vertically-aligned-center is-layout-flow wp-block-column-is-layout-flow\">\n<figure class=\"wp-block-image size-large\"><img loading=\"lazy\" decoding=\"async\" width=\"1024\" height=\"576\" src=\"https:\/\/www.ssaver.gob.mx\/difusion\/wp-content\/uploads\/sites\/23\/2025\/05\/Dia-De-Las-Madres-4-1024x576.jpeg\" alt=\"\" class=\"wp-image-5232\" srcset=\"https:\/\/www.ssaver.gob.mx\/difusion\/wp-content\/uploads\/sites\/23\/2025\/05\/Dia-De-Las-Madres-4-1024x576.jpeg 1024w, https:\/\/www.ssaver.gob.mx\/difusion\/wp-content\/uploads\/sites\/23\/2025\/05\/Dia-De-Las-Madres-4-300x169.jpeg 300w, https:\/\/www.ssaver.gob.mx\/difusion\/wp-content\/uploads\/sites\/23\/2025\/05\/Dia-De-Las-Madres-4-768x432.jpeg 768w, https:\/\/www.ssaver.gob.mx\/difusion\/wp-content\/uploads\/sites\/23\/2025\/05\/Dia-De-Las-Madres-4-1536x864.jpeg 1536w, https:\/\/www.ssaver.gob.mx\/difusion\/wp-content\/uploads\/sites\/23\/2025\/05\/Dia-De-Las-Madres-4-2048x1152.jpeg 2048w\" sizes=\"auto, (max-width: 1024px) 100vw, 1024px\" \/><\/figure>\n<\/div>\n<\/div>\n\n\n\n<p><\/p>\n\n\n\n<figure class=\"wp-block-image size-large\"><img loading=\"lazy\" decoding=\"async\" width=\"1024\" height=\"576\" src=\"https:\/\/www.ssaver.gob.mx\/difusion\/wp-content\/uploads\/sites\/23\/2025\/05\/Dia-De-Las-Madres-2-1024x576.jpeg\" alt=\"\" class=\"wp-image-5230\" srcset=\"https:\/\/www.ssaver.gob.mx\/difusion\/wp-content\/uploads\/sites\/23\/2025\/05\/Dia-De-Las-Madres-2-1024x576.jpeg 1024w, https:\/\/www.ssaver.gob.mx\/difusion\/wp-content\/uploads\/sites\/23\/2025\/05\/Dia-De-Las-Madres-2-300x169.jpeg 300w, https:\/\/www.ssaver.gob.mx\/difusion\/wp-content\/uploads\/sites\/23\/2025\/05\/Dia-De-Las-Madres-2-768x432.jpeg 768w, https:\/\/www.ssaver.gob.mx\/difusion\/wp-content\/uploads\/sites\/23\/2025\/05\/Dia-De-Las-Madres-2-1536x864.jpeg 1536w, https:\/\/www.ssaver.gob.mx\/difusion\/wp-content\/uploads\/sites\/23\/2025\/05\/Dia-De-Las-Madres-2-2048x1152.jpeg 2048w\" sizes=\"auto, (max-width: 1024px) 100vw, 1024px\" \/><\/figure>\n","protected":false},"excerpt":{"rendered":"<p>Xalapa, Ver., viernes 09 de mayo de 2025.\u2013&nbsp;Con motivo del D\u00eda de las Madres, el Gobierno de Veracruz organiz\u00f3 un<\/p>\n","protected":false},"author":68,"featured_media":5234,"comment_status":"closed","ping_status":"closed","sticky":false,"template":"","format":"standard","meta":{"colormag_page_container_layout":"default_layout","colormag_page_sidebar_layout":"default_layout","footnotes":""},"categories":[111,115],"tags":[543,542,540,544,124,539,546,541,538,545,154,547,189,184,142,137],"class_list":["post-5239","post","type-post","status-publish","format-standard","has-post-thumbnail","hentry","category-boletines","category-general","tag-dia-de-las-madres-en-el-velodromo-de-xalapa","tag-el-gobierno-del-estado-organizo-un-encuentro-cultural-y-una-jornada-de-servicios-medicos","tag-festejo-a-las-trabajadoras-de-la-administracion-publica-estatal","tag-festejo-del-dia-de-las-madres-en-xalapa","tag-fotogaleria","tag-gobernadora-rocio-nahle-celebra-a-mamas","tag-gobernadora-rocio-nahle-festeja-a-madres-trabajadoras","tag-jornada-de-cultura-y-salud","tag-la-gobernadora-festejo-a-madres-trabajadoras","tag-la-secretaria-de-salud-en-festejo-al-dia-de-las-madres","tag-medicina-tradicional","tag-secretaria-de-cultura","tag-secretaria-de-salud-de-veracruz","tag-sesver","tag-veracruz","tag-xalapa"],"_links":{"self":[{"href":"https:\/\/www.ssaver.gob.mx\/difusion\/wp-json\/wp\/v2\/posts\/5239","targetHints":{"allow":["GET"]}}],"collection":[{"href":"https:\/\/www.ssaver.gob.mx\/difusion\/wp-json\/wp\/v2\/posts"}],"about":[{"href":"https:\/\/www.ssaver.gob.mx\/difusion\/wp-json\/wp\/v2\/types\/post"}],"author":[{"embeddable":true,"href":"https:\/\/www.ssaver.gob.mx\/difusion\/wp-json\/wp\/v2\/users\/68"}],"replies":[{"embeddable":true,"href":"https:\/\/www.ssaver.gob.mx\/difusion\/wp-json\/wp\/v2\/comments?post=5239"}],"version-history":[{"count":3,"href":"https:\/\/www.ssaver.gob.mx\/difusion\/wp-json\/wp\/v2\/posts\/5239\/revisions"}],"predecessor-version":[{"id":5507,"href":"https:\/\/www.ssaver.gob.mx\/difusion\/wp-json\/wp\/v2\/posts\/5239\/revisions\/5507"}],"wp:featuredmedia":[{"embeddable":true,"href":"https:\/\/www.ssaver.gob.mx\/difusion\/wp-json\/wp\/v2\/media\/5234"}],"wp:attachment":[{"href":"https:\/\/www.ssaver.gob.mx\/difusion\/wp-json\/wp\/v2\/media?parent=5239"}],"wp:term":[{"taxonomy":"category","embeddable":true,"href":"https:\/\/www.ssaver.gob.mx\/difusion\/wp-json\/wp\/v2\/categories?post=5239"},{"taxonomy":"post_tag","embeddable":true,"href":"https:\/\/www.ssaver.gob.mx\/difusion\/wp-json\/wp\/v2\/tags?post=5239"}],"curies":[{"name":"wp","href":"https:\/\/api.w.org\/{rel}","templated":true}]}}