{"id":5384,"date":"2025-06-07T23:59:00","date_gmt":"2025-06-08T04:59:00","guid":{"rendered":"https:\/\/www.ssaver.gob.mx\/difusion\/?p=5384"},"modified":"2025-06-08T01:17:06","modified_gmt":"2025-06-08T06:17:06","slug":"veracruz-presente-en-la-estrategia-nacional-contra-dengue-y-arbovirosis","status":"publish","type":"post","link":"https:\/\/www.ssaver.gob.mx\/difusion\/2025\/06\/07\/veracruz-presente-en-la-estrategia-nacional-contra-dengue-y-arbovirosis\/","title":{"rendered":"Veracruz presente en la estrategia nacional contra dengue y arbovirosis"},"content":{"rendered":"\n<p>&gt;Autoridades federales y estatales impulsan vigilancia y atenci\u00f3n cl\u00ednica oportuna.<\/p>\n\n\n\n<div class=\"wp-block-columns is-layout-flex wp-container-core-columns-is-layout-28f84493 wp-block-columns-is-layout-flex\">\n<div class=\"wp-block-column is-vertically-aligned-center is-layout-flow wp-block-column-is-layout-flow\">\n<figure class=\"wp-block-image aligncenter size-full\"><img loading=\"lazy\" decoding=\"async\" width=\"940\" height=\"677\" src=\"https:\/\/www.ssaver.gob.mx\/difusion\/wp-content\/uploads\/sites\/23\/2025\/06\/WhatsApp-Image-2025-06-07-at-18.31.11-1.jpeg\" alt=\"\" class=\"wp-image-5382\" srcset=\"https:\/\/www.ssaver.gob.mx\/difusion\/wp-content\/uploads\/sites\/23\/2025\/06\/WhatsApp-Image-2025-06-07-at-18.31.11-1.jpeg 940w, https:\/\/www.ssaver.gob.mx\/difusion\/wp-content\/uploads\/sites\/23\/2025\/06\/WhatsApp-Image-2025-06-07-at-18.31.11-1-300x216.jpeg 300w, https:\/\/www.ssaver.gob.mx\/difusion\/wp-content\/uploads\/sites\/23\/2025\/06\/WhatsApp-Image-2025-06-07-at-18.31.11-1-768x553.jpeg 768w\" sizes=\"auto, (max-width: 940px) 100vw, 940px\" \/><\/figure>\n<\/div>\n<\/div>\n\n\n\n<p class=\"has-medium-font-size\"><strong>M\u00e9rida, Yuc., s\u00e1bado 07 de junio de 2025.-<\/strong> En el marco de la Estrategia Nacional contra el Dengue y otras Arbovirosis, la Secretar\u00eda de Salud (SS) particip\u00f3 en la Reuni\u00f3n Regional de Evaluaci\u00f3n Estrat\u00e9gica, a fin de coordinar esfuerzos para la prevenci\u00f3n y atenci\u00f3n de estas enfermedades.<\/p>\n\n\n\n<p class=\"has-medium-font-size\">Lo anterior con el objetivo de establecer compromisos conjuntos, continuar la vigilancia epidemiol\u00f3gica, la red de manejo cl\u00ednico, la participaci\u00f3n municipal y comunitaria, as\u00ed como coordinar acciones de entomolog\u00eda y control integral del vector.<\/p>\n\n\n\n<p class=\"has-medium-font-size\">Entre los acuerdos establecidos destacan la integraci\u00f3n de vigilancia epidemiol\u00f3gica regional, as\u00ed como el dise\u00f1o e implementaci\u00f3n de Redes de Servicios Integrales para el tratamiento de pacientes con dengue grave y con signos de alarma.<\/p>\n\n\n\n<p class=\"has-medium-font-size\">Reforzar acciones para la hospitalizaci\u00f3n de mujeres embarazadas con s\u00edntomas de dengue, y fortalecer la capacidad y calidad de los procesos en laboratorios estatales de salud p\u00fablica.<\/p>\n\n\n\n<p class=\"has-medium-font-size\">As\u00ed como la capacitaci\u00f3n permanente de m\u00e9dicos para alcanzar el 100 por ciento de personal con conocimientos del manejo de este padecimiento y priorizar la estabilidad laboral para el personal de vectores.<\/p>\n\n\n\n<p class=\"has-medium-font-size\">Estos acuerdos van enfocados en generar soluciones operativas e inmediatas que den cumplimiento a la estrategia nacional e impulsen la calidad de la atenci\u00f3n m\u00e9dica en el estado.<\/p>\n\n\n\n<p class=\"has-medium-font-size\">El encuentro Subsecretar\u00eda de Pol\u00edticas de Salud y Bienestar Poblacional, cont\u00f3 con la participaci\u00f3n de autoridades de la Secretar\u00eda de Salud federal y los titulares de Salud y coordinadores de IMSS-Bienestar de Veracruz, Yucat\u00e1n, Campeche, Chiapas, Guerrero, Oaxaca, Quintana Roo y Tabasco.<\/p>\n\n\n\n<p class=\"has-medium-font-size\">En representaci\u00f3n de Veracruz, el secretario Valent\u00edn Herrera Alarc\u00f3n se reuni\u00f3 con sus hom\u00f3logos a fin de crear un espacio de an\u00e1lisis t\u00e9cnico y construcci\u00f3n colectiva, que derive en un plan de acci\u00f3n regional orientado a garantizar los trabajos integrales para la detecci\u00f3n, manejo y tratamiento oportuno.<\/p>\n\n\n\n<p class=\"has-medium-font-size\"><\/p>\n\n\n\n<figure class=\"wp-block-image aligncenter size-large\"><img loading=\"lazy\" decoding=\"async\" width=\"1024\" height=\"768\" src=\"https:\/\/www.ssaver.gob.mx\/difusion\/wp-content\/uploads\/sites\/23\/2025\/06\/WhatsApp-Image-2025-06-07-at-18.31.11-1024x768.jpeg\" alt=\"\" class=\"wp-image-5383\" srcset=\"https:\/\/www.ssaver.gob.mx\/difusion\/wp-content\/uploads\/sites\/23\/2025\/06\/WhatsApp-Image-2025-06-07-at-18.31.11-1024x768.jpeg 1024w, https:\/\/www.ssaver.gob.mx\/difusion\/wp-content\/uploads\/sites\/23\/2025\/06\/WhatsApp-Image-2025-06-07-at-18.31.11-300x225.jpeg 300w, https:\/\/www.ssaver.gob.mx\/difusion\/wp-content\/uploads\/sites\/23\/2025\/06\/WhatsApp-Image-2025-06-07-at-18.31.11-768x576.jpeg 768w, https:\/\/www.ssaver.gob.mx\/difusion\/wp-content\/uploads\/sites\/23\/2025\/06\/WhatsApp-Image-2025-06-07-at-18.31.11-1536x1152.jpeg 1536w, https:\/\/www.ssaver.gob.mx\/difusion\/wp-content\/uploads\/sites\/23\/2025\/06\/WhatsApp-Image-2025-06-07-at-18.31.11.jpeg 1600w\" sizes=\"auto, (max-width: 1024px) 100vw, 1024px\" \/><\/figure>\n","protected":false},"excerpt":{"rendered":"<p>&gt;Autoridades federales y estatales impulsan vigilancia y atenci\u00f3n cl\u00ednica oportuna. M\u00e9rida, Yuc., s\u00e1bado 07 de junio de 2025.- En el<\/p>\n","protected":false},"author":68,"featured_media":5386,"comment_status":"closed","ping_status":"closed","sticky":false,"template":"","format":"standard","meta":{"colormag_page_container_layout":"default_layout","colormag_page_sidebar_layout":"default_layout","footnotes":""},"categories":[111,115],"tags":[576,141,169,189,184,191,142,137],"class_list":["post-5384","post","type-post","status-publish","format-standard","has-post-thumbnail","hentry","category-boletines","category-general","tag-marida-yucatan","tag-salud","tag-salud-veracruz","tag-secretaria-de-salud-de-veracruz","tag-sesver","tag-valentin-herrera-alarcon","tag-veracruz","tag-xalapa"],"_links":{"self":[{"href":"https:\/\/www.ssaver.gob.mx\/difusion\/wp-json\/wp\/v2\/posts\/5384","targetHints":{"allow":["GET"]}}],"collection":[{"href":"https:\/\/www.ssaver.gob.mx\/difusion\/wp-json\/wp\/v2\/posts"}],"about":[{"href":"https:\/\/www.ssaver.gob.mx\/difusion\/wp-json\/wp\/v2\/types\/post"}],"author":[{"embeddable":true,"href":"https:\/\/www.ssaver.gob.mx\/difusion\/wp-json\/wp\/v2\/users\/68"}],"replies":[{"embeddable":true,"href":"https:\/\/www.ssaver.gob.mx\/difusion\/wp-json\/wp\/v2\/comments?post=5384"}],"version-history":[{"count":2,"href":"https:\/\/www.ssaver.gob.mx\/difusion\/wp-json\/wp\/v2\/posts\/5384\/revisions"}],"predecessor-version":[{"id":5389,"href":"https:\/\/www.ssaver.gob.mx\/difusion\/wp-json\/wp\/v2\/posts\/5384\/revisions\/5389"}],"wp:featuredmedia":[{"embeddable":true,"href":"https:\/\/www.ssaver.gob.mx\/difusion\/wp-json\/wp\/v2\/media\/5386"}],"wp:attachment":[{"href":"https:\/\/www.ssaver.gob.mx\/difusion\/wp-json\/wp\/v2\/media?parent=5384"}],"wp:term":[{"taxonomy":"category","embeddable":true,"href":"https:\/\/www.ssaver.gob.mx\/difusion\/wp-json\/wp\/v2\/categories?post=5384"},{"taxonomy":"post_tag","embeddable":true,"href":"https:\/\/www.ssaver.gob.mx\/difusion\/wp-json\/wp\/v2\/tags?post=5384"}],"curies":[{"name":"wp","href":"https:\/\/api.w.org\/{rel}","templated":true}]}}