{"id":5390,"date":"2025-06-07T23:58:00","date_gmt":"2025-06-08T04:58:00","guid":{"rendered":"https:\/\/www.ssaver.gob.mx\/difusion\/?p=5390"},"modified":"2025-06-10T18:23:32","modified_gmt":"2025-06-10T23:23:32","slug":"salvan-especialistas-de-salud-mano-de-trabajador-tras-accidente-laboral","status":"publish","type":"post","link":"https:\/\/www.ssaver.gob.mx\/difusion\/2025\/06\/07\/salvan-especialistas-de-salud-mano-de-trabajador-tras-accidente-laboral\/","title":{"rendered":"Salvan especialistas de Salud, mano de trabajador tras accidente laboral"},"content":{"rendered":"\n<p>&gt;Gracias a la intervenci\u00f3n, Arturo recuper\u00f3 su calidad de vida.<\/p>\n\n\n\n<figure class=\"wp-block-image aligncenter size-large\"><img loading=\"lazy\" decoding=\"async\" width=\"1024\" height=\"679\" src=\"https:\/\/www.ssaver.gob.mx\/difusion\/wp-content\/uploads\/sites\/23\/2025\/06\/WhatsApp-Image-2025-06-07-at-20.16.19-2-1024x679.jpeg\" alt=\"\" class=\"wp-image-5392\" srcset=\"https:\/\/www.ssaver.gob.mx\/difusion\/wp-content\/uploads\/sites\/23\/2025\/06\/WhatsApp-Image-2025-06-07-at-20.16.19-2-1024x679.jpeg 1024w, https:\/\/www.ssaver.gob.mx\/difusion\/wp-content\/uploads\/sites\/23\/2025\/06\/WhatsApp-Image-2025-06-07-at-20.16.19-2-300x199.jpeg 300w, https:\/\/www.ssaver.gob.mx\/difusion\/wp-content\/uploads\/sites\/23\/2025\/06\/WhatsApp-Image-2025-06-07-at-20.16.19-2-768x509.jpeg 768w, https:\/\/www.ssaver.gob.mx\/difusion\/wp-content\/uploads\/sites\/23\/2025\/06\/WhatsApp-Image-2025-06-07-at-20.16.19-2.jpeg 1280w\" sizes=\"auto, (max-width: 1024px) 100vw, 1024px\" \/><figcaption class=\"wp-element-caption\"><strong>La cirug\u00eda, de alta complejidad y larga duraci\u00f3n, evit\u00f3 una amputaci\u00f3n y marc\u00f3 un antes y un despu\u00e9s en la vida del paciente. Foto: Marco Antonio \/ Secretar\u00eda de Salud de Veracruz.<\/strong><\/figcaption><\/figure>\n\n\n\n<p class=\"has-medium-font-size\"><strong>Perote, Ver., s\u00e1bado 07 de junio de 2025.-<\/strong> La atenci\u00f3n oportuna y el trabajo quir\u00fargico de alta especialidad realizado en el Hospital General de Perote, hicieron posible que Arturo Cruz Rodr\u00edguez, de 39 a\u00f1os, conservara la mano luego de un accidente laboral y, con ello, la esperanza y calidad de vida.<\/p>\n\n\n\n<figure class=\"wp-block-image aligncenter size-large\"><img loading=\"lazy\" decoding=\"async\" width=\"1024\" height=\"730\" src=\"https:\/\/www.ssaver.gob.mx\/difusion\/wp-content\/uploads\/sites\/23\/2025\/06\/WhatsApp-Image-2025-06-10-at-16.59.54-1024x730.jpeg\" alt=\"\" class=\"wp-image-5406\" srcset=\"https:\/\/www.ssaver.gob.mx\/difusion\/wp-content\/uploads\/sites\/23\/2025\/06\/WhatsApp-Image-2025-06-10-at-16.59.54-1024x730.jpeg 1024w, https:\/\/www.ssaver.gob.mx\/difusion\/wp-content\/uploads\/sites\/23\/2025\/06\/WhatsApp-Image-2025-06-10-at-16.59.54-300x214.jpeg 300w, https:\/\/www.ssaver.gob.mx\/difusion\/wp-content\/uploads\/sites\/23\/2025\/06\/WhatsApp-Image-2025-06-10-at-16.59.54-768x547.jpeg 768w, https:\/\/www.ssaver.gob.mx\/difusion\/wp-content\/uploads\/sites\/23\/2025\/06\/WhatsApp-Image-2025-06-10-at-16.59.54-1536x1094.jpeg 1536w, https:\/\/www.ssaver.gob.mx\/difusion\/wp-content\/uploads\/sites\/23\/2025\/06\/WhatsApp-Image-2025-06-10-at-16.59.54-2048x1459.jpeg 2048w\" sizes=\"auto, (max-width: 1024px) 100vw, 1024px\" \/><figcaption class=\"wp-element-caption\"><strong>Arturo Cruz Rodr\u00edguez, de 39 a\u00f1os, logr\u00f3 conservar su mano tras una compleja cirug\u00eda de m\u00e1s de 12 horas en el Hospital General de Perote, luego de un accidente laboral que casi le cuesta la extremidad.  Foto: Marco Antonio \/ Secretar\u00eda de Salud de Veracruz<\/strong>.<\/figcaption><\/figure>\n\n\n\n<p class=\"has-medium-font-size\">Hace un a\u00f1o, mientras laboraba en la reparaci\u00f3n de una m\u00e1quina para fabricar bloques, su extremidad izquierda qued\u00f3 atrapada en el sistema de mezcla, lo que provoc\u00f3 una lesi\u00f3n que pr\u00e1cticamente le desprendi\u00f3 la extremidad.<\/p>\n\n\n\n<p class=\"has-medium-font-size\">\u201cAl principio me dijeron que iba para amputaci\u00f3n. Pens\u00e9 en mi familia, en mis hijos, en qu\u00e9 iba a hacer, pero gracias a Dios y a la valoraci\u00f3n m\u00e9dica, tuvo salvaci\u00f3n\u201d, relat\u00f3 Arturo.<\/p>\n\n\n\n<p class=\"has-medium-font-size\">En una cirug\u00eda, que dur\u00f3 m\u00e1s de 12 horas, los m\u00e9dicos especialistas Jos\u00e9 de Jes\u00fas Gonz\u00e1lez, Ricardo Quirarte, Aitor Ayerdi y Sergio S\u00e1nchez, repararon tendones, vasos sangu\u00edneos y nervios, permitiendo recuperar parcialmente la funcionalidad de la mano.<\/p>\n\n\n\n<figure class=\"wp-block-image aligncenter size-large\"><img loading=\"lazy\" decoding=\"async\" width=\"1024\" height=\"738\" src=\"https:\/\/www.ssaver.gob.mx\/difusion\/wp-content\/uploads\/sites\/23\/2025\/06\/WhatsApp-Image-2025-06-10-at-16.58.50-1024x738.jpeg\" alt=\"\" class=\"wp-image-5407\" srcset=\"https:\/\/www.ssaver.gob.mx\/difusion\/wp-content\/uploads\/sites\/23\/2025\/06\/WhatsApp-Image-2025-06-10-at-16.58.50-1024x738.jpeg 1024w, https:\/\/www.ssaver.gob.mx\/difusion\/wp-content\/uploads\/sites\/23\/2025\/06\/WhatsApp-Image-2025-06-10-at-16.58.50-300x216.jpeg 300w, https:\/\/www.ssaver.gob.mx\/difusion\/wp-content\/uploads\/sites\/23\/2025\/06\/WhatsApp-Image-2025-06-10-at-16.58.50-768x553.jpeg 768w, https:\/\/www.ssaver.gob.mx\/difusion\/wp-content\/uploads\/sites\/23\/2025\/06\/WhatsApp-Image-2025-06-10-at-16.58.50-1536x1107.jpeg 1536w, https:\/\/www.ssaver.gob.mx\/difusion\/wp-content\/uploads\/sites\/23\/2025\/06\/WhatsApp-Image-2025-06-10-at-16.58.50-2048x1476.jpeg 2048w\" sizes=\"auto, (max-width: 1024px) 100vw, 1024px\" \/><figcaption class=\"wp-element-caption\"><strong>En una cirug\u00eda, que dur\u00f3 m\u00e1s de 12 horas, los m\u00e9dicos especialistas Jos\u00e9 de Jes\u00fas Gonz\u00e1lez, Ricardo Quirarte, Aitor Ayerdi y Sergio S\u00e1nchez, repararon tendones, vasos sangu\u00edneos y nervios, permitiendo recuperar parcialmente la funcionalidad de la mano. Foto: Marco Antonio \/ Secretar\u00eda de Salud de Veracruz.<\/strong><\/figcaption><\/figure>\n\n\n\n<p class=\"has-medium-font-size\">\u201cEl da\u00f1o fue severo, ten\u00eda desprendimiento casi total de los tejidos y de las estructuras, sin embargo, tuvimos la oportunidad de rescatarla\u201d, explic\u00f3 el doctor Ricardo Quirarte.<\/p>\n\n\n\n<p class=\"has-medium-font-size\">Por su parte, el m\u00e9dico Aitor Ayerdi, responsable de la parte microquir\u00fargica, se\u00f1al\u00f3 que, \u201caunque era una cirug\u00eda de alto riesgo, exist\u00eda la posibilidad de reinsertar esa parte del cuerpo\u201d.<\/p>\n\n\n\n<figure class=\"wp-block-image aligncenter size-large\"><img loading=\"lazy\" decoding=\"async\" width=\"1024\" height=\"726\" src=\"https:\/\/www.ssaver.gob.mx\/difusion\/wp-content\/uploads\/sites\/23\/2025\/06\/WhatsApp-Image-2025-06-07-at-20.16.19-1-1024x726.jpeg\" alt=\"\" class=\"wp-image-5391\" srcset=\"https:\/\/www.ssaver.gob.mx\/difusion\/wp-content\/uploads\/sites\/23\/2025\/06\/WhatsApp-Image-2025-06-07-at-20.16.19-1-1024x726.jpeg 1024w, https:\/\/www.ssaver.gob.mx\/difusion\/wp-content\/uploads\/sites\/23\/2025\/06\/WhatsApp-Image-2025-06-07-at-20.16.19-1-300x213.jpeg 300w, https:\/\/www.ssaver.gob.mx\/difusion\/wp-content\/uploads\/sites\/23\/2025\/06\/WhatsApp-Image-2025-06-07-at-20.16.19-1-768x545.jpeg 768w, https:\/\/www.ssaver.gob.mx\/difusion\/wp-content\/uploads\/sites\/23\/2025\/06\/WhatsApp-Image-2025-06-07-at-20.16.19-1.jpeg 1280w\" sizes=\"auto, (max-width: 1024px) 100vw, 1024px\" \/><figcaption class=\"wp-element-caption\"><strong>Gracias a la experiencia del traumat\u00f3logo Rafa\u00e9l S\u00e1nchez y un equipo m\u00e9dico comprometido, un paciente avanza en la recuperaci\u00f3n de su mano, con la esperanza renovada de volver a su vida laboral. Foto: Marco Antonio \/ Secretar\u00eda de Salud de Veracruz.<\/strong><\/figcaption><\/figure>\n\n\n\n<p class=\"has-medium-font-size\">Durante meses, el paciente acudi\u00f3 a terapias de rehabilitaci\u00f3n, poco a poco recuper\u00f3 movimiento en los dedos, fuerza en la mano y confianza en s\u00ed mismo. A\u00fan no ha regresado del todo a sus labores, pero su evoluci\u00f3n ha sido favorable.<\/p>\n\n\n\n<p class=\"has-medium-font-size\">Este caso es testimonio de trabajo coordinado y la importancia de acceder a servicios m\u00e9dicos especializados. Con profesionales capaces de realizar intervenciones complejas, la Secretar\u00eda de Salud refrenda su compromiso de brindar atenci\u00f3n oportuna y de calidad a las y los veracruzanos.<\/p>\n\n\n\n<div class=\"wp-block-columns is-layout-flex wp-container-core-columns-is-layout-28f84493 wp-block-columns-is-layout-flex\">\n<div class=\"wp-block-column is-layout-flow wp-block-column-is-layout-flow\">\n<figure class=\"wp-block-image aligncenter size-large is-resized\"><img loading=\"lazy\" decoding=\"async\" width=\"1024\" height=\"816\" src=\"https:\/\/www.ssaver.gob.mx\/difusion\/wp-content\/uploads\/sites\/23\/2025\/06\/WhatsApp-Image-2025-06-10-at-17.06.45-1024x816.jpeg\" alt=\"\" class=\"wp-image-5408\" style=\"width:1024px;height:auto\" srcset=\"https:\/\/www.ssaver.gob.mx\/difusion\/wp-content\/uploads\/sites\/23\/2025\/06\/WhatsApp-Image-2025-06-10-at-17.06.45-1024x816.jpeg 1024w, https:\/\/www.ssaver.gob.mx\/difusion\/wp-content\/uploads\/sites\/23\/2025\/06\/WhatsApp-Image-2025-06-10-at-17.06.45-300x239.jpeg 300w, https:\/\/www.ssaver.gob.mx\/difusion\/wp-content\/uploads\/sites\/23\/2025\/06\/WhatsApp-Image-2025-06-10-at-17.06.45-768x612.jpeg 768w, https:\/\/www.ssaver.gob.mx\/difusion\/wp-content\/uploads\/sites\/23\/2025\/06\/WhatsApp-Image-2025-06-10-at-17.06.45-1536x1224.jpeg 1536w, https:\/\/www.ssaver.gob.mx\/difusion\/wp-content\/uploads\/sites\/23\/2025\/06\/WhatsApp-Image-2025-06-10-at-17.06.45-2048x1632.jpeg 2048w\" sizes=\"auto, (max-width: 1024px) 100vw, 1024px\" \/><figcaption class=\"wp-element-caption\"><strong>Gracias a la intervenci\u00f3n de un equipo multidisciplinario de especialistas, encabezado por el Traumat\u00f3logo Rafa\u00e9l S\u00e1nchez,  salv\u00f3 su mano y hoy recupera poco a poco la funcionalidad y la esperanza de volver a trabajar. Foto: Marco Antonio \/ Secretar\u00eda de Salud de Veracruz.<\/strong><\/figcaption><\/figure>\n<\/div>\n<\/div>\n\n\n\n<p><\/p>\n","protected":false},"excerpt":{"rendered":"<p>&gt;Gracias a la intervenci\u00f3n, Arturo recuper\u00f3 su calidad de vida. Perote, Ver., s\u00e1bado 07 de junio de 2025.- La atenci\u00f3n<\/p>\n","protected":false},"author":68,"featured_media":5395,"comment_status":"closed","ping_status":"closed","sticky":false,"template":"","format":"standard","meta":{"colormag_page_container_layout":"default_layout","colormag_page_sidebar_layout":"default_layout","footnotes":""},"categories":[111,115],"tags":[141,169,189,184,142,137],"class_list":["post-5390","post","type-post","status-publish","format-standard","has-post-thumbnail","hentry","category-boletines","category-general","tag-salud","tag-salud-veracruz","tag-secretaria-de-salud-de-veracruz","tag-sesver","tag-veracruz","tag-xalapa"],"_links":{"self":[{"href":"https:\/\/www.ssaver.gob.mx\/difusion\/wp-json\/wp\/v2\/posts\/5390","targetHints":{"allow":["GET"]}}],"collection":[{"href":"https:\/\/www.ssaver.gob.mx\/difusion\/wp-json\/wp\/v2\/posts"}],"about":[{"href":"https:\/\/www.ssaver.gob.mx\/difusion\/wp-json\/wp\/v2\/types\/post"}],"author":[{"embeddable":true,"href":"https:\/\/www.ssaver.gob.mx\/difusion\/wp-json\/wp\/v2\/users\/68"}],"replies":[{"embeddable":true,"href":"https:\/\/www.ssaver.gob.mx\/difusion\/wp-json\/wp\/v2\/comments?post=5390"}],"version-history":[{"count":2,"href":"https:\/\/www.ssaver.gob.mx\/difusion\/wp-json\/wp\/v2\/posts\/5390\/revisions"}],"predecessor-version":[{"id":5409,"href":"https:\/\/www.ssaver.gob.mx\/difusion\/wp-json\/wp\/v2\/posts\/5390\/revisions\/5409"}],"wp:featuredmedia":[{"embeddable":true,"href":"https:\/\/www.ssaver.gob.mx\/difusion\/wp-json\/wp\/v2\/media\/5395"}],"wp:attachment":[{"href":"https:\/\/www.ssaver.gob.mx\/difusion\/wp-json\/wp\/v2\/media?parent=5390"}],"wp:term":[{"taxonomy":"category","embeddable":true,"href":"https:\/\/www.ssaver.gob.mx\/difusion\/wp-json\/wp\/v2\/categories?post=5390"},{"taxonomy":"post_tag","embeddable":true,"href":"https:\/\/www.ssaver.gob.mx\/difusion\/wp-json\/wp\/v2\/tags?post=5390"}],"curies":[{"name":"wp","href":"https:\/\/api.w.org\/{rel}","templated":true}]}}