{"id":5400,"date":"2025-06-09T15:50:49","date_gmt":"2025-06-09T20:50:49","guid":{"rendered":"https:\/\/www.ssaver.gob.mx\/difusion\/?p=5400"},"modified":"2025-06-09T15:50:49","modified_gmt":"2025-06-09T20:50:49","slug":"garantizado-abasto-de-medicamentos-oncologicos-infantiles-gobernadora","status":"publish","type":"post","link":"https:\/\/www.ssaver.gob.mx\/difusion\/2025\/06\/09\/garantizado-abasto-de-medicamentos-oncologicos-infantiles-gobernadora\/","title":{"rendered":"Garantizado abasto de medicamentos oncol\u00f3gicos infantiles: Gobernadora"},"content":{"rendered":"\n<p>&gt;Centros de salud registran 90 por ciento de avance en provisiones.<\/p>\n\n\n\n<figure class=\"wp-block-image aligncenter size-large\"><img loading=\"lazy\" decoding=\"async\" width=\"1024\" height=\"683\" src=\"https:\/\/www.ssaver.gob.mx\/difusion\/wp-content\/uploads\/sites\/23\/2025\/06\/WhatsApp-Image-2025-06-09-at-14.31.04-1024x683.jpeg\" alt=\"\" class=\"wp-image-5399\" srcset=\"https:\/\/www.ssaver.gob.mx\/difusion\/wp-content\/uploads\/sites\/23\/2025\/06\/WhatsApp-Image-2025-06-09-at-14.31.04-1024x683.jpeg 1024w, https:\/\/www.ssaver.gob.mx\/difusion\/wp-content\/uploads\/sites\/23\/2025\/06\/WhatsApp-Image-2025-06-09-at-14.31.04-300x200.jpeg 300w, https:\/\/www.ssaver.gob.mx\/difusion\/wp-content\/uploads\/sites\/23\/2025\/06\/WhatsApp-Image-2025-06-09-at-14.31.04-768x512.jpeg 768w, https:\/\/www.ssaver.gob.mx\/difusion\/wp-content\/uploads\/sites\/23\/2025\/06\/WhatsApp-Image-2025-06-09-at-14.31.04-1536x1025.jpeg 1536w, https:\/\/www.ssaver.gob.mx\/difusion\/wp-content\/uploads\/sites\/23\/2025\/06\/WhatsApp-Image-2025-06-09-at-14.31.04-2048x1366.jpeg 2048w\" sizes=\"auto, (max-width: 1024px) 100vw, 1024px\" \/><\/figure>\n\n\n\n<p class=\"has-medium-font-size\"><strong>Xalapa, Ver., lunes 09 de junio de 2025.-<\/strong> La gobernadora Roc\u00edo Nahle Garc\u00eda garantiz\u00f3 el abasto de medicamentos oncol\u00f3gicos para ni\u00f1as y ni\u00f1os con c\u00e1ncer e inform\u00f3 que el Gobierno estatal realizar\u00e1 la compra de f\u00e1rmacos para los pr\u00f3ximos tres meses.<\/p>\n\n\n\n<p class=\"has-medium-font-size\">\u201cEsto permitir\u00e1 salir de la l\u00f3gica del d\u00eda a d\u00eda y garantizar un stock suficiente para atender a todos quienes lo requieran, sin interrupciones\u201d, expres\u00f3 en conferencia de prensa.<\/p>\n\n\n\n<p class=\"has-medium-font-size\">En un acto de responsabilidad y compromiso para asegurar la atenci\u00f3n m\u00e9dica oportuna, la Mandataria tuvo comunicaci\u00f3n directa con autoridades del Hospital Infantil de Veracruz y el Centro Estatal de Cancerolog\u00eda, quienes confirmaron que esta semana cuentan con los tratamientos necesarios.<\/p>\n\n\n\n<p class=\"has-medium-font-size\">En respaldo a esta acci\u00f3n, la presidenta Claudia Sheinbaum Pardo anunci\u00f3 la compra emergente de medicamentos, especialmente enfocados en la atenci\u00f3n infantil; \u201clos insumos est\u00e1n llegando a todo el pa\u00eds, en Veracruz de manera prioritaria\u201d, coment\u00f3 en la Ma\u00f1anera del Pueblo.<\/p>\n\n\n\n<p class=\"has-medium-font-size\">En paralelo, el coordinador de IMSS-Bienestar en el estado, Roberto Ramos Alor, y el director administrativo de SESVER, Jos\u00e9 David Rangel Zerme\u00f1o, supervisaron la entrega de medicinas en m\u00e1s de 800 centros de salud.<\/p>\n\n\n\n<p class=\"has-medium-font-size\">Gracias a este esfuerzo coordinado, Veracruz registra un abasto del 90 por ciento en muchos de estos centros, lo que contribuye a garantizar atenci\u00f3n integral en todos los niveles del sistema de salud.<\/p>\n","protected":false},"excerpt":{"rendered":"<p>&gt;Centros de salud registran 90 por ciento de avance en provisiones. Xalapa, Ver., lunes 09 de junio de 2025.- La<\/p>\n","protected":false},"author":68,"featured_media":5401,"comment_status":"closed","ping_status":"closed","sticky":false,"template":"","format":"standard","meta":{"colormag_page_container_layout":"default_layout","colormag_page_sidebar_layout":"default_layout","footnotes":""},"categories":[111,115],"tags":[143,580,577,579,578,582,581,184],"class_list":["post-5400","post","type-post","status-publish","format-standard","has-post-thumbnail","hentry","category-boletines","category-general","tag-cecan","tag-centro-estatal-de-cancerologia","tag-gobernadora-rocio-nahle-garcia","tag-hospital-infantil-de-veracruz","tag-medicamento-oncologicos","tag-ose-david-rangel-zermeno","tag-roberto-ramos-alor","tag-sesver"],"_links":{"self":[{"href":"https:\/\/www.ssaver.gob.mx\/difusion\/wp-json\/wp\/v2\/posts\/5400","targetHints":{"allow":["GET"]}}],"collection":[{"href":"https:\/\/www.ssaver.gob.mx\/difusion\/wp-json\/wp\/v2\/posts"}],"about":[{"href":"https:\/\/www.ssaver.gob.mx\/difusion\/wp-json\/wp\/v2\/types\/post"}],"author":[{"embeddable":true,"href":"https:\/\/www.ssaver.gob.mx\/difusion\/wp-json\/wp\/v2\/users\/68"}],"replies":[{"embeddable":true,"href":"https:\/\/www.ssaver.gob.mx\/difusion\/wp-json\/wp\/v2\/comments?post=5400"}],"version-history":[{"count":1,"href":"https:\/\/www.ssaver.gob.mx\/difusion\/wp-json\/wp\/v2\/posts\/5400\/revisions"}],"predecessor-version":[{"id":5402,"href":"https:\/\/www.ssaver.gob.mx\/difusion\/wp-json\/wp\/v2\/posts\/5400\/revisions\/5402"}],"wp:featuredmedia":[{"embeddable":true,"href":"https:\/\/www.ssaver.gob.mx\/difusion\/wp-json\/wp\/v2\/media\/5401"}],"wp:attachment":[{"href":"https:\/\/www.ssaver.gob.mx\/difusion\/wp-json\/wp\/v2\/media?parent=5400"}],"wp:term":[{"taxonomy":"category","embeddable":true,"href":"https:\/\/www.ssaver.gob.mx\/difusion\/wp-json\/wp\/v2\/categories?post=5400"},{"taxonomy":"post_tag","embeddable":true,"href":"https:\/\/www.ssaver.gob.mx\/difusion\/wp-json\/wp\/v2\/tags?post=5400"}],"curies":[{"name":"wp","href":"https:\/\/api.w.org\/{rel}","templated":true}]}}