{"id":5422,"date":"2025-06-12T12:46:44","date_gmt":"2025-06-12T17:46:44","guid":{"rendered":"https:\/\/www.ssaver.gob.mx\/difusion\/?p=5422"},"modified":"2025-06-12T12:46:44","modified_gmt":"2025-06-12T17:46:44","slug":"salud-casa-por-casa-beneficiara-a-mas-de-un-millon-de-veracruzanos-rocio-nahle","status":"publish","type":"post","link":"https:\/\/www.ssaver.gob.mx\/difusion\/2025\/06\/12\/salud-casa-por-casa-beneficiara-a-mas-de-un-millon-de-veracruzanos-rocio-nahle\/","title":{"rendered":"Salud Casa por Casa beneficiar\u00e1 a m\u00e1s de un mill\u00f3n de veracruzanos: Roc\u00edo Nahle"},"content":{"rendered":"\n<p>&gt;Programa de justicia social y prevenci\u00f3n, dirigido a quienes m\u00e1s lo necesitan.<\/p>\n\n\n\n<p>&gt;Programa de justicia social y prevenci\u00f3n, dirigido a quienes m\u00e1s lo necesitan.<\/p>\n\n\n\n<p class=\"has-medium-font-size\"><strong>Xalapa, Ver., martes 10 de junio de 2025.- <\/strong>Con el objetivo de fortalecer la formaci\u00f3n y capacitaci\u00f3n de personal m\u00e9dico y enfermer\u00eda, la Secretar\u00eda de Salud instal\u00f3 la <strong>Comisi\u00f3n Interinstitucional para la Formaci\u00f3n y Capacitaci\u00f3n de Recursos Humanos e Investigaci\u00f3n en Salud del Estado de Veracruz<\/strong>, y celebr\u00f3 su primera sesi\u00f3n oficial.<\/p>\n\n\n\n<figure class=\"wp-block-image aligncenter size-large\"><img loading=\"lazy\" decoding=\"async\" width=\"1024\" height=\"683\" src=\"https:\/\/www.ssaver.gob.mx\/difusion\/wp-content\/uploads\/sites\/23\/2025\/06\/WhatsApp-Image-2025-06-12-at-11.03.05-1-1024x683.jpeg\" alt=\"\" class=\"wp-image-5417\" srcset=\"https:\/\/www.ssaver.gob.mx\/difusion\/wp-content\/uploads\/sites\/23\/2025\/06\/WhatsApp-Image-2025-06-12-at-11.03.05-1-1024x683.jpeg 1024w, https:\/\/www.ssaver.gob.mx\/difusion\/wp-content\/uploads\/sites\/23\/2025\/06\/WhatsApp-Image-2025-06-12-at-11.03.05-1-300x200.jpeg 300w, https:\/\/www.ssaver.gob.mx\/difusion\/wp-content\/uploads\/sites\/23\/2025\/06\/WhatsApp-Image-2025-06-12-at-11.03.05-1-768x512.jpeg 768w, https:\/\/www.ssaver.gob.mx\/difusion\/wp-content\/uploads\/sites\/23\/2025\/06\/WhatsApp-Image-2025-06-12-at-11.03.05-1-1536x1024.jpeg 1536w, https:\/\/www.ssaver.gob.mx\/difusion\/wp-content\/uploads\/sites\/23\/2025\/06\/WhatsApp-Image-2025-06-12-at-11.03.05-1-2048x1365.jpeg 2048w\" sizes=\"auto, (max-width: 1024px) 100vw, 1024px\" \/><\/figure>\n\n\n\n<p class=\"has-medium-font-size\">Esta Comisi\u00f3n tiene como mandato impulsar la formaci\u00f3n de recursos humanos que respondan con \u00e9tica, compromiso y alta especializaci\u00f3n a las necesidades del sistema estatal de salud, siempre en beneficio del pueblo veracruzano.<\/p>\n\n\n\n<p class=\"has-medium-font-size\">Acompa\u00f1ada por personal m\u00e9dico y de enfermer\u00eda, inform\u00f3 que en Veracruz participar\u00e1n mil 309 facilitadores&nbsp;que&nbsp;brindar\u00e1n atenci\u00f3n directa a un mill\u00f3n 14 mil 113 personas&nbsp;en Coatzacoalcos, C\u00f3rdoba, Cosamaloapan,&nbsp;Cosoleacaque, Mart\u00ednez de la Torre, Minatitl\u00e1n, Orizaba, P\u00e1nuco, Papantla, Poza Rica, Los Tuxtlas, Tantoyuca, Tuxpan, Veracruz, Xalapa y&nbsp;Zongolica.<\/p>\n\n\n\n<div class=\"wp-block-columns is-layout-flex wp-container-core-columns-is-layout-28f84493 wp-block-columns-is-layout-flex\">\n<div class=\"wp-block-column is-layout-flow wp-block-column-is-layout-flow\">\n<figure class=\"wp-block-image size-large\"><img loading=\"lazy\" decoding=\"async\" width=\"1024\" height=\"683\" src=\"https:\/\/www.ssaver.gob.mx\/difusion\/wp-content\/uploads\/sites\/23\/2025\/06\/WhatsApp-Image-2025-06-12-at-11.03.05-3-1024x683.jpeg\" alt=\"\" class=\"wp-image-5419\" srcset=\"https:\/\/www.ssaver.gob.mx\/difusion\/wp-content\/uploads\/sites\/23\/2025\/06\/WhatsApp-Image-2025-06-12-at-11.03.05-3-1024x683.jpeg 1024w, https:\/\/www.ssaver.gob.mx\/difusion\/wp-content\/uploads\/sites\/23\/2025\/06\/WhatsApp-Image-2025-06-12-at-11.03.05-3-300x200.jpeg 300w, https:\/\/www.ssaver.gob.mx\/difusion\/wp-content\/uploads\/sites\/23\/2025\/06\/WhatsApp-Image-2025-06-12-at-11.03.05-3-768x512.jpeg 768w, https:\/\/www.ssaver.gob.mx\/difusion\/wp-content\/uploads\/sites\/23\/2025\/06\/WhatsApp-Image-2025-06-12-at-11.03.05-3-1536x1024.jpeg 1536w, https:\/\/www.ssaver.gob.mx\/difusion\/wp-content\/uploads\/sites\/23\/2025\/06\/WhatsApp-Image-2025-06-12-at-11.03.05-3-2048x1365.jpeg 2048w\" sizes=\"auto, (max-width: 1024px) 100vw, 1024px\" \/><\/figure>\n<\/div>\n\n\n\n<div class=\"wp-block-column is-layout-flow wp-block-column-is-layout-flow\">\n<figure class=\"wp-block-image size-large\"><img loading=\"lazy\" decoding=\"async\" width=\"1024\" height=\"682\" src=\"https:\/\/www.ssaver.gob.mx\/difusion\/wp-content\/uploads\/sites\/23\/2025\/06\/WhatsApp-Image-2025-06-12-at-11.03.05-4-1024x682.jpeg\" alt=\"\" class=\"wp-image-5420\" srcset=\"https:\/\/www.ssaver.gob.mx\/difusion\/wp-content\/uploads\/sites\/23\/2025\/06\/WhatsApp-Image-2025-06-12-at-11.03.05-4-1024x682.jpeg 1024w, https:\/\/www.ssaver.gob.mx\/difusion\/wp-content\/uploads\/sites\/23\/2025\/06\/WhatsApp-Image-2025-06-12-at-11.03.05-4-300x200.jpeg 300w, https:\/\/www.ssaver.gob.mx\/difusion\/wp-content\/uploads\/sites\/23\/2025\/06\/WhatsApp-Image-2025-06-12-at-11.03.05-4-768x512.jpeg 768w, https:\/\/www.ssaver.gob.mx\/difusion\/wp-content\/uploads\/sites\/23\/2025\/06\/WhatsApp-Image-2025-06-12-at-11.03.05-4.jpeg 1280w\" sizes=\"auto, (max-width: 1024px) 100vw, 1024px\" \/><\/figure>\n<\/div>\n<\/div>\n\n\n\n<p>\u201cEste programa&nbsp;es el sello&nbsp;de la Cuarta Transformaci\u00f3n\u201d, expres\u00f3.<\/p>\n\n\n\n<p class=\"has-medium-font-size\">Se trata de una iniciativa preventiva centrada en&nbsp;la atenci\u00f3n primaria, en este sentido, destac\u00f3,&nbsp;su gobierno ha fortalecido el abasto de medicamentos en m\u00e1s de 800 centros de salud, y reconoci\u00f3 el compromiso del personal m\u00e9dico y operativo involucrado.&nbsp;<\/p>\n\n\n\n<p class=\"has-medium-font-size\">Anunci\u00f3 el env\u00edo de una comitiva con cinco unidades m\u00e9dicas a la regi\u00f3n de&nbsp;Zongolicapara distribuir medicamentos, reafirmando el compromiso con las comunidades m\u00e1s apartadas.<\/p>\n\n\n\n<figure class=\"wp-block-image aligncenter size-large\"><img loading=\"lazy\" decoding=\"async\" width=\"1024\" height=\"684\" src=\"https:\/\/www.ssaver.gob.mx\/difusion\/wp-content\/uploads\/sites\/23\/2025\/06\/WhatsApp-Image-2025-06-12-at-11.03.05-2-1024x684.jpeg\" alt=\"\" class=\"wp-image-5418\" srcset=\"https:\/\/www.ssaver.gob.mx\/difusion\/wp-content\/uploads\/sites\/23\/2025\/06\/WhatsApp-Image-2025-06-12-at-11.03.05-2-1024x684.jpeg 1024w, https:\/\/www.ssaver.gob.mx\/difusion\/wp-content\/uploads\/sites\/23\/2025\/06\/WhatsApp-Image-2025-06-12-at-11.03.05-2-300x200.jpeg 300w, https:\/\/www.ssaver.gob.mx\/difusion\/wp-content\/uploads\/sites\/23\/2025\/06\/WhatsApp-Image-2025-06-12-at-11.03.05-2-768x513.jpeg 768w, https:\/\/www.ssaver.gob.mx\/difusion\/wp-content\/uploads\/sites\/23\/2025\/06\/WhatsApp-Image-2025-06-12-at-11.03.05-2-1536x1026.jpeg 1536w, https:\/\/www.ssaver.gob.mx\/difusion\/wp-content\/uploads\/sites\/23\/2025\/06\/WhatsApp-Image-2025-06-12-at-11.03.05-2-2048x1369.jpeg 2048w\" sizes=\"auto, (max-width: 1024px) 100vw, 1024px\" \/><\/figure>\n\n\n\n<p class=\"has-medium-font-size\">\u201cLo que se requiera, lo que haga falta, aqu\u00ed estamos. Vamos a trabajar con toda nuestra fuerza, porque la salud es prioridad para este gobierno y para el pueblo veracruzano\u201d.<\/p>\n\n\n\n<p class=\"has-medium-font-size\">Previamente, la Presidenta de M\u00e9xico reafirm\u00f3&nbsp;que Salud Casa por Casa es el programa m\u00e1s importante del mundo en su tipo. A nivel nacional, participan 20 mil profesionales que<a><\/a>&nbsp;brindar\u00e1n atenci\u00f3n m\u00e9dica b\u00e1sica, seguimiento a enfermedades cr\u00f3nicas y orientaci\u00f3n preventiva a los sectores m\u00e1s vulnerables.<\/p>\n\n\n\n<figure class=\"wp-block-image aligncenter size-large\"><img loading=\"lazy\" decoding=\"async\" width=\"1024\" height=\"683\" src=\"https:\/\/www.ssaver.gob.mx\/difusion\/wp-content\/uploads\/sites\/23\/2025\/06\/WhatsApp-Image-2025-06-12-at-11.03.05-1024x683.jpeg\" alt=\"\" class=\"wp-image-5421\" srcset=\"https:\/\/www.ssaver.gob.mx\/difusion\/wp-content\/uploads\/sites\/23\/2025\/06\/WhatsApp-Image-2025-06-12-at-11.03.05-1024x683.jpeg 1024w, https:\/\/www.ssaver.gob.mx\/difusion\/wp-content\/uploads\/sites\/23\/2025\/06\/WhatsApp-Image-2025-06-12-at-11.03.05-300x200.jpeg 300w, https:\/\/www.ssaver.gob.mx\/difusion\/wp-content\/uploads\/sites\/23\/2025\/06\/WhatsApp-Image-2025-06-12-at-11.03.05-768x512.jpeg 768w, https:\/\/www.ssaver.gob.mx\/difusion\/wp-content\/uploads\/sites\/23\/2025\/06\/WhatsApp-Image-2025-06-12-at-11.03.05-1536x1024.jpeg 1536w, https:\/\/www.ssaver.gob.mx\/difusion\/wp-content\/uploads\/sites\/23\/2025\/06\/WhatsApp-Image-2025-06-12-at-11.03.05-2048x1365.jpeg 2048w\" sizes=\"auto, (max-width: 1024px) 100vw, 1024px\" \/><\/figure>\n\n\n\n<p class=\"has-medium-font-size\">En&nbsp;este arranque acompa\u00f1aron a la Gobernadora&nbsp;el&nbsp;secretario de salud, Valent\u00edn Herrera Alarc\u00f3n; el coordinador del IMSS Bienestar en Veracruz, Roberto Ramos&nbsp;Alor&nbsp;y el&nbsp;delegado de programas para el Bienestar en Veracruz, Juan Javier G\u00f3mez&nbsp;Cazar\u00edn.<\/p>\n","protected":false},"excerpt":{"rendered":"<p>&gt;Programa de justicia social y prevenci\u00f3n, dirigido a quienes m\u00e1s lo necesitan. &gt;Programa de justicia social y prevenci\u00f3n, dirigido a<\/p>\n","protected":false},"author":68,"featured_media":5423,"comment_status":"closed","ping_status":"closed","sticky":false,"template":"","format":"standard","meta":{"colormag_page_container_layout":"default_layout","colormag_page_sidebar_layout":"default_layout","footnotes":""},"categories":[111,115],"tags":[295,151,179,587,596,585,486,593,588,589,590,591,592,554,584,586,594,485,142,137,595],"class_list":["post-5422","post","type-post","status-publish","format-standard","has-post-thumbnail","hentry","category-boletines","category-general","tag-coatzacoalcos","tag-cordoba","tag-cosamaloapan","tag-cosoleacaque","tag-cuarta-transformacion","tag-gobernadora-salud-casa-por-casa","tag-imss-bienestar","tag-los-tuxtlas","tag-martinez-de-la-torre","tag-minatitlan","tag-orizaba","tag-panuco","tag-papantla","tag-poza-rica","tag-salud-casa-por-casa","tag-secretaria-de-salud-instalo-la-comision-interinstitucional-para-la-formacion-y-capacitacion-de-recursos-humanos-e-investigacion-en-salud-del-estado-de-veracruz","tag-tantoyuca","tag-tuxpan","tag-veracruz","tag-xalapa","tag-zongolica"],"_links":{"self":[{"href":"https:\/\/www.ssaver.gob.mx\/difusion\/wp-json\/wp\/v2\/posts\/5422","targetHints":{"allow":["GET"]}}],"collection":[{"href":"https:\/\/www.ssaver.gob.mx\/difusion\/wp-json\/wp\/v2\/posts"}],"about":[{"href":"https:\/\/www.ssaver.gob.mx\/difusion\/wp-json\/wp\/v2\/types\/post"}],"author":[{"embeddable":true,"href":"https:\/\/www.ssaver.gob.mx\/difusion\/wp-json\/wp\/v2\/users\/68"}],"replies":[{"embeddable":true,"href":"https:\/\/www.ssaver.gob.mx\/difusion\/wp-json\/wp\/v2\/comments?post=5422"}],"version-history":[{"count":2,"href":"https:\/\/www.ssaver.gob.mx\/difusion\/wp-json\/wp\/v2\/posts\/5422\/revisions"}],"predecessor-version":[{"id":5425,"href":"https:\/\/www.ssaver.gob.mx\/difusion\/wp-json\/wp\/v2\/posts\/5422\/revisions\/5425"}],"wp:featuredmedia":[{"embeddable":true,"href":"https:\/\/www.ssaver.gob.mx\/difusion\/wp-json\/wp\/v2\/media\/5423"}],"wp:attachment":[{"href":"https:\/\/www.ssaver.gob.mx\/difusion\/wp-json\/wp\/v2\/media?parent=5422"}],"wp:term":[{"taxonomy":"category","embeddable":true,"href":"https:\/\/www.ssaver.gob.mx\/difusion\/wp-json\/wp\/v2\/categories?post=5422"},{"taxonomy":"post_tag","embeddable":true,"href":"https:\/\/www.ssaver.gob.mx\/difusion\/wp-json\/wp\/v2\/tags?post=5422"}],"curies":[{"name":"wp","href":"https:\/\/api.w.org\/{rel}","templated":true}]}}