{"id":5432,"date":"2025-06-18T17:43:18","date_gmt":"2025-06-18T22:43:18","guid":{"rendered":"https:\/\/www.ssaver.gob.mx\/difusion\/?p=5432"},"modified":"2025-06-18T17:43:18","modified_gmt":"2025-06-18T22:43:18","slug":"camionetitas-de-la-salud-abastecen-centros-y-hospitales-de-las-altas-montanas","status":"publish","type":"post","link":"https:\/\/www.ssaver.gob.mx\/difusion\/2025\/06\/18\/camionetitas-de-la-salud-abastecen-centros-y-hospitales-de-las-altas-montanas\/","title":{"rendered":"Camionetitas de la Salud abastecen centros y hospitales de las Altas Monta\u00f1as"},"content":{"rendered":"\n<p>&gt;Gobernadora reporta 90 % de suministro de medicamentos a nivel estatal.<\/p>\n\n\n\n<p class=\"has-medium-font-size\"><strong>Zongolica, Ver., mi\u00e9rcoles 18 de junio de 2025.-<\/strong> Con la llegada de las Camionetitas de la Salud a Zongolica, el Gobierno estatal reforz\u00f3 la entrega de medicamentos en las Altas Monta\u00f1as, en coordinaci\u00f3n con el IMSS-Bienestar, para fortalecer la cobertura en las zonas m\u00e1s apartadas de Veracruz.<\/p>\n\n\n\n<p><\/p>\n\n\n\n<figure class=\"wp-block-image aligncenter size-large\"><img loading=\"lazy\" decoding=\"async\" width=\"1024\" height=\"682\" src=\"https:\/\/www.ssaver.gob.mx\/difusion\/wp-content\/uploads\/sites\/23\/2025\/06\/WhatsApp-Image-2025-06-18-at-16.02.22-3-1024x682.jpeg\" alt=\"\" class=\"wp-image-5430\" srcset=\"https:\/\/www.ssaver.gob.mx\/difusion\/wp-content\/uploads\/sites\/23\/2025\/06\/WhatsApp-Image-2025-06-18-at-16.02.22-3-1024x682.jpeg 1024w, https:\/\/www.ssaver.gob.mx\/difusion\/wp-content\/uploads\/sites\/23\/2025\/06\/WhatsApp-Image-2025-06-18-at-16.02.22-3-300x200.jpeg 300w, https:\/\/www.ssaver.gob.mx\/difusion\/wp-content\/uploads\/sites\/23\/2025\/06\/WhatsApp-Image-2025-06-18-at-16.02.22-3-768x512.jpeg 768w, https:\/\/www.ssaver.gob.mx\/difusion\/wp-content\/uploads\/sites\/23\/2025\/06\/WhatsApp-Image-2025-06-18-at-16.02.22-3-1536x1024.jpeg 1536w, https:\/\/www.ssaver.gob.mx\/difusion\/wp-content\/uploads\/sites\/23\/2025\/06\/WhatsApp-Image-2025-06-18-at-16.02.22-3-2048x1365.jpeg 2048w\" sizes=\"auto, (max-width: 1024px) 100vw, 1024px\" \/><\/figure>\n\n\n\n<p class=\"has-text-align-left has-medium-font-size\">La gobernadora Roc\u00edo Nahle Garc\u00eda subray\u00f3 que una de las prioridades de su administraci\u00f3n es garantizar el acceso efectivo y gratuito a los servicios m\u00e9dicos y medicinas; para ello revisa semanalmente, con el secretario de Salud, Valent\u00edn Herrera Alarc\u00f3n, los reportes de abasto.<\/p>\n\n\n\n<p class=\"has-medium-font-size\">\u201cLas Camionetitas de la Salud traen el mensaje, la esperanza y la felicidad para nuestros pueblos con los medicamentos\u201d, destac\u00f3 el coordinador estatal del IMSS-Bienestar, Roberto Ramos Alor, durante la jornada.<\/p>\n\n\n\n<figure class=\"wp-block-image aligncenter size-large\"><img loading=\"lazy\" decoding=\"async\" width=\"1024\" height=\"682\" src=\"https:\/\/www.ssaver.gob.mx\/difusion\/wp-content\/uploads\/sites\/23\/2025\/06\/WhatsApp-Image-2025-06-18-at-16.02.22-1024x682.jpeg\" alt=\"\" class=\"wp-image-5431\" srcset=\"https:\/\/www.ssaver.gob.mx\/difusion\/wp-content\/uploads\/sites\/23\/2025\/06\/WhatsApp-Image-2025-06-18-at-16.02.22-1024x682.jpeg 1024w, https:\/\/www.ssaver.gob.mx\/difusion\/wp-content\/uploads\/sites\/23\/2025\/06\/WhatsApp-Image-2025-06-18-at-16.02.22-300x200.jpeg 300w, https:\/\/www.ssaver.gob.mx\/difusion\/wp-content\/uploads\/sites\/23\/2025\/06\/WhatsApp-Image-2025-06-18-at-16.02.22-768x512.jpeg 768w, https:\/\/www.ssaver.gob.mx\/difusion\/wp-content\/uploads\/sites\/23\/2025\/06\/WhatsApp-Image-2025-06-18-at-16.02.22-1536x1024.jpeg 1536w, https:\/\/www.ssaver.gob.mx\/difusion\/wp-content\/uploads\/sites\/23\/2025\/06\/WhatsApp-Image-2025-06-18-at-16.02.22-2048x1365.jpeg 2048w\" sizes=\"auto, (max-width: 1024px) 100vw, 1024px\" \/><\/figure>\n\n\n\n<p class=\"has-medium-font-size\">La titular del Ejecutivo ha informado que actualmente la entidad presenta un  90 % de abasto en los centros de salud, y en algunos casos el 100 %, tanto en unidades de atenci\u00f3n primaria como en hospitales.<\/p>\n\n\n\n<figure class=\"wp-block-image aligncenter size-large\"><img loading=\"lazy\" decoding=\"async\" width=\"1024\" height=\"682\" src=\"https:\/\/www.ssaver.gob.mx\/difusion\/wp-content\/uploads\/sites\/23\/2025\/06\/WhatsApp-Image-2025-06-18-at-16.02.22-1-1024x682.jpeg\" alt=\"\" class=\"wp-image-5428\" srcset=\"https:\/\/www.ssaver.gob.mx\/difusion\/wp-content\/uploads\/sites\/23\/2025\/06\/WhatsApp-Image-2025-06-18-at-16.02.22-1-1024x682.jpeg 1024w, https:\/\/www.ssaver.gob.mx\/difusion\/wp-content\/uploads\/sites\/23\/2025\/06\/WhatsApp-Image-2025-06-18-at-16.02.22-1-300x200.jpeg 300w, https:\/\/www.ssaver.gob.mx\/difusion\/wp-content\/uploads\/sites\/23\/2025\/06\/WhatsApp-Image-2025-06-18-at-16.02.22-1-768x512.jpeg 768w, https:\/\/www.ssaver.gob.mx\/difusion\/wp-content\/uploads\/sites\/23\/2025\/06\/WhatsApp-Image-2025-06-18-at-16.02.22-1-1536x1024.jpeg 1536w, https:\/\/www.ssaver.gob.mx\/difusion\/wp-content\/uploads\/sites\/23\/2025\/06\/WhatsApp-Image-2025-06-18-at-16.02.22-1-2048x1365.jpeg 2048w\" sizes=\"auto, (max-width: 1024px) 100vw, 1024px\" \/><\/figure>\n\n\n\n<p class=\"has-medium-font-size\">Este trabajo conjunto se suma al programa federal Salud Casa por Casa, impulsado por la presidenta Claudia Sheinbaum Pardo, el cual garantiza atenci\u00f3n m\u00e9dica integral a personas adultas mayores y con discapacidad mediante brigadas comunitarias que recorrer\u00e1n los hogares.<\/p>\n\n\n\n<figure class=\"wp-block-image aligncenter size-large\"><img loading=\"lazy\" decoding=\"async\" width=\"1024\" height=\"682\" src=\"https:\/\/www.ssaver.gob.mx\/difusion\/wp-content\/uploads\/sites\/23\/2025\/06\/WhatsApp-Image-2025-06-18-at-16.02.22-2-1024x682.jpeg\" alt=\"\" class=\"wp-image-5429\" srcset=\"https:\/\/www.ssaver.gob.mx\/difusion\/wp-content\/uploads\/sites\/23\/2025\/06\/WhatsApp-Image-2025-06-18-at-16.02.22-2-1024x682.jpeg 1024w, https:\/\/www.ssaver.gob.mx\/difusion\/wp-content\/uploads\/sites\/23\/2025\/06\/WhatsApp-Image-2025-06-18-at-16.02.22-2-300x200.jpeg 300w, https:\/\/www.ssaver.gob.mx\/difusion\/wp-content\/uploads\/sites\/23\/2025\/06\/WhatsApp-Image-2025-06-18-at-16.02.22-2-768x512.jpeg 768w, https:\/\/www.ssaver.gob.mx\/difusion\/wp-content\/uploads\/sites\/23\/2025\/06\/WhatsApp-Image-2025-06-18-at-16.02.22-2-1536x1024.jpeg 1536w, https:\/\/www.ssaver.gob.mx\/difusion\/wp-content\/uploads\/sites\/23\/2025\/06\/WhatsApp-Image-2025-06-18-at-16.02.22-2-2048x1365.jpeg 2048w\" sizes=\"auto, (max-width: 1024px) 100vw, 1024px\" \/><\/figure>\n\n\n\n<p class=\"has-medium-font-size\">En Veracruz, el modelo opera en las 19 regiones, con la participaci\u00f3n de mil 309 profesionales sanitarios, entre m\u00e9dicas, m\u00e9dicos, enfermeras y enfermeros, quienes brindar\u00e1n atenci\u00f3n directa a m\u00e1s de un mill\u00f3n 14 mil personas.<\/p>\n","protected":false},"excerpt":{"rendered":"<p>&gt;Gobernadora reporta 90 % de suministro de medicamentos a nivel estatal. Zongolica, Ver., mi\u00e9rcoles 18 de junio de 2025.- Con<\/p>\n","protected":false},"author":68,"featured_media":5434,"comment_status":"closed","ping_status":"closed","sticky":false,"template":"","format":"standard","meta":{"colormag_page_container_layout":"default_layout","colormag_page_sidebar_layout":"default_layout","footnotes":""},"categories":[111,115],"tags":[601,599,597,600,598,486,603,602,581,191,142],"class_list":["post-5432","post","type-post","status-publish","format-standard","has-post-thumbnail","hentry","category-boletines","category-general","tag-abasto-de-medicamentos","tag-camionetitas-de-la-salud-en-hospitales-de-las-altas-montanas","tag-camionetitas-de-la-salud-en-zongolica","tag-entrega-la-gobernadora-rocio-nahle-garcia-las-camionetitas-de-la-salud","tag-gobierno-estatal-refuerza-la-entrega-de-medicamentos","tag-imss-bienestar","tag-presidenta-claudia-sheinbaum","tag-programa-federal-salud-casa-por-casa","tag-roberto-ramos-alor","tag-valentin-herrera-alarcon","tag-veracruz"],"_links":{"self":[{"href":"https:\/\/www.ssaver.gob.mx\/difusion\/wp-json\/wp\/v2\/posts\/5432","targetHints":{"allow":["GET"]}}],"collection":[{"href":"https:\/\/www.ssaver.gob.mx\/difusion\/wp-json\/wp\/v2\/posts"}],"about":[{"href":"https:\/\/www.ssaver.gob.mx\/difusion\/wp-json\/wp\/v2\/types\/post"}],"author":[{"embeddable":true,"href":"https:\/\/www.ssaver.gob.mx\/difusion\/wp-json\/wp\/v2\/users\/68"}],"replies":[{"embeddable":true,"href":"https:\/\/www.ssaver.gob.mx\/difusion\/wp-json\/wp\/v2\/comments?post=5432"}],"version-history":[{"count":1,"href":"https:\/\/www.ssaver.gob.mx\/difusion\/wp-json\/wp\/v2\/posts\/5432\/revisions"}],"predecessor-version":[{"id":5435,"href":"https:\/\/www.ssaver.gob.mx\/difusion\/wp-json\/wp\/v2\/posts\/5432\/revisions\/5435"}],"wp:featuredmedia":[{"embeddable":true,"href":"https:\/\/www.ssaver.gob.mx\/difusion\/wp-json\/wp\/v2\/media\/5434"}],"wp:attachment":[{"href":"https:\/\/www.ssaver.gob.mx\/difusion\/wp-json\/wp\/v2\/media?parent=5432"}],"wp:term":[{"taxonomy":"category","embeddable":true,"href":"https:\/\/www.ssaver.gob.mx\/difusion\/wp-json\/wp\/v2\/categories?post=5432"},{"taxonomy":"post_tag","embeddable":true,"href":"https:\/\/www.ssaver.gob.mx\/difusion\/wp-json\/wp\/v2\/tags?post=5432"}],"curies":[{"name":"wp","href":"https:\/\/api.w.org\/{rel}","templated":true}]}}