{"id":5446,"date":"2025-07-03T22:42:20","date_gmt":"2025-07-04T03:42:20","guid":{"rendered":"https:\/\/www.ssaver.gob.mx\/difusion\/?p=5446"},"modified":"2025-07-03T22:42:20","modified_gmt":"2025-07-04T03:42:20","slug":"comites-de-salud-definen-estrategias-contra-el-cancer-en-la-mujer-y-riesgos-perinatales","status":"publish","type":"post","link":"https:\/\/www.ssaver.gob.mx\/difusion\/2025\/07\/03\/comites-de-salud-definen-estrategias-contra-el-cancer-en-la-mujer-y-riesgos-perinatales\/","title":{"rendered":"Comit\u00e9s de salud definen estrategias contra el c\u00e1ncer en la mujer y riesgos perinatales"},"content":{"rendered":"\n<p><\/p>\n\n\n\n<p class=\"has-medium-font-size\"><strong>Xalapa, Ver., jueves 03 de julio de 2025.-&nbsp;<\/strong>A fin de prevenir y reducir la morbilidad y mortalidad materna y perinatal, el Gobierno de Veracruz llev\u00f3 a cabo la segunda reuni\u00f3n ordinaria del Comit\u00e9 Estatal de prevenci\u00f3n, estudio y seguimiento de la morbilidad y mortalidad del c\u00e1ncer en la mujer, y la primera reuni\u00f3n ordinaria del Comit\u00e9 de prevenci\u00f3n, estudio y seguimiento de la morbilidad y mortalidad materna y perinatal.<\/p>\n\n\n\n<figure class=\"wp-block-image aligncenter size-large\"><img loading=\"lazy\" decoding=\"async\" width=\"1024\" height=\"682\" src=\"https:\/\/www.ssaver.gob.mx\/difusion\/wp-content\/uploads\/sites\/23\/2025\/07\/WhatsApp-Image-2025-07-03-at-20.17.29-1024x682.jpeg\" alt=\"\" class=\"wp-image-5447\" srcset=\"https:\/\/www.ssaver.gob.mx\/difusion\/wp-content\/uploads\/sites\/23\/2025\/07\/WhatsApp-Image-2025-07-03-at-20.17.29-1024x682.jpeg 1024w, https:\/\/www.ssaver.gob.mx\/difusion\/wp-content\/uploads\/sites\/23\/2025\/07\/WhatsApp-Image-2025-07-03-at-20.17.29-300x200.jpeg 300w, https:\/\/www.ssaver.gob.mx\/difusion\/wp-content\/uploads\/sites\/23\/2025\/07\/WhatsApp-Image-2025-07-03-at-20.17.29-768x512.jpeg 768w, https:\/\/www.ssaver.gob.mx\/difusion\/wp-content\/uploads\/sites\/23\/2025\/07\/WhatsApp-Image-2025-07-03-at-20.17.29-1536x1024.jpeg 1536w, https:\/\/www.ssaver.gob.mx\/difusion\/wp-content\/uploads\/sites\/23\/2025\/07\/WhatsApp-Image-2025-07-03-at-20.17.29-2048x1365.jpeg 2048w\" sizes=\"auto, (max-width: 1024px) 100vw, 1024px\" \/><\/figure>\n\n\n\n<p class=\"has-medium-font-size\">A trav\u00e9s de dichas reuniones, sus integrantes,&nbsp;garantizan el acceso a servicios de salud oportunos y de calidad, y coadyuvan en la disminuci\u00f3n de la incidencia del c\u00e1ncer en la mujer, as\u00ed como en la protecci\u00f3n de la salud materno-infantil, mediante la planeaci\u00f3n, ejecuci\u00f3n y evaluaci\u00f3n de acciones de mejora continua, encomienda de la gobernadora Roc\u00edo Nahle Garc\u00eda.<\/p>\n\n\n\n<figure class=\"wp-block-image aligncenter size-large\"><img loading=\"lazy\" decoding=\"async\" width=\"1024\" height=\"682\" src=\"https:\/\/www.ssaver.gob.mx\/difusion\/wp-content\/uploads\/sites\/23\/2025\/07\/WhatsApp-Image-2025-07-03-at-20.17.29-1-1024x682.jpeg\" alt=\"\" class=\"wp-image-5448\" srcset=\"https:\/\/www.ssaver.gob.mx\/difusion\/wp-content\/uploads\/sites\/23\/2025\/07\/WhatsApp-Image-2025-07-03-at-20.17.29-1-1024x682.jpeg 1024w, https:\/\/www.ssaver.gob.mx\/difusion\/wp-content\/uploads\/sites\/23\/2025\/07\/WhatsApp-Image-2025-07-03-at-20.17.29-1-300x200.jpeg 300w, https:\/\/www.ssaver.gob.mx\/difusion\/wp-content\/uploads\/sites\/23\/2025\/07\/WhatsApp-Image-2025-07-03-at-20.17.29-1-768x512.jpeg 768w, https:\/\/www.ssaver.gob.mx\/difusion\/wp-content\/uploads\/sites\/23\/2025\/07\/WhatsApp-Image-2025-07-03-at-20.17.29-1-1536x1024.jpeg 1536w, https:\/\/www.ssaver.gob.mx\/difusion\/wp-content\/uploads\/sites\/23\/2025\/07\/WhatsApp-Image-2025-07-03-at-20.17.29-1-2048x1365.jpeg 2048w\" sizes=\"auto, (max-width: 1024px) 100vw, 1024px\" \/><\/figure>\n\n\n\n<p class=\"has-medium-font-size\">En sus&nbsp;intervenciones, el secretario de Salud, Valent\u00edn Herrera Alarc\u00f3n y la&nbsp;directora de Salud Publica de los Servicios de Salud de Veracruz,&nbsp;Mar\u00eda Luisa S\u00e1nchez Murrietacoincidieron&nbsp;en&nbsp;que el&nbsp;compromiso con esta causa es permanente&nbsp;y destacaron&nbsp;que las y los profesionales&nbsp;est\u00e1n&nbsp;listos para sumarse a las tareas que est\u00e1n por venir.<\/p>\n\n\n\n<figure class=\"wp-block-image aligncenter size-large\"><img loading=\"lazy\" decoding=\"async\" width=\"1024\" height=\"682\" src=\"https:\/\/www.ssaver.gob.mx\/difusion\/wp-content\/uploads\/sites\/23\/2025\/07\/WhatsApp-Image-2025-07-03-at-20.17.29-2-1024x682.jpeg\" alt=\"\" class=\"wp-image-5449\" srcset=\"https:\/\/www.ssaver.gob.mx\/difusion\/wp-content\/uploads\/sites\/23\/2025\/07\/WhatsApp-Image-2025-07-03-at-20.17.29-2-1024x682.jpeg 1024w, https:\/\/www.ssaver.gob.mx\/difusion\/wp-content\/uploads\/sites\/23\/2025\/07\/WhatsApp-Image-2025-07-03-at-20.17.29-2-300x200.jpeg 300w, https:\/\/www.ssaver.gob.mx\/difusion\/wp-content\/uploads\/sites\/23\/2025\/07\/WhatsApp-Image-2025-07-03-at-20.17.29-2-768x512.jpeg 768w, https:\/\/www.ssaver.gob.mx\/difusion\/wp-content\/uploads\/sites\/23\/2025\/07\/WhatsApp-Image-2025-07-03-at-20.17.29-2-1536x1024.jpeg 1536w, https:\/\/www.ssaver.gob.mx\/difusion\/wp-content\/uploads\/sites\/23\/2025\/07\/WhatsApp-Image-2025-07-03-at-20.17.29-2-2048x1365.jpeg 2048w\" sizes=\"auto, (max-width: 1024px) 100vw, 1024px\" \/><\/figure>\n\n\n\n<p class=\"has-medium-font-size\">En estos&nbsp;comit\u00e9s&nbsp;participan profesionales y expertos de la Secretar\u00eda de Salud, IMSS, IMSS-Bienestar, ISSSTE, Marina, Pemex, la Universidad Veracruzana, el DIF Estatal y otras instituciones que conforman una red de informaci\u00f3n y atenci\u00f3n para las veracruzanas.<\/p>\n","protected":false},"excerpt":{"rendered":"<p>Xalapa, Ver., jueves 03 de julio de 2025.-&nbsp;A fin de prevenir y reducir la morbilidad y mortalidad materna y perinatal,<\/p>\n","protected":false},"author":68,"featured_media":5450,"comment_status":"closed","ping_status":"closed","sticky":false,"template":"","format":"standard","meta":{"colormag_page_container_layout":"default_layout","colormag_page_sidebar_layout":"default_layout","footnotes":""},"categories":[111,115],"tags":[613,577,141,169,189,184,191,142,137],"class_list":["post-5446","post","type-post","status-publish","format-standard","has-post-thumbnail","hentry","category-boletines","category-general","tag-estrategias-contra-el-cancer-en-la-mujer","tag-gobernadora-rocio-nahle-garcia","tag-salud","tag-salud-veracruz","tag-secretaria-de-salud-de-veracruz","tag-sesver","tag-valentin-herrera-alarcon","tag-veracruz","tag-xalapa"],"_links":{"self":[{"href":"https:\/\/www.ssaver.gob.mx\/difusion\/wp-json\/wp\/v2\/posts\/5446","targetHints":{"allow":["GET"]}}],"collection":[{"href":"https:\/\/www.ssaver.gob.mx\/difusion\/wp-json\/wp\/v2\/posts"}],"about":[{"href":"https:\/\/www.ssaver.gob.mx\/difusion\/wp-json\/wp\/v2\/types\/post"}],"author":[{"embeddable":true,"href":"https:\/\/www.ssaver.gob.mx\/difusion\/wp-json\/wp\/v2\/users\/68"}],"replies":[{"embeddable":true,"href":"https:\/\/www.ssaver.gob.mx\/difusion\/wp-json\/wp\/v2\/comments?post=5446"}],"version-history":[{"count":1,"href":"https:\/\/www.ssaver.gob.mx\/difusion\/wp-json\/wp\/v2\/posts\/5446\/revisions"}],"predecessor-version":[{"id":5451,"href":"https:\/\/www.ssaver.gob.mx\/difusion\/wp-json\/wp\/v2\/posts\/5446\/revisions\/5451"}],"wp:featuredmedia":[{"embeddable":true,"href":"https:\/\/www.ssaver.gob.mx\/difusion\/wp-json\/wp\/v2\/media\/5450"}],"wp:attachment":[{"href":"https:\/\/www.ssaver.gob.mx\/difusion\/wp-json\/wp\/v2\/media?parent=5446"}],"wp:term":[{"taxonomy":"category","embeddable":true,"href":"https:\/\/www.ssaver.gob.mx\/difusion\/wp-json\/wp\/v2\/categories?post=5446"},{"taxonomy":"post_tag","embeddable":true,"href":"https:\/\/www.ssaver.gob.mx\/difusion\/wp-json\/wp\/v2\/tags?post=5446"}],"curies":[{"name":"wp","href":"https:\/\/api.w.org\/{rel}","templated":true}]}}