{"id":5484,"date":"2025-07-08T22:53:37","date_gmt":"2025-07-09T03:53:37","guid":{"rendered":"https:\/\/www.ssaver.gob.mx\/difusion\/?p=5484"},"modified":"2025-07-15T10:18:53","modified_gmt":"2025-07-15T15:18:53","slug":"salud-promueve-deteccion-temprana-de-diabetes-e-hipertension","status":"publish","type":"post","link":"https:\/\/www.ssaver.gob.mx\/difusion\/2025\/07\/08\/salud-promueve-deteccion-temprana-de-diabetes-e-hipertension\/","title":{"rendered":"Salud promueve detecci\u00f3n temprana de diabetes e hipertensi\u00f3n"},"content":{"rendered":"\n<p>&gt;Personal multidisciplinario garantiza atenci\u00f3n oportuna y mejor\u00eda en calidad de vida.<\/p>\n\n\n\n<p>&gt;Unidades m\u00e9dicas llevan control de enfermedades cr\u00f3nico-degenerativas.<\/p>\n\n\n\n<p class=\"has-medium-font-size\"><strong>Tonay\u00e1n, Ver., martes 08 de julio de 2025.- <\/strong>La Secretar\u00eda de Salud (SS) refuerza las estrategias para identificar y brindar tratamiento oportuno a pacientes con enfermedades cr\u00f3nico-degenerativas como diabetes e hipertensi\u00f3n, dos de los principales problemas sanitarios tanto en M\u00e9xico como a nivel mundial.<\/p>\n\n\n\n<figure class=\"wp-block-image aligncenter size-large\"><img loading=\"lazy\" decoding=\"async\" width=\"1024\" height=\"684\" src=\"https:\/\/www.ssaver.gob.mx\/difusion\/wp-content\/uploads\/sites\/23\/2025\/07\/WhatsApp-Image-2025-07-08-at-18.57.58-1-1024x684.jpeg\" alt=\"\" class=\"wp-image-5481\" srcset=\"https:\/\/www.ssaver.gob.mx\/difusion\/wp-content\/uploads\/sites\/23\/2025\/07\/WhatsApp-Image-2025-07-08-at-18.57.58-1-1024x684.jpeg 1024w, https:\/\/www.ssaver.gob.mx\/difusion\/wp-content\/uploads\/sites\/23\/2025\/07\/WhatsApp-Image-2025-07-08-at-18.57.58-1-300x200.jpeg 300w, https:\/\/www.ssaver.gob.mx\/difusion\/wp-content\/uploads\/sites\/23\/2025\/07\/WhatsApp-Image-2025-07-08-at-18.57.58-1-768x513.jpeg 768w, https:\/\/www.ssaver.gob.mx\/difusion\/wp-content\/uploads\/sites\/23\/2025\/07\/WhatsApp-Image-2025-07-08-at-18.57.58-1-1536x1025.jpeg 1536w, https:\/\/www.ssaver.gob.mx\/difusion\/wp-content\/uploads\/sites\/23\/2025\/07\/WhatsApp-Image-2025-07-08-at-18.57.58-1.jpeg 1600w\" sizes=\"auto, (max-width: 1024px) 100vw, 1024px\" \/><\/figure>\n\n\n\n<p class=\"has-medium-font-size\">En los centros de Salud la prioridad es detectar estos padecimientos incluso antes de que presenten s\u00edntomas y promover la cultura de una vida saludable. Por ello, la dependencia invita a la poblaci\u00f3n a solicitar en la unidad m\u00e9dica m\u00e1s cercana los tamizajes y la aplicaci\u00f3n de pruebas y cuestionarios para identificar posibles riesgos.<\/p>\n\n\n\n<figure class=\"wp-block-image aligncenter size-large\"><img loading=\"lazy\" decoding=\"async\" width=\"1024\" height=\"705\" src=\"https:\/\/www.ssaver.gob.mx\/difusion\/wp-content\/uploads\/sites\/23\/2025\/07\/WhatsApp-Image-2025-07-08-at-18.57.58-2-1024x705.jpeg\" alt=\"\" class=\"wp-image-5482\" srcset=\"https:\/\/www.ssaver.gob.mx\/difusion\/wp-content\/uploads\/sites\/23\/2025\/07\/WhatsApp-Image-2025-07-08-at-18.57.58-2-1024x705.jpeg 1024w, https:\/\/www.ssaver.gob.mx\/difusion\/wp-content\/uploads\/sites\/23\/2025\/07\/WhatsApp-Image-2025-07-08-at-18.57.58-2-300x207.jpeg 300w, https:\/\/www.ssaver.gob.mx\/difusion\/wp-content\/uploads\/sites\/23\/2025\/07\/WhatsApp-Image-2025-07-08-at-18.57.58-2-768x529.jpeg 768w, https:\/\/www.ssaver.gob.mx\/difusion\/wp-content\/uploads\/sites\/23\/2025\/07\/WhatsApp-Image-2025-07-08-at-18.57.58-2-1536x1058.jpeg 1536w, https:\/\/www.ssaver.gob.mx\/difusion\/wp-content\/uploads\/sites\/23\/2025\/07\/WhatsApp-Image-2025-07-08-at-18.57.58-2-130x90.jpeg 130w, https:\/\/www.ssaver.gob.mx\/difusion\/wp-content\/uploads\/sites\/23\/2025\/07\/WhatsApp-Image-2025-07-08-at-18.57.58-2.jpeg 1600w\" sizes=\"auto, (max-width: 1024px) 100vw, 1024px\" \/><\/figure>\n\n\n\n<p class=\"has-medium-font-size\">Personal m\u00e9dico mide niveles de glucosa, presi\u00f3n arterial y obesidad, factores importantes que pueden desencadenar este tipo de enfermedades. La SS tambi\u00e9n implementa jornadas itinerantes en localidades lejanas, con la finalidad de acercar servicios a toda la poblaci\u00f3n, puntualiz\u00f3 el director del Centro de Salud de Tonay\u00e1n, doctor Miguel Mart\u00ednez Gonz\u00e1lez.<\/p>\n\n\n\n<p class=\"has-medium-font-size\">\u201cAcudimos a las casas para hacer un chequeo completo, y cuando identificamos factores que pueden desencadenar estas enfermedades, o pacientes con s\u00edntomas avanzados, les exhortamos a que asistan a valoraci\u00f3n m\u00e1s a fondo en el hospital que corresponda\u201d.<\/p>\n\n\n\n<figure class=\"wp-block-image aligncenter size-large\"><img loading=\"lazy\" decoding=\"async\" width=\"1024\" height=\"668\" src=\"https:\/\/www.ssaver.gob.mx\/difusion\/wp-content\/uploads\/sites\/23\/2025\/07\/WhatsApp-Image-2025-07-08-at-18.57.57-1024x668.jpeg\" alt=\"\" class=\"wp-image-5480\" srcset=\"https:\/\/www.ssaver.gob.mx\/difusion\/wp-content\/uploads\/sites\/23\/2025\/07\/WhatsApp-Image-2025-07-08-at-18.57.57-1024x668.jpeg 1024w, https:\/\/www.ssaver.gob.mx\/difusion\/wp-content\/uploads\/sites\/23\/2025\/07\/WhatsApp-Image-2025-07-08-at-18.57.57-300x196.jpeg 300w, https:\/\/www.ssaver.gob.mx\/difusion\/wp-content\/uploads\/sites\/23\/2025\/07\/WhatsApp-Image-2025-07-08-at-18.57.57-768x501.jpeg 768w, https:\/\/www.ssaver.gob.mx\/difusion\/wp-content\/uploads\/sites\/23\/2025\/07\/WhatsApp-Image-2025-07-08-at-18.57.57-1536x1002.jpeg 1536w, https:\/\/www.ssaver.gob.mx\/difusion\/wp-content\/uploads\/sites\/23\/2025\/07\/WhatsApp-Image-2025-07-08-at-18.57.57.jpeg 1600w\" sizes=\"auto, (max-width: 1024px) 100vw, 1024px\" \/><\/figure>\n\n\n\n<p class=\"has-medium-font-size\">Asimismo, exhort\u00f3 a examinarse cuando existan factores hereditarios, es decir, familiares que padezcan hipertensi\u00f3n o diabetes; y a mantener h\u00e1bitos saludables de alimentaci\u00f3n y activaci\u00f3n f\u00edsica, pues existen factores que pueden propiciar la aparici\u00f3n de diabetes tipo 2 a lo largo de la vida.<\/p>\n\n\n\n<figure class=\"wp-block-image aligncenter size-large\"><img loading=\"lazy\" decoding=\"async\" width=\"1024\" height=\"704\" src=\"https:\/\/www.ssaver.gob.mx\/difusion\/wp-content\/uploads\/sites\/23\/2025\/07\/WhatsApp-Image-2025-07-08-at-18.57.58-1024x704.jpeg\" alt=\"\" class=\"wp-image-5483\" srcset=\"https:\/\/www.ssaver.gob.mx\/difusion\/wp-content\/uploads\/sites\/23\/2025\/07\/WhatsApp-Image-2025-07-08-at-18.57.58-1024x704.jpeg 1024w, https:\/\/www.ssaver.gob.mx\/difusion\/wp-content\/uploads\/sites\/23\/2025\/07\/WhatsApp-Image-2025-07-08-at-18.57.58-300x206.jpeg 300w, https:\/\/www.ssaver.gob.mx\/difusion\/wp-content\/uploads\/sites\/23\/2025\/07\/WhatsApp-Image-2025-07-08-at-18.57.58-768x528.jpeg 768w, https:\/\/www.ssaver.gob.mx\/difusion\/wp-content\/uploads\/sites\/23\/2025\/07\/WhatsApp-Image-2025-07-08-at-18.57.58-1536x1056.jpeg 1536w, https:\/\/www.ssaver.gob.mx\/difusion\/wp-content\/uploads\/sites\/23\/2025\/07\/WhatsApp-Image-2025-07-08-at-18.57.58-130x90.jpeg 130w, https:\/\/www.ssaver.gob.mx\/difusion\/wp-content\/uploads\/sites\/23\/2025\/07\/WhatsApp-Image-2025-07-08-at-18.57.58.jpeg 1600w\" sizes=\"auto, (max-width: 1024px) 100vw, 1024px\" \/><\/figure>\n\n\n\n<p class=\"has-medium-font-size\">Una vez que el paciente es diagnosticado, ingresa al programa de control de enfermedades cr\u00f3nicas, en donde recibe atenci\u00f3n multidisciplinaria que incluye a personal de enfermer\u00eda, odontolog\u00eda, y de promotores de la salud que refuerzan el seguimiento correcto del tratamiento.<\/p>\n","protected":false},"excerpt":{"rendered":"<p>&gt;Personal multidisciplinario garantiza atenci\u00f3n oportuna y mejor\u00eda en calidad de vida. &gt;Unidades m\u00e9dicas llevan control de enfermedades cr\u00f3nico-degenerativas. Tonay\u00e1n, Ver.,<\/p>\n","protected":false},"author":68,"featured_media":5485,"comment_status":"closed","ping_status":"closed","sticky":false,"template":"","format":"standard","meta":{"colormag_page_container_layout":"default_layout","colormag_page_sidebar_layout":"default_layout","footnotes":""},"categories":[111,115],"tags":[640,633,636,637,641,638,635,634,639,189,570],"class_list":["post-5484","post","type-post","status-publish","format-standard","has-post-thumbnail","hentry","category-boletines","category-general","tag-centro-de-salud-de-tonayan","tag-deteccion-temprana-de-diabetes-e-hipertension","tag-diabetes-en-mexico","tag-principales-problemas-sanitarios","tag-que-es-el-control-de-enfermedades-cronicas","tag-que-es-la-cultura-de-una-vida-saludable","tag-que-es-la-diabetes-e-hipertension","tag-que-son-las-enfermedades-cronico-degenerativas","tag-que-son-los-tamizajes","tag-secretaria-de-salud-de-veracruz","tag-ss"],"_links":{"self":[{"href":"https:\/\/www.ssaver.gob.mx\/difusion\/wp-json\/wp\/v2\/posts\/5484","targetHints":{"allow":["GET"]}}],"collection":[{"href":"https:\/\/www.ssaver.gob.mx\/difusion\/wp-json\/wp\/v2\/posts"}],"about":[{"href":"https:\/\/www.ssaver.gob.mx\/difusion\/wp-json\/wp\/v2\/types\/post"}],"author":[{"embeddable":true,"href":"https:\/\/www.ssaver.gob.mx\/difusion\/wp-json\/wp\/v2\/users\/68"}],"replies":[{"embeddable":true,"href":"https:\/\/www.ssaver.gob.mx\/difusion\/wp-json\/wp\/v2\/comments?post=5484"}],"version-history":[{"count":2,"href":"https:\/\/www.ssaver.gob.mx\/difusion\/wp-json\/wp\/v2\/posts\/5484\/revisions"}],"predecessor-version":[{"id":5503,"href":"https:\/\/www.ssaver.gob.mx\/difusion\/wp-json\/wp\/v2\/posts\/5484\/revisions\/5503"}],"wp:featuredmedia":[{"embeddable":true,"href":"https:\/\/www.ssaver.gob.mx\/difusion\/wp-json\/wp\/v2\/media\/5485"}],"wp:attachment":[{"href":"https:\/\/www.ssaver.gob.mx\/difusion\/wp-json\/wp\/v2\/media?parent=5484"}],"wp:term":[{"taxonomy":"category","embeddable":true,"href":"https:\/\/www.ssaver.gob.mx\/difusion\/wp-json\/wp\/v2\/categories?post=5484"},{"taxonomy":"post_tag","embeddable":true,"href":"https:\/\/www.ssaver.gob.mx\/difusion\/wp-json\/wp\/v2\/tags?post=5484"}],"curies":[{"name":"wp","href":"https:\/\/api.w.org\/{rel}","templated":true}]}}