{"id":5488,"date":"2025-07-12T01:53:12","date_gmt":"2025-07-12T06:53:12","guid":{"rendered":"https:\/\/www.ssaver.gob.mx\/difusion\/?p=5488"},"modified":"2025-09-11T13:53:37","modified_gmt":"2025-09-11T18:53:37","slug":"arranca-en-panuco-campana-de-fumigacion-y-eliminacion-de-criaderos-de-aedes-aegypti","status":"publish","type":"post","link":"https:\/\/www.ssaver.gob.mx\/difusion\/2025\/07\/12\/arranca-en-panuco-campana-de-fumigacion-y-eliminacion-de-criaderos-de-aedes-aegypti\/","title":{"rendered":"Arranca en P\u00e1nuco campa\u00f1a de fumigaci\u00f3n y eliminaci\u00f3n de criaderos de Aedes\u00a0aegypti"},"content":{"rendered":"\n<p>&gt;Combatir el dengue requiere del esfuerzo conjunto del sector salud y ciudadan\u00eda.<\/p>\n\n\n\n<p class=\"has-medium-font-size\"><strong>P\u00e1nuco, Ver.,&nbsp;<\/strong><strong>viernes&nbsp;<\/strong><strong>1<\/strong><strong>1<\/strong><strong>&nbsp;de julio de 2025.-<\/strong>&nbsp;Para fortalecer acciones comunitarias&nbsp;encaminadas&nbsp;a evitar casos de dengue, este viernes&nbsp;sesion\u00f3 el Subcomit\u00e9 Interinstitucional para la Prevenci\u00f3n y Control de Enfermedades Transmitidas por Vector e inici\u00f3 la campa\u00f1a de fumigaci\u00f3n y eliminaci\u00f3n de criaderos del mosquito Aedes&nbsp;aegypti.<\/p>\n\n\n\n<figure class=\"wp-block-image aligncenter size-large\"><img loading=\"lazy\" decoding=\"async\" width=\"1024\" height=\"682\" src=\"https:\/\/www.ssaver.gob.mx\/difusion\/wp-content\/uploads\/sites\/23\/2025\/07\/WhatsApp-Image-2025-07-11-at-19.48.29-1024x682.jpeg\" alt=\"\" class=\"wp-image-5492\" srcset=\"https:\/\/www.ssaver.gob.mx\/difusion\/wp-content\/uploads\/sites\/23\/2025\/07\/WhatsApp-Image-2025-07-11-at-19.48.29-1024x682.jpeg 1024w, https:\/\/www.ssaver.gob.mx\/difusion\/wp-content\/uploads\/sites\/23\/2025\/07\/WhatsApp-Image-2025-07-11-at-19.48.29-300x200.jpeg 300w, https:\/\/www.ssaver.gob.mx\/difusion\/wp-content\/uploads\/sites\/23\/2025\/07\/WhatsApp-Image-2025-07-11-at-19.48.29-768x512.jpeg 768w, https:\/\/www.ssaver.gob.mx\/difusion\/wp-content\/uploads\/sites\/23\/2025\/07\/WhatsApp-Image-2025-07-11-at-19.48.29.jpeg 1280w\" sizes=\"auto, (max-width: 1024px) 100vw, 1024px\" \/><\/figure>\n\n\n\n<p class=\"has-medium-font-size\">Hasta la fecha se han confirmado 731 casos en el estado, de los cuales 101 corresponden a la Jurisdicci\u00f3n Sanitaria de P\u00e1nuco, de ah\u00ed la importancia que la dependencia mantenga campa\u00f1as informativas en las regiones de la entidad, especialmente en zonas con alta incidencia.<\/p>\n\n\n\n<div class=\"wp-block-columns is-layout-flex wp-container-core-columns-is-layout-28f84493 wp-block-columns-is-layout-flex\">\n<div class=\"wp-block-column is-layout-flow wp-block-column-is-layout-flow\">\n<figure class=\"wp-block-image size-large\"><img loading=\"lazy\" decoding=\"async\" width=\"1024\" height=\"694\" src=\"https:\/\/www.ssaver.gob.mx\/difusion\/wp-content\/uploads\/sites\/23\/2025\/07\/WhatsApp-Image-2025-07-11-at-19.48.29-2-1024x694.jpeg\" alt=\"\" class=\"wp-image-5490\" srcset=\"https:\/\/www.ssaver.gob.mx\/difusion\/wp-content\/uploads\/sites\/23\/2025\/07\/WhatsApp-Image-2025-07-11-at-19.48.29-2-1024x694.jpeg 1024w, https:\/\/www.ssaver.gob.mx\/difusion\/wp-content\/uploads\/sites\/23\/2025\/07\/WhatsApp-Image-2025-07-11-at-19.48.29-2-300x203.jpeg 300w, https:\/\/www.ssaver.gob.mx\/difusion\/wp-content\/uploads\/sites\/23\/2025\/07\/WhatsApp-Image-2025-07-11-at-19.48.29-2-768x521.jpeg 768w, https:\/\/www.ssaver.gob.mx\/difusion\/wp-content\/uploads\/sites\/23\/2025\/07\/WhatsApp-Image-2025-07-11-at-19.48.29-2.jpeg 1280w\" sizes=\"auto, (max-width: 1024px) 100vw, 1024px\" \/><\/figure>\n<\/div>\n\n\n\n<div class=\"wp-block-column is-layout-flow wp-block-column-is-layout-flow\">\n<figure class=\"wp-block-image size-large\"><img loading=\"lazy\" decoding=\"async\" width=\"1024\" height=\"682\" src=\"https:\/\/www.ssaver.gob.mx\/difusion\/wp-content\/uploads\/sites\/23\/2025\/07\/WhatsApp-Image-2025-07-11-at-19.48.30-1-1024x682.jpeg\" alt=\"\" class=\"wp-image-5493\" srcset=\"https:\/\/www.ssaver.gob.mx\/difusion\/wp-content\/uploads\/sites\/23\/2025\/07\/WhatsApp-Image-2025-07-11-at-19.48.30-1-1024x682.jpeg 1024w, https:\/\/www.ssaver.gob.mx\/difusion\/wp-content\/uploads\/sites\/23\/2025\/07\/WhatsApp-Image-2025-07-11-at-19.48.30-1-300x200.jpeg 300w, https:\/\/www.ssaver.gob.mx\/difusion\/wp-content\/uploads\/sites\/23\/2025\/07\/WhatsApp-Image-2025-07-11-at-19.48.30-1-768x512.jpeg 768w, https:\/\/www.ssaver.gob.mx\/difusion\/wp-content\/uploads\/sites\/23\/2025\/07\/WhatsApp-Image-2025-07-11-at-19.48.30-1.jpeg 1280w\" sizes=\"auto, (max-width: 1024px) 100vw, 1024px\" \/><\/figure>\n<\/div>\n<\/div>\n\n\n\n<p class=\"has-medium-font-size\">En representaci\u00f3n del secretario de Salud, Valent\u00edn Herrera Alarc\u00f3n, la directora de Salud P\u00fablica, Mar\u00eda Luisa S\u00e1nchez Murrieta, subray\u00f3 que combatir el dengue requiere del esfuerzo conjunto del sector salud y ciudadan\u00eda.<\/p>\n\n\n\n<figure class=\"wp-block-image aligncenter size-large\"><img loading=\"lazy\" decoding=\"async\" width=\"1024\" height=\"739\" src=\"https:\/\/www.ssaver.gob.mx\/difusion\/wp-content\/uploads\/sites\/23\/2025\/07\/WhatsApp-Image-2025-07-11-at-19.48.30-2-1024x739.jpeg\" alt=\"\" class=\"wp-image-5494\" srcset=\"https:\/\/www.ssaver.gob.mx\/difusion\/wp-content\/uploads\/sites\/23\/2025\/07\/WhatsApp-Image-2025-07-11-at-19.48.30-2-1024x739.jpeg 1024w, https:\/\/www.ssaver.gob.mx\/difusion\/wp-content\/uploads\/sites\/23\/2025\/07\/WhatsApp-Image-2025-07-11-at-19.48.30-2-300x217.jpeg 300w, https:\/\/www.ssaver.gob.mx\/difusion\/wp-content\/uploads\/sites\/23\/2025\/07\/WhatsApp-Image-2025-07-11-at-19.48.30-2-768x554.jpeg 768w, https:\/\/www.ssaver.gob.mx\/difusion\/wp-content\/uploads\/sites\/23\/2025\/07\/WhatsApp-Image-2025-07-11-at-19.48.30-2.jpeg 1280w\" sizes=\"auto, (max-width: 1024px) 100vw, 1024px\" \/><\/figure>\n\n\n\n<p class=\"has-medium-font-size\">El jefe de la Jurisdicci\u00f3n Sanitaria, Rafael Aguilar Zamora, explic\u00f3 que factores como la humedad, calor, movilidad de la poblaci\u00f3n y la presencia de cuerpos de agua favorecen la proliferaci\u00f3n del mosquito Aedes&nbsp;aegypti, transmisor del dengue.&nbsp;<\/p>\n\n\n\n<figure class=\"wp-block-image aligncenter size-large\"><img loading=\"lazy\" decoding=\"async\" width=\"1024\" height=\"682\" src=\"https:\/\/www.ssaver.gob.mx\/difusion\/wp-content\/uploads\/sites\/23\/2025\/07\/WhatsApp-Image-2025-07-11-at-19.48.29-3-1024x682.jpeg\" alt=\"\" class=\"wp-image-5491\" srcset=\"https:\/\/www.ssaver.gob.mx\/difusion\/wp-content\/uploads\/sites\/23\/2025\/07\/WhatsApp-Image-2025-07-11-at-19.48.29-3-1024x682.jpeg 1024w, https:\/\/www.ssaver.gob.mx\/difusion\/wp-content\/uploads\/sites\/23\/2025\/07\/WhatsApp-Image-2025-07-11-at-19.48.29-3-300x200.jpeg 300w, https:\/\/www.ssaver.gob.mx\/difusion\/wp-content\/uploads\/sites\/23\/2025\/07\/WhatsApp-Image-2025-07-11-at-19.48.29-3-768x512.jpeg 768w, https:\/\/www.ssaver.gob.mx\/difusion\/wp-content\/uploads\/sites\/23\/2025\/07\/WhatsApp-Image-2025-07-11-at-19.48.29-3.jpeg 1280w\" sizes=\"auto, (max-width: 1024px) 100vw, 1024px\" \/><\/figure>\n\n\n\n<p class=\"has-medium-font-size\">El periodo de enero a abril es clave para realizar eliminaciones masivas de criaderos, ya que las lluvias intensifican la proliferaci\u00f3n del mosquito. El ayuntamiento de P\u00e1nuco don\u00f3&nbsp;termonebulizadoras&nbsp;port\u00e1tiles y m\u00e1quinas pesadas para fortalecer la prevenci\u00f3n del dengue en coordinaci\u00f3n con la Secretar\u00eda de Salud.<\/p>\n\n\n\n<p><\/p>\n\n\n\n<p><\/p>\n\n\n\n<p><\/p>\n\n\n\n<p><\/p>\n","protected":false},"excerpt":{"rendered":"<p>&gt;Combatir el dengue requiere del esfuerzo conjunto del sector salud y ciudadan\u00eda. P\u00e1nuco, Ver.,&nbsp;viernes&nbsp;11&nbsp;de julio de 2025.-&nbsp;Para fortalecer acciones comunitarias&nbsp;encaminadas&nbsp;a<\/p>\n","protected":false},"author":68,"featured_media":5496,"comment_status":"closed","ping_status":"closed","sticky":false,"template":"","format":"standard","meta":{"colormag_page_container_layout":"default_layout","colormag_page_sidebar_layout":"default_layout","footnotes":""},"categories":[111,115],"tags":[750,642,643,751,645,647,646,649,644,648],"class_list":["post-5488","post","type-post","status-publish","format-standard","has-post-thumbnail","hentry","category-boletines","category-general","tag-apoyo-del-director-general","tag-arranca-en-panuco-campana-de-fumigacion","tag-eliminacion-de-criaderos-de-aedes-aegypti","tag-juan-pablo-uribe-gonzalez","tag-jurisdiccion-sanitaria-de-panuco","tag-maria-luisa-sanchez-murrieta","tag-quien-es-la-directora-de-salud-publica","tag-secretaria-de-salud-en-panuco","tag-subcomite-interinstitucional-para-la-prevencion-y-control-de-enfermedades-transmitidas-por-vector","tag-termonebulizadoras-portatiles-en-panuco"],"_links":{"self":[{"href":"https:\/\/www.ssaver.gob.mx\/difusion\/wp-json\/wp\/v2\/posts\/5488","targetHints":{"allow":["GET"]}}],"collection":[{"href":"https:\/\/www.ssaver.gob.mx\/difusion\/wp-json\/wp\/v2\/posts"}],"about":[{"href":"https:\/\/www.ssaver.gob.mx\/difusion\/wp-json\/wp\/v2\/types\/post"}],"author":[{"embeddable":true,"href":"https:\/\/www.ssaver.gob.mx\/difusion\/wp-json\/wp\/v2\/users\/68"}],"replies":[{"embeddable":true,"href":"https:\/\/www.ssaver.gob.mx\/difusion\/wp-json\/wp\/v2\/comments?post=5488"}],"version-history":[{"count":2,"href":"https:\/\/www.ssaver.gob.mx\/difusion\/wp-json\/wp\/v2\/posts\/5488\/revisions"}],"predecessor-version":[{"id":5504,"href":"https:\/\/www.ssaver.gob.mx\/difusion\/wp-json\/wp\/v2\/posts\/5488\/revisions\/5504"}],"wp:featuredmedia":[{"embeddable":true,"href":"https:\/\/www.ssaver.gob.mx\/difusion\/wp-json\/wp\/v2\/media\/5496"}],"wp:attachment":[{"href":"https:\/\/www.ssaver.gob.mx\/difusion\/wp-json\/wp\/v2\/media?parent=5488"}],"wp:term":[{"taxonomy":"category","embeddable":true,"href":"https:\/\/www.ssaver.gob.mx\/difusion\/wp-json\/wp\/v2\/categories?post=5488"},{"taxonomy":"post_tag","embeddable":true,"href":"https:\/\/www.ssaver.gob.mx\/difusion\/wp-json\/wp\/v2\/tags?post=5488"}],"curies":[{"name":"wp","href":"https:\/\/api.w.org\/{rel}","templated":true}]}}