{"id":5498,"date":"2025-07-12T02:08:51","date_gmt":"2025-07-12T07:08:51","guid":{"rendered":"https:\/\/www.ssaver.gob.mx\/difusion\/?p=5498"},"modified":"2025-09-11T13:53:31","modified_gmt":"2025-09-11T18:53:31","slug":"coordina-ss-trabajo-con-la-federacion-para-atender-la-salud-mental-y-prevenir-adicciones","status":"publish","type":"post","link":"https:\/\/www.ssaver.gob.mx\/difusion\/2025\/07\/12\/coordina-ss-trabajo-con-la-federacion-para-atender-la-salud-mental-y-prevenir-adicciones\/","title":{"rendered":"Coordina SS trabajo con la Federaci\u00f3n para atender la salud mental y prevenir adicciones"},"content":{"rendered":"\n<p>&gt;M\u00e1s de 16 mil talleres y casi 10 mil tamizajes aplicados a adolescentes.<\/p>\n\n\n\n<p class=\"has-medium-font-size\"><strong>Xalapa, Ver., viernes 11 de julio de 2025.- <\/strong>Para consolidar estrategias de cooperaci\u00f3n interinstitucional, as\u00ed como la difusi\u00f3n de informaci\u00f3n y prevenci\u00f3n de las adicciones, la Secretar\u00eda de Salud (SS), se reuni\u00f3 con la Comisi\u00f3n Nacional de Salud Mental y Adicciones (Conasama).<\/p>\n\n\n\n<p class=\"has-medium-font-size\">En ese marco, se inform\u00f3 que de octubre de 2024 a abril de 2025, fueron implementadas acciones preventivas sobre salud mental y adicciones, entre las que destacan, 16 mil 943 talleres de sensibilizaci\u00f3n y 9 mil 395 tamizajes aplicados a adolescentes en contexto escolar.<\/p>\n\n\n\n<figure class=\"wp-block-image aligncenter size-large\"><img loading=\"lazy\" decoding=\"async\" width=\"1024\" height=\"623\" src=\"https:\/\/www.ssaver.gob.mx\/difusion\/wp-content\/uploads\/sites\/23\/2025\/07\/WhatsApp-Image-2025-07-11-at-20.55.50-1024x623.jpeg\" alt=\"\" class=\"wp-image-5500\" srcset=\"https:\/\/www.ssaver.gob.mx\/difusion\/wp-content\/uploads\/sites\/23\/2025\/07\/WhatsApp-Image-2025-07-11-at-20.55.50-1024x623.jpeg 1024w, https:\/\/www.ssaver.gob.mx\/difusion\/wp-content\/uploads\/sites\/23\/2025\/07\/WhatsApp-Image-2025-07-11-at-20.55.50-300x183.jpeg 300w, https:\/\/www.ssaver.gob.mx\/difusion\/wp-content\/uploads\/sites\/23\/2025\/07\/WhatsApp-Image-2025-07-11-at-20.55.50-768x468.jpeg 768w, https:\/\/www.ssaver.gob.mx\/difusion\/wp-content\/uploads\/sites\/23\/2025\/07\/WhatsApp-Image-2025-07-11-at-20.55.50-1536x935.jpeg 1536w, https:\/\/www.ssaver.gob.mx\/difusion\/wp-content\/uploads\/sites\/23\/2025\/07\/WhatsApp-Image-2025-07-11-at-20.55.50.jpeg 1600w\" sizes=\"auto, (max-width: 1024px) 100vw, 1024px\" \/><\/figure>\n\n\n\n<p class=\"has-medium-font-size\">Para la atenci\u00f3n de estas enfermedades, Veracruz cuenta con una red hospitalaria de 17 Centros Comunitarios, dos Centros Integrales y un Centro Estatal contra las Adicciones, as\u00ed como 15 unidades hospitalarias con servicio de psicolog\u00eda, 24 de segundo nivel y dos de tercer nivel.<\/p>\n\n\n\n<p class=\"has-medium-font-size\">De acuerdo a datos de la Comisi\u00f3n, a trav\u00e9s de la L\u00ednea de la Vida 800-911-2000, en Veracruz se han atendido 2 mil 677 llamadas para orientaci\u00f3n y apoyo. Adem\u00e1s la Secretar\u00eda de Salud cuenta tambi\u00e9n con las l\u00edneas telef\u00f3nicas 800-260-31-00 y 228-814-55-65, para atenci\u00f3n profesional.<\/p>\n\n\n\n<figure class=\"wp-block-image aligncenter size-large\"><img loading=\"lazy\" decoding=\"async\" width=\"1024\" height=\"748\" src=\"https:\/\/www.ssaver.gob.mx\/difusion\/wp-content\/uploads\/sites\/23\/2025\/07\/WhatsApp-Image-2025-07-11-at-20.55.50-1-1024x748.jpeg\" alt=\"\" class=\"wp-image-5499\" srcset=\"https:\/\/www.ssaver.gob.mx\/difusion\/wp-content\/uploads\/sites\/23\/2025\/07\/WhatsApp-Image-2025-07-11-at-20.55.50-1-1024x748.jpeg 1024w, https:\/\/www.ssaver.gob.mx\/difusion\/wp-content\/uploads\/sites\/23\/2025\/07\/WhatsApp-Image-2025-07-11-at-20.55.50-1-300x219.jpeg 300w, https:\/\/www.ssaver.gob.mx\/difusion\/wp-content\/uploads\/sites\/23\/2025\/07\/WhatsApp-Image-2025-07-11-at-20.55.50-1-768x561.jpeg 768w, https:\/\/www.ssaver.gob.mx\/difusion\/wp-content\/uploads\/sites\/23\/2025\/07\/WhatsApp-Image-2025-07-11-at-20.55.50-1-1536x1122.jpeg 1536w, https:\/\/www.ssaver.gob.mx\/difusion\/wp-content\/uploads\/sites\/23\/2025\/07\/WhatsApp-Image-2025-07-11-at-20.55.50-1.jpeg 1600w\" sizes=\"auto, (max-width: 1024px) 100vw, 1024px\" \/><\/figure>\n\n\n\n<p class=\"has-medium-font-size\">Encabezaron el encuentro, el titular de Salud, Valent\u00edn Herrera Alarc\u00f3n y la directora de Vinculaci\u00f3n Nacional y Cooperaci\u00f3n Internacional de la Conasama, Alejandra Rubio Pati\u00f1o.<\/p>\n","protected":false},"excerpt":{"rendered":"<p>&gt;M\u00e1s de 16 mil talleres y casi 10 mil tamizajes aplicados a adolescentes. Xalapa, Ver., viernes 11 de julio de<\/p>\n","protected":false},"author":68,"featured_media":5501,"comment_status":"closed","ping_status":"closed","sticky":false,"template":"","format":"standard","meta":{"colormag_page_container_layout":"default_layout","colormag_page_sidebar_layout":"default_layout","footnotes":""},"categories":[111,115],"tags":[655,750,661,650,654,659,656,751,651,652,660,658,189,184,657,653,191,137],"class_list":["post-5498","post","type-post","status-publish","format-standard","has-post-thumbnail","hentry","category-boletines","category-general","tag-alejandra-rubio-patino","tag-apoyo-del-director-general","tag-centro-estatal-contra-las-adicciones","tag-comision-nacional-de-salud-mental-y-adicciones","tag-directora-de-vinculacion-nacional-y-cooperacion-internacional-de-la-conasama","tag-donde-hay-centros-comunitarios","tag-donde-se-encuentra-conasama","tag-juan-pablo-uribe-gonzalez","tag-que-significa-conasama","tag-que-son-acciones-preventivas-sobre-salud-mental","tag-que-son-los-centros-integrales","tag-red-hospitalaria-en-veracruz","tag-secretaria-de-salud-de-veracruz","tag-sesver","tag-tamizajes-en-veracruz","tag-titular-de-salud","tag-valentin-herrera-alarcon","tag-xalapa"],"_links":{"self":[{"href":"https:\/\/www.ssaver.gob.mx\/difusion\/wp-json\/wp\/v2\/posts\/5498","targetHints":{"allow":["GET"]}}],"collection":[{"href":"https:\/\/www.ssaver.gob.mx\/difusion\/wp-json\/wp\/v2\/posts"}],"about":[{"href":"https:\/\/www.ssaver.gob.mx\/difusion\/wp-json\/wp\/v2\/types\/post"}],"author":[{"embeddable":true,"href":"https:\/\/www.ssaver.gob.mx\/difusion\/wp-json\/wp\/v2\/users\/68"}],"replies":[{"embeddable":true,"href":"https:\/\/www.ssaver.gob.mx\/difusion\/wp-json\/wp\/v2\/comments?post=5498"}],"version-history":[{"count":2,"href":"https:\/\/www.ssaver.gob.mx\/difusion\/wp-json\/wp\/v2\/posts\/5498\/revisions"}],"predecessor-version":[{"id":5505,"href":"https:\/\/www.ssaver.gob.mx\/difusion\/wp-json\/wp\/v2\/posts\/5498\/revisions\/5505"}],"wp:featuredmedia":[{"embeddable":true,"href":"https:\/\/www.ssaver.gob.mx\/difusion\/wp-json\/wp\/v2\/media\/5501"}],"wp:attachment":[{"href":"https:\/\/www.ssaver.gob.mx\/difusion\/wp-json\/wp\/v2\/media?parent=5498"}],"wp:term":[{"taxonomy":"category","embeddable":true,"href":"https:\/\/www.ssaver.gob.mx\/difusion\/wp-json\/wp\/v2\/categories?post=5498"},{"taxonomy":"post_tag","embeddable":true,"href":"https:\/\/www.ssaver.gob.mx\/difusion\/wp-json\/wp\/v2\/tags?post=5498"}],"curies":[{"name":"wp","href":"https:\/\/api.w.org\/{rel}","templated":true}]}}