{"id":5521,"date":"2025-07-16T15:30:06","date_gmt":"2025-07-16T20:30:06","guid":{"rendered":"https:\/\/www.ssaver.gob.mx\/difusion\/?p=5521"},"modified":"2025-09-11T13:53:13","modified_gmt":"2025-09-11T18:53:13","slug":"camionetitas-de-la-salud-llegan-a-poza-rica-y-ozuluama-con-mas-de-100-mil-insumos-medicos","status":"publish","type":"post","link":"https:\/\/www.ssaver.gob.mx\/difusion\/2025\/07\/16\/camionetitas-de-la-salud-llegan-a-poza-rica-y-ozuluama-con-mas-de-100-mil-insumos-medicos\/","title":{"rendered":"Camionetitas de la Salud llegan a Poza Rica y Ozuluama con m\u00e1s de 100 mil insumos m\u00e9dicos"},"content":{"rendered":"\n<p class=\"has-medium-font-size\"><strong>Xalapa, Ver.,&nbsp;<\/strong><strong>mi\u00e9rcoles 16<\/strong><strong>&nbsp;de julio de 2025.-<\/strong>&nbsp;Como parte del programa Camionetitas de la Salud, el Gobierno de Veracruz realiz\u00f3 una nueva jornada de distribuci\u00f3n de medicamentos e insumos en beneficio de comunidades de dif\u00edcil acceso en la regi\u00f3n norte del estado.<\/p>\n\n\n\n<figure class=\"wp-block-image aligncenter size-large\"><img loading=\"lazy\" decoding=\"async\" width=\"1024\" height=\"456\" src=\"https:\/\/www.ssaver.gob.mx\/difusion\/wp-content\/uploads\/sites\/23\/2025\/07\/WhatsApp-Image-2025-07-16-at-14.13.22-3-1024x456.jpeg\" alt=\"\" class=\"wp-image-5518\" srcset=\"https:\/\/www.ssaver.gob.mx\/difusion\/wp-content\/uploads\/sites\/23\/2025\/07\/WhatsApp-Image-2025-07-16-at-14.13.22-3-1024x456.jpeg 1024w, https:\/\/www.ssaver.gob.mx\/difusion\/wp-content\/uploads\/sites\/23\/2025\/07\/WhatsApp-Image-2025-07-16-at-14.13.22-3-300x134.jpeg 300w, https:\/\/www.ssaver.gob.mx\/difusion\/wp-content\/uploads\/sites\/23\/2025\/07\/WhatsApp-Image-2025-07-16-at-14.13.22-3-768x342.jpeg 768w, https:\/\/www.ssaver.gob.mx\/difusion\/wp-content\/uploads\/sites\/23\/2025\/07\/WhatsApp-Image-2025-07-16-at-14.13.22-3.jpeg 1185w\" sizes=\"auto, (max-width: 1024px) 100vw, 1024px\" \/><\/figure>\n\n\n\n<p class=\"has-medium-font-size\">En esta ocasi\u00f3n, se entregaron 72 mil 984 claves de medicamentos y 29 mil 149 piezas de material de curaci\u00f3n a los centros de Salud de Emiliano Zapata, Manuel Mar\u00eda Contreras, Olmecas, Coatzintla Ruiz Cortines y Plan de Ayala, as\u00ed como a los hospitales\u00a0Regional de Poza Rica y de la Comunidad en Ozuluama.<\/p>\n\n\n\n<figure class=\"wp-block-image aligncenter size-large\"><img loading=\"lazy\" decoding=\"async\" width=\"1024\" height=\"682\" src=\"https:\/\/www.ssaver.gob.mx\/difusion\/wp-content\/uploads\/sites\/23\/2025\/07\/WhatsApp-Image-2025-07-16-at-14.13.22-1-1024x682.jpeg\" alt=\"\" class=\"wp-image-5516\" srcset=\"https:\/\/www.ssaver.gob.mx\/difusion\/wp-content\/uploads\/sites\/23\/2025\/07\/WhatsApp-Image-2025-07-16-at-14.13.22-1-1024x682.jpeg 1024w, https:\/\/www.ssaver.gob.mx\/difusion\/wp-content\/uploads\/sites\/23\/2025\/07\/WhatsApp-Image-2025-07-16-at-14.13.22-1-300x200.jpeg 300w, https:\/\/www.ssaver.gob.mx\/difusion\/wp-content\/uploads\/sites\/23\/2025\/07\/WhatsApp-Image-2025-07-16-at-14.13.22-1-768x511.jpeg 768w, https:\/\/www.ssaver.gob.mx\/difusion\/wp-content\/uploads\/sites\/23\/2025\/07\/WhatsApp-Image-2025-07-16-at-14.13.22-1.jpeg 1280w\" sizes=\"auto, (max-width: 1024px) 100vw, 1024px\" \/><\/figure>\n\n\n\n<p class=\"has-medium-font-size\">A trav\u00e9s de sus redes sociales, la gobernadora Roc\u00edo Nahle Garc\u00eda destac\u00f3 el alcance territorial de esta estrategia y el compromiso de su administraci\u00f3n con la salud p\u00fablica:<\/p>\n\n\n\n<p class=\"has-medium-font-size\">\u201cSeguimos llevando medicamentos por el bienestar de las y los veracruzanos.&nbsp;Con las Camionetitas de la Salud llegamos a la zona de Poza Rica y Ozuluama, para que comunidades alejadas y de dif\u00edcil acceso tambi\u00e9n cuenten con atenci\u00f3n\u201d.<\/p>\n\n\n\n<div class=\"wp-block-columns is-layout-flex wp-container-core-columns-is-layout-28f84493 wp-block-columns-is-layout-flex\">\n<div class=\"wp-block-column is-layout-flow wp-block-column-is-layout-flow\">\n<figure class=\"wp-block-image size-large\"><img loading=\"lazy\" decoding=\"async\" width=\"1024\" height=\"682\" src=\"https:\/\/www.ssaver.gob.mx\/difusion\/wp-content\/uploads\/sites\/23\/2025\/07\/WhatsApp-Image-2025-07-16-at-14.13.23-1024x682.jpeg\" alt=\"\" class=\"wp-image-5520\" srcset=\"https:\/\/www.ssaver.gob.mx\/difusion\/wp-content\/uploads\/sites\/23\/2025\/07\/WhatsApp-Image-2025-07-16-at-14.13.23-1024x682.jpeg 1024w, https:\/\/www.ssaver.gob.mx\/difusion\/wp-content\/uploads\/sites\/23\/2025\/07\/WhatsApp-Image-2025-07-16-at-14.13.23-300x200.jpeg 300w, https:\/\/www.ssaver.gob.mx\/difusion\/wp-content\/uploads\/sites\/23\/2025\/07\/WhatsApp-Image-2025-07-16-at-14.13.23-768x511.jpeg 768w, https:\/\/www.ssaver.gob.mx\/difusion\/wp-content\/uploads\/sites\/23\/2025\/07\/WhatsApp-Image-2025-07-16-at-14.13.23.jpeg 1280w\" sizes=\"auto, (max-width: 1024px) 100vw, 1024px\" \/><\/figure>\n<\/div>\n\n\n\n<div class=\"wp-block-column is-layout-flow wp-block-column-is-layout-flow\">\n<figure class=\"wp-block-image size-large\"><img loading=\"lazy\" decoding=\"async\" width=\"1024\" height=\"682\" src=\"https:\/\/www.ssaver.gob.mx\/difusion\/wp-content\/uploads\/sites\/23\/2025\/07\/WhatsApp-Image-2025-07-16-at-14.13.22-2-1024x682.jpeg\" alt=\"\" class=\"wp-image-5517\" srcset=\"https:\/\/www.ssaver.gob.mx\/difusion\/wp-content\/uploads\/sites\/23\/2025\/07\/WhatsApp-Image-2025-07-16-at-14.13.22-2-1024x682.jpeg 1024w, https:\/\/www.ssaver.gob.mx\/difusion\/wp-content\/uploads\/sites\/23\/2025\/07\/WhatsApp-Image-2025-07-16-at-14.13.22-2-300x200.jpeg 300w, https:\/\/www.ssaver.gob.mx\/difusion\/wp-content\/uploads\/sites\/23\/2025\/07\/WhatsApp-Image-2025-07-16-at-14.13.22-2-768x511.jpeg 768w, https:\/\/www.ssaver.gob.mx\/difusion\/wp-content\/uploads\/sites\/23\/2025\/07\/WhatsApp-Image-2025-07-16-at-14.13.22-2.jpeg 1280w\" sizes=\"auto, (max-width: 1024px) 100vw, 1024px\" \/><\/figure>\n<\/div>\n<\/div>\n\n\n\n<p class=\"has-medium-font-size\">Esta acci\u00f3n forma parte del esquema de distribuci\u00f3n directa impulsado desde diciembre, que ha permitido llevar insumos m\u00e9dicos a miles de personas que habitan en localidades apartadas, donde antes el&nbsp;abasto era limitado o irregular.<\/p>\n\n\n\n<figure class=\"wp-block-image aligncenter size-large\"><img loading=\"lazy\" decoding=\"async\" width=\"1024\" height=\"608\" src=\"https:\/\/www.ssaver.gob.mx\/difusion\/wp-content\/uploads\/sites\/23\/2025\/07\/WhatsApp-Image-2025-07-16-at-14.13.22-1024x608.jpeg\" alt=\"\" class=\"wp-image-5519\" srcset=\"https:\/\/www.ssaver.gob.mx\/difusion\/wp-content\/uploads\/sites\/23\/2025\/07\/WhatsApp-Image-2025-07-16-at-14.13.22-1024x608.jpeg 1024w, https:\/\/www.ssaver.gob.mx\/difusion\/wp-content\/uploads\/sites\/23\/2025\/07\/WhatsApp-Image-2025-07-16-at-14.13.22-300x178.jpeg 300w, https:\/\/www.ssaver.gob.mx\/difusion\/wp-content\/uploads\/sites\/23\/2025\/07\/WhatsApp-Image-2025-07-16-at-14.13.22-768x456.jpeg 768w, https:\/\/www.ssaver.gob.mx\/difusion\/wp-content\/uploads\/sites\/23\/2025\/07\/WhatsApp-Image-2025-07-16-at-14.13.22-1536x912.jpeg 1536w, https:\/\/www.ssaver.gob.mx\/difusion\/wp-content\/uploads\/sites\/23\/2025\/07\/WhatsApp-Image-2025-07-16-at-14.13.22.jpeg 1600w\" sizes=\"auto, (max-width: 1024px) 100vw, 1024px\" \/><\/figure>\n\n\n\n<p class=\"has-medium-font-size\"><a><\/a>Con estas entregas,&nbsp;las&nbsp;Camionetitas de la Salud avanzan&nbsp;en el objetivo de lograr cobertura total bajo una log\u00edstica eficiente que prioriza la atenci\u00f3n digna, oportuna y equitativa para todas y todos los veracruzanos.<\/p>\n","protected":false},"excerpt":{"rendered":"<p>Xalapa, Ver.,&nbsp;mi\u00e9rcoles 16&nbsp;de julio de 2025.-&nbsp;Como parte del programa Camionetitas de la Salud, el Gobierno de Veracruz realiz\u00f3 una nueva<\/p>\n","protected":false},"author":68,"featured_media":5522,"comment_status":"closed","ping_status":"closed","sticky":false,"template":"","format":"standard","meta":{"colormag_page_container_layout":"default_layout","colormag_page_sidebar_layout":"default_layout","footnotes":""},"categories":[111,115],"tags":[671,750,669,668,673,674,675,672,751],"class_list":["post-5521","post","type-post","status-publish","format-standard","has-post-thumbnail","hentry","category-boletines","category-general","tag-actividades-del-gobierno-de-veracruz","tag-apoyo-del-director-general","tag-camionetitas-de-la-salud-en-ozulama","tag-camionetitas-de-la-salud-en-poza-rica","tag-centros-de-salud-en-veracruz","tag-entrega-de-medicamentos-en-el-estado-de-veracruz","tag-gobernadora-de-veracruz-rocio-nahle","tag-jornada-de-distribucion-de-medicamentos-e-insumos","tag-juan-pablo-uribe-gonzalez"],"_links":{"self":[{"href":"https:\/\/www.ssaver.gob.mx\/difusion\/wp-json\/wp\/v2\/posts\/5521","targetHints":{"allow":["GET"]}}],"collection":[{"href":"https:\/\/www.ssaver.gob.mx\/difusion\/wp-json\/wp\/v2\/posts"}],"about":[{"href":"https:\/\/www.ssaver.gob.mx\/difusion\/wp-json\/wp\/v2\/types\/post"}],"author":[{"embeddable":true,"href":"https:\/\/www.ssaver.gob.mx\/difusion\/wp-json\/wp\/v2\/users\/68"}],"replies":[{"embeddable":true,"href":"https:\/\/www.ssaver.gob.mx\/difusion\/wp-json\/wp\/v2\/comments?post=5521"}],"version-history":[{"count":1,"href":"https:\/\/www.ssaver.gob.mx\/difusion\/wp-json\/wp\/v2\/posts\/5521\/revisions"}],"predecessor-version":[{"id":5523,"href":"https:\/\/www.ssaver.gob.mx\/difusion\/wp-json\/wp\/v2\/posts\/5521\/revisions\/5523"}],"wp:featuredmedia":[{"embeddable":true,"href":"https:\/\/www.ssaver.gob.mx\/difusion\/wp-json\/wp\/v2\/media\/5522"}],"wp:attachment":[{"href":"https:\/\/www.ssaver.gob.mx\/difusion\/wp-json\/wp\/v2\/media?parent=5521"}],"wp:term":[{"taxonomy":"category","embeddable":true,"href":"https:\/\/www.ssaver.gob.mx\/difusion\/wp-json\/wp\/v2\/categories?post=5521"},{"taxonomy":"post_tag","embeddable":true,"href":"https:\/\/www.ssaver.gob.mx\/difusion\/wp-json\/wp\/v2\/tags?post=5521"}],"curies":[{"name":"wp","href":"https:\/\/api.w.org\/{rel}","templated":true}]}}