{"id":5542,"date":"2025-07-21T19:00:23","date_gmt":"2025-07-22T00:00:23","guid":{"rendered":"https:\/\/www.ssaver.gob.mx\/difusion\/?p=5542"},"modified":"2025-09-11T13:53:01","modified_gmt":"2025-09-11T18:53:01","slug":"control-del-nino-sano-clave-para-el-crecimiento-y-desarrollo-infantil","status":"publish","type":"post","link":"https:\/\/www.ssaver.gob.mx\/difusion\/2025\/07\/21\/control-del-nino-sano-clave-para-el-crecimiento-y-desarrollo-infantil\/","title":{"rendered":"Control del Ni\u00f1o Sano, clave para\u00a0el\u00a0crecimiento y desarrollo infantil"},"content":{"rendered":"\n<p>&gt;Garantiza una mejor calidad de vida al detectar de manera oportuna riesgos.<\/p>\n\n\n\n<p class=\"has-medium-font-size\"><strong>Xalapa, Ver.,&nbsp;<\/strong><strong>lunes 21<\/strong><strong>&nbsp;de julio de 2025.-<\/strong>&nbsp;La Secretar\u00eda de&nbsp;<a><\/a>Salud&nbsp;(SS) brinda atenci\u00f3n gratuita a ni\u00f1as y ni\u00f1os desde el primer mes de vida hasta los 10 a\u00f1os a trav\u00e9s del programa Atenci\u00f3n a la Salud de la Infancia,&nbsp;mediante la&nbsp;prevenci\u00f3n y detecci\u00f3n temprana de enfermedades.<\/p>\n\n\n\n<figure class=\"wp-block-image aligncenter size-full\"><img loading=\"lazy\" decoding=\"async\" width=\"1600\" height=\"1104\" src=\"https:\/\/www.ssaver.gob.mx\/difusion\/wp-content\/uploads\/sites\/23\/2025\/07\/WhatsApp-Image-2025-07-21-at-17.50.44-1.jpeg\" alt=\"\" class=\"wp-image-5546\" srcset=\"https:\/\/www.ssaver.gob.mx\/difusion\/wp-content\/uploads\/sites\/23\/2025\/07\/WhatsApp-Image-2025-07-21-at-17.50.44-1.jpeg 1600w, https:\/\/www.ssaver.gob.mx\/difusion\/wp-content\/uploads\/sites\/23\/2025\/07\/WhatsApp-Image-2025-07-21-at-17.50.44-1-300x207.jpeg 300w, https:\/\/www.ssaver.gob.mx\/difusion\/wp-content\/uploads\/sites\/23\/2025\/07\/WhatsApp-Image-2025-07-21-at-17.50.44-1-1024x707.jpeg 1024w, https:\/\/www.ssaver.gob.mx\/difusion\/wp-content\/uploads\/sites\/23\/2025\/07\/WhatsApp-Image-2025-07-21-at-17.50.44-1-768x530.jpeg 768w, https:\/\/www.ssaver.gob.mx\/difusion\/wp-content\/uploads\/sites\/23\/2025\/07\/WhatsApp-Image-2025-07-21-at-17.50.44-1-1536x1060.jpeg 1536w, https:\/\/www.ssaver.gob.mx\/difusion\/wp-content\/uploads\/sites\/23\/2025\/07\/WhatsApp-Image-2025-07-21-at-17.50.44-1-130x90.jpeg 130w\" sizes=\"auto, (max-width: 1600px) 100vw, 1600px\" \/><\/figure>\n\n\n\n<p class=\"has-medium-font-size\">A trav\u00e9s&nbsp;del esquema de Control del Ni\u00f1o Sano, se monitorea el crecimiento f\u00edsico, desarrollo neurol\u00f3gico y estado nutricional de la poblaci\u00f3n infantil, adem\u00e1s de reforzar h\u00e1bitos de alimentaci\u00f3n, lactancia materna, estimulaci\u00f3n temprana y vacunaci\u00f3n.<\/p>\n\n\n\n<p class=\"has-medium-font-size\">El nutri\u00f3logo Edgar Sol\u00eds Ortiz, del Centro de Salud Sebasti\u00e1n Lerdo de Tejada, explic\u00f3 que estas consultas permiten identificar a tiempo signos de alarma relacionados con enfermedades como el c\u00e1ncer infantil, maltrato o trastornos del desarrollo, activando protocolos de atenci\u00f3n en unidades especializadas como el CECAN.<\/p>\n\n\n\n<figure class=\"wp-block-image aligncenter size-large\"><img loading=\"lazy\" decoding=\"async\" width=\"1024\" height=\"683\" src=\"https:\/\/www.ssaver.gob.mx\/difusion\/wp-content\/uploads\/sites\/23\/2025\/07\/WhatsApp-Image-2025-07-21-at-17.50.45-1024x683.jpeg\" alt=\"\" class=\"wp-image-5545\" srcset=\"https:\/\/www.ssaver.gob.mx\/difusion\/wp-content\/uploads\/sites\/23\/2025\/07\/WhatsApp-Image-2025-07-21-at-17.50.45-1024x683.jpeg 1024w, https:\/\/www.ssaver.gob.mx\/difusion\/wp-content\/uploads\/sites\/23\/2025\/07\/WhatsApp-Image-2025-07-21-at-17.50.45-300x200.jpeg 300w, https:\/\/www.ssaver.gob.mx\/difusion\/wp-content\/uploads\/sites\/23\/2025\/07\/WhatsApp-Image-2025-07-21-at-17.50.45-768x512.jpeg 768w, https:\/\/www.ssaver.gob.mx\/difusion\/wp-content\/uploads\/sites\/23\/2025\/07\/WhatsApp-Image-2025-07-21-at-17.50.45.jpeg 1280w\" sizes=\"auto, (max-width: 1024px) 100vw, 1024px\" \/><\/figure>\n\n\n\n<p class=\"has-medium-font-size\">Las valoraciones se basan en la Norma Oficial Mexicana NOM-031 y el Modelo de Atenci\u00f3n Integral, que contempla la aplicaci\u00f3n de herramientas como la Evaluaci\u00f3n del Desarrollo Infantil (EDI), fundamental para detectar alteraciones en \u00e1reas como lenguaje, motricidad, socializaci\u00f3n y aprendizaje en menores de hasta cinco a\u00f1os.<\/p>\n\n\n\n<p class=\"has-medium-font-size\">El programa est\u00e1 dirigido especialmente a quienes no cuentan con seguridad social, y contempla seguimiento peri\u00f3dico de acuerdo con la edad y condici\u00f3n&nbsp;del infante, as\u00ed como orientaci\u00f3n a madres, padres y cuidadores.<\/p>\n\n\n\n<p class=\"has-medium-font-size\">La Secretar\u00eda hace un llamado a las familias&nbsp;para acudir&nbsp;a la unidad m\u00e1s cercana&nbsp;y aprovechar los servicios preventivos. Una sola consulta oportuna puede marcar la diferencia&nbsp;para el futuro&nbsp;de las ni\u00f1as y los ni\u00f1os.<\/p>\n\n\n\n<figure class=\"wp-block-image aligncenter size-large\"><img loading=\"lazy\" decoding=\"async\" width=\"1024\" height=\"742\" src=\"https:\/\/www.ssaver.gob.mx\/difusion\/wp-content\/uploads\/sites\/23\/2025\/07\/WhatsApp-Image-2025-07-21-at-17.50.44-1024x742.jpeg\" alt=\"\" class=\"wp-image-5544\" srcset=\"https:\/\/www.ssaver.gob.mx\/difusion\/wp-content\/uploads\/sites\/23\/2025\/07\/WhatsApp-Image-2025-07-21-at-17.50.44-1024x742.jpeg 1024w, https:\/\/www.ssaver.gob.mx\/difusion\/wp-content\/uploads\/sites\/23\/2025\/07\/WhatsApp-Image-2025-07-21-at-17.50.44-300x218.jpeg 300w, https:\/\/www.ssaver.gob.mx\/difusion\/wp-content\/uploads\/sites\/23\/2025\/07\/WhatsApp-Image-2025-07-21-at-17.50.44-768x557.jpeg 768w, https:\/\/www.ssaver.gob.mx\/difusion\/wp-content\/uploads\/sites\/23\/2025\/07\/WhatsApp-Image-2025-07-21-at-17.50.44-1536x1114.jpeg 1536w, https:\/\/www.ssaver.gob.mx\/difusion\/wp-content\/uploads\/sites\/23\/2025\/07\/WhatsApp-Image-2025-07-21-at-17.50.44.jpeg 1600w\" sizes=\"auto, (max-width: 1024px) 100vw, 1024px\" \/><\/figure>\n","protected":false},"excerpt":{"rendered":"<p>&gt;Garantiza una mejor calidad de vida al detectar de manera oportuna riesgos. Xalapa, Ver.,&nbsp;lunes 21&nbsp;de julio de 2025.-&nbsp;La Secretar\u00eda de&nbsp;Salud&nbsp;(SS)<\/p>\n","protected":false},"author":68,"featured_media":5543,"comment_status":"closed","ping_status":"closed","sticky":false,"template":"","format":"standard","meta":{"colormag_page_container_layout":"default_layout","colormag_page_sidebar_layout":"default_layout","footnotes":""},"categories":[111,115],"tags":[750,685,751,189,184,142],"class_list":["post-5542","post","type-post","status-publish","format-standard","has-post-thumbnail","hentry","category-boletines","category-general","tag-apoyo-del-director-general","tag-control-de-nino-sano","tag-juan-pablo-uribe-gonzalez","tag-secretaria-de-salud-de-veracruz","tag-sesver","tag-veracruz"],"_links":{"self":[{"href":"https:\/\/www.ssaver.gob.mx\/difusion\/wp-json\/wp\/v2\/posts\/5542","targetHints":{"allow":["GET"]}}],"collection":[{"href":"https:\/\/www.ssaver.gob.mx\/difusion\/wp-json\/wp\/v2\/posts"}],"about":[{"href":"https:\/\/www.ssaver.gob.mx\/difusion\/wp-json\/wp\/v2\/types\/post"}],"author":[{"embeddable":true,"href":"https:\/\/www.ssaver.gob.mx\/difusion\/wp-json\/wp\/v2\/users\/68"}],"replies":[{"embeddable":true,"href":"https:\/\/www.ssaver.gob.mx\/difusion\/wp-json\/wp\/v2\/comments?post=5542"}],"version-history":[{"count":1,"href":"https:\/\/www.ssaver.gob.mx\/difusion\/wp-json\/wp\/v2\/posts\/5542\/revisions"}],"predecessor-version":[{"id":5547,"href":"https:\/\/www.ssaver.gob.mx\/difusion\/wp-json\/wp\/v2\/posts\/5542\/revisions\/5547"}],"wp:featuredmedia":[{"embeddable":true,"href":"https:\/\/www.ssaver.gob.mx\/difusion\/wp-json\/wp\/v2\/media\/5543"}],"wp:attachment":[{"href":"https:\/\/www.ssaver.gob.mx\/difusion\/wp-json\/wp\/v2\/media?parent=5542"}],"wp:term":[{"taxonomy":"category","embeddable":true,"href":"https:\/\/www.ssaver.gob.mx\/difusion\/wp-json\/wp\/v2\/categories?post=5542"},{"taxonomy":"post_tag","embeddable":true,"href":"https:\/\/www.ssaver.gob.mx\/difusion\/wp-json\/wp\/v2\/tags?post=5542"}],"curies":[{"name":"wp","href":"https:\/\/api.w.org\/{rel}","templated":true}]}}