{"id":5609,"date":"2025-08-14T13:52:44","date_gmt":"2025-08-14T18:52:44","guid":{"rendered":"https:\/\/www.ssaver.gob.mx\/difusion\/?p=5609"},"modified":"2025-09-11T13:52:02","modified_gmt":"2025-09-11T18:52:02","slug":"veracruz-implementa-drones-para-proteger-a-la-poblacion-contra-el-dengue","status":"publish","type":"post","link":"https:\/\/www.ssaver.gob.mx\/difusion\/2025\/08\/14\/veracruz-implementa-drones-para-proteger-a-la-poblacion-contra-el-dengue\/","title":{"rendered":"Veracruz implementa drones para proteger a la poblaci\u00f3n contra el dengue"},"content":{"rendered":"\n<p>&gt;Refuerzan&nbsp;la cobertura y precisi\u00f3n en el control de mosquitos.<\/p>\n\n\n\n<figure class=\"wp-block-image aligncenter size-large\"><img loading=\"lazy\" decoding=\"async\" width=\"1024\" height=\"682\" src=\"https:\/\/www.ssaver.gob.mx\/difusion\/wp-content\/uploads\/sites\/23\/2025\/08\/WhatsApp-Image-2025-08-14-at-12.15.56-2-1024x682.jpeg\" alt=\"\" class=\"wp-image-5611\" srcset=\"https:\/\/www.ssaver.gob.mx\/difusion\/wp-content\/uploads\/sites\/23\/2025\/08\/WhatsApp-Image-2025-08-14-at-12.15.56-2-1024x682.jpeg 1024w, https:\/\/www.ssaver.gob.mx\/difusion\/wp-content\/uploads\/sites\/23\/2025\/08\/WhatsApp-Image-2025-08-14-at-12.15.56-2-300x200.jpeg 300w, https:\/\/www.ssaver.gob.mx\/difusion\/wp-content\/uploads\/sites\/23\/2025\/08\/WhatsApp-Image-2025-08-14-at-12.15.56-2-768x512.jpeg 768w, https:\/\/www.ssaver.gob.mx\/difusion\/wp-content\/uploads\/sites\/23\/2025\/08\/WhatsApp-Image-2025-08-14-at-12.15.56-2-1536x1023.jpeg 1536w, https:\/\/www.ssaver.gob.mx\/difusion\/wp-content\/uploads\/sites\/23\/2025\/08\/WhatsApp-Image-2025-08-14-at-12.15.56-2.jpeg 1600w\" sizes=\"auto, (max-width: 1024px) 100vw, 1024px\" \/><\/figure>\n\n\n\n<p class=\"has-medium-font-size\"><strong>P\u00e1nuco, Ver., jueves<\/strong><a><\/a><strong>&nbsp;14<\/strong><strong>&nbsp;de agosto de 2025.-<\/strong>&nbsp;Veracruz se sum\u00f3 a la Segunda Jornada Nacional de Lucha contra el Dengue&nbsp;y otras Arbovirosis, que se realiza del 11 al 17 de agosto en las 32 entidades del pa\u00eds.<\/p>\n\n\n\n<p class=\"has-medium-font-size\">En este esfuerzo, la Secretar\u00eda de Salud incorpora drones para aplicar acciones qu\u00edmicas contra el mosquito Aedes aegypti, responsable del dengue, zika y chikungunya, logrando mayor cobertura en zonas de dif\u00edcil acceso, mayor precisi\u00f3n y menor riesgo para el personal operativo.<\/p>\n\n\n\n<figure class=\"wp-block-image aligncenter size-large\"><img loading=\"lazy\" decoding=\"async\" width=\"1024\" height=\"687\" src=\"https:\/\/www.ssaver.gob.mx\/difusion\/wp-content\/uploads\/sites\/23\/2025\/08\/WhatsApp-Image-2025-08-14-at-12.15.56-3-1024x687.jpeg\" alt=\"\" class=\"wp-image-5612\" srcset=\"https:\/\/www.ssaver.gob.mx\/difusion\/wp-content\/uploads\/sites\/23\/2025\/08\/WhatsApp-Image-2025-08-14-at-12.15.56-3-1024x687.jpeg 1024w, https:\/\/www.ssaver.gob.mx\/difusion\/wp-content\/uploads\/sites\/23\/2025\/08\/WhatsApp-Image-2025-08-14-at-12.15.56-3-300x201.jpeg 300w, https:\/\/www.ssaver.gob.mx\/difusion\/wp-content\/uploads\/sites\/23\/2025\/08\/WhatsApp-Image-2025-08-14-at-12.15.56-3-768x515.jpeg 768w, https:\/\/www.ssaver.gob.mx\/difusion\/wp-content\/uploads\/sites\/23\/2025\/08\/WhatsApp-Image-2025-08-14-at-12.15.56-3-1536x1030.jpeg 1536w, https:\/\/www.ssaver.gob.mx\/difusion\/wp-content\/uploads\/sites\/23\/2025\/08\/WhatsApp-Image-2025-08-14-at-12.15.56-3.jpeg 1600w\" sizes=\"auto, (max-width: 1024px) 100vw, 1024px\" \/><\/figure>\n\n\n\n<p class=\"has-medium-font-size\">En Veracruz, estas medidas se complementan con la recolecci\u00f3n y disposici\u00f3n de llantas para su reutilizaci\u00f3n en asfalto, fumigaci\u00f3n controlada, promoci\u00f3n de pr\u00e1cticas de patio limpio, eliminaci\u00f3n de criaderos y vigilancia del agua almacenada.<\/p>\n\n\n\n<p class=\"has-medium-font-size\">El&nbsp;titular de la dependencia,&nbsp;Valent\u00edn Herrera Alarc\u00f3n destac\u00f3 el compromiso de la administraci\u00f3n, encabezada por la gobernadora Roc\u00edo Nahle Garc\u00eda, con la salud de las familias y la construcci\u00f3n de entornos seguros, libres del mosquito transmisor.<\/p>\n\n\n\n<figure class=\"wp-block-image aligncenter size-large\"><img loading=\"lazy\" decoding=\"async\" width=\"1024\" height=\"682\" src=\"https:\/\/www.ssaver.gob.mx\/difusion\/wp-content\/uploads\/sites\/23\/2025\/08\/WhatsApp-Image-2025-08-14-at-12.15.56-1-1024x682.jpeg\" alt=\"\" class=\"wp-image-5613\" srcset=\"https:\/\/www.ssaver.gob.mx\/difusion\/wp-content\/uploads\/sites\/23\/2025\/08\/WhatsApp-Image-2025-08-14-at-12.15.56-1-1024x682.jpeg 1024w, https:\/\/www.ssaver.gob.mx\/difusion\/wp-content\/uploads\/sites\/23\/2025\/08\/WhatsApp-Image-2025-08-14-at-12.15.56-1-300x200.jpeg 300w, https:\/\/www.ssaver.gob.mx\/difusion\/wp-content\/uploads\/sites\/23\/2025\/08\/WhatsApp-Image-2025-08-14-at-12.15.56-1-768x512.jpeg 768w, https:\/\/www.ssaver.gob.mx\/difusion\/wp-content\/uploads\/sites\/23\/2025\/08\/WhatsApp-Image-2025-08-14-at-12.15.56-1-1536x1023.jpeg 1536w, https:\/\/www.ssaver.gob.mx\/difusion\/wp-content\/uploads\/sites\/23\/2025\/08\/WhatsApp-Image-2025-08-14-at-12.15.56-1.jpeg 1600w\" sizes=\"auto, (max-width: 1024px) 100vw, 1024px\" \/><\/figure>\n\n\n\n<p class=\"has-medium-font-size\">\u201cEl programa de lucha contra el dengue es 65% preventivo, fumigar sin control ni conocimiento puede afectar a la salud humana, la naturaleza y al medio ambiente\u201d.<\/p>\n\n\n\n<p class=\"has-medium-font-size\">La Segunda&nbsp;Jornada&nbsp;Nacional, tiene como objetivo prioritario intensificar la prevenci\u00f3n y el control de las arbovirosis mediante acciones organizadas y simult\u00e1neas, con participaci\u00f3n del sector p\u00fablico, privado y la ciudadan\u00eda.&nbsp;<\/p>\n\n\n\n<figure class=\"wp-block-image aligncenter size-large\"><img loading=\"lazy\" decoding=\"async\" width=\"1024\" height=\"510\" src=\"https:\/\/www.ssaver.gob.mx\/difusion\/wp-content\/uploads\/sites\/23\/2025\/08\/WhatsApp-Image-2025-08-14-at-12.15.56-1024x510.jpeg\" alt=\"\" class=\"wp-image-5614\" srcset=\"https:\/\/www.ssaver.gob.mx\/difusion\/wp-content\/uploads\/sites\/23\/2025\/08\/WhatsApp-Image-2025-08-14-at-12.15.56-1024x510.jpeg 1024w, https:\/\/www.ssaver.gob.mx\/difusion\/wp-content\/uploads\/sites\/23\/2025\/08\/WhatsApp-Image-2025-08-14-at-12.15.56-300x149.jpeg 300w, https:\/\/www.ssaver.gob.mx\/difusion\/wp-content\/uploads\/sites\/23\/2025\/08\/WhatsApp-Image-2025-08-14-at-12.15.56-768x383.jpeg 768w, https:\/\/www.ssaver.gob.mx\/difusion\/wp-content\/uploads\/sites\/23\/2025\/08\/WhatsApp-Image-2025-08-14-at-12.15.56-1536x765.jpeg 1536w, https:\/\/www.ssaver.gob.mx\/difusion\/wp-content\/uploads\/sites\/23\/2025\/08\/WhatsApp-Image-2025-08-14-at-12.15.56.jpeg 1600w\" sizes=\"auto, (max-width: 1024px) 100vw, 1024px\" \/><\/figure>\n\n\n\n<p class=\"has-medium-font-size\">Entre estas se incluyen educaci\u00f3n para la salud, difusi\u00f3n de informaci\u00f3n, movilizaci\u00f3n colectiva, participaci\u00f3n social y actividades de control integral del vector en planteles educativos y zonas de alta concentraci\u00f3n poblacional en localidades prioritarias.<\/p>\n","protected":false},"excerpt":{"rendered":"<p>&gt;Refuerzan&nbsp;la cobertura y precisi\u00f3n en el control de mosquitos. P\u00e1nuco, Ver., jueves&nbsp;14&nbsp;de agosto de 2025.-&nbsp;Veracruz se sum\u00f3 a la Segunda<\/p>\n","protected":false},"author":68,"featured_media":5616,"comment_status":"closed","ping_status":"closed","sticky":false,"template":"","format":"standard","meta":{"colormag_page_container_layout":"default_layout","colormag_page_sidebar_layout":"default_layout","footnotes":""},"categories":[111,115],"tags":[750,721,716,715,197,723,713,717,577,751,722,718,719,189,720,688,714,191],"class_list":["post-5609","post","type-post","status-publish","format-standard","has-post-thumbnail","hentry","category-boletines","category-general","tag-apoyo-del-director-general","tag-como-frenar-el-dengue","tag-costo-de-los-drones-para-fumigar","tag-cual-es-el-objetivo-de-la-fumigacion","tag-dengue","tag-donde-hay-mayor-indice-de-dengue-en-el-estado-de-veracruz","tag-drones-en-veracruz","tag-drones-en-veracruz-para-fumigar","tag-gobernadora-rocio-nahle-garcia","tag-juan-pablo-uribe-gonzalez","tag-la-secretaria-de-salud-incorpora-drones-para-aplicar-acciones-quimicas-contra-el-mosquito-aedes-aegypti","tag-objetivo-de-la-segunda-jornada-nacional-contra-el-dengue","tag-rocio-nahle-en-panuco","tag-secretaria-de-salud-de-veracruz","tag-secretario-de-salud-en-panuco","tag-secretario-de-salud-valentin-herrera-alarcon","tag-segunda-jornada-nacional-de-lucha-contra-el-dengue-y-otras-arbovirosis","tag-valentin-herrera-alarcon"],"_links":{"self":[{"href":"https:\/\/www.ssaver.gob.mx\/difusion\/wp-json\/wp\/v2\/posts\/5609","targetHints":{"allow":["GET"]}}],"collection":[{"href":"https:\/\/www.ssaver.gob.mx\/difusion\/wp-json\/wp\/v2\/posts"}],"about":[{"href":"https:\/\/www.ssaver.gob.mx\/difusion\/wp-json\/wp\/v2\/types\/post"}],"author":[{"embeddable":true,"href":"https:\/\/www.ssaver.gob.mx\/difusion\/wp-json\/wp\/v2\/users\/68"}],"replies":[{"embeddable":true,"href":"https:\/\/www.ssaver.gob.mx\/difusion\/wp-json\/wp\/v2\/comments?post=5609"}],"version-history":[{"count":1,"href":"https:\/\/www.ssaver.gob.mx\/difusion\/wp-json\/wp\/v2\/posts\/5609\/revisions"}],"predecessor-version":[{"id":5615,"href":"https:\/\/www.ssaver.gob.mx\/difusion\/wp-json\/wp\/v2\/posts\/5609\/revisions\/5615"}],"wp:featuredmedia":[{"embeddable":true,"href":"https:\/\/www.ssaver.gob.mx\/difusion\/wp-json\/wp\/v2\/media\/5616"}],"wp:attachment":[{"href":"https:\/\/www.ssaver.gob.mx\/difusion\/wp-json\/wp\/v2\/media?parent=5609"}],"wp:term":[{"taxonomy":"category","embeddable":true,"href":"https:\/\/www.ssaver.gob.mx\/difusion\/wp-json\/wp\/v2\/categories?post=5609"},{"taxonomy":"post_tag","embeddable":true,"href":"https:\/\/www.ssaver.gob.mx\/difusion\/wp-json\/wp\/v2\/tags?post=5609"}],"curies":[{"name":"wp","href":"https:\/\/api.w.org\/{rel}","templated":true}]}}