{"id":5617,"date":"2025-08-16T23:59:46","date_gmt":"2025-08-17T04:59:46","guid":{"rendered":"https:\/\/www.ssaver.gob.mx\/difusion\/?p=5617"},"modified":"2025-09-11T13:51:49","modified_gmt":"2025-09-11T18:51:49","slug":"tatahuicapan-recibe-operativo-integral-de-saneamiento-y-vigilancia-sanitaria-salud","status":"publish","type":"post","link":"https:\/\/www.ssaver.gob.mx\/difusion\/2025\/08\/16\/tatahuicapan-recibe-operativo-integral-de-saneamiento-y-vigilancia-sanitaria-salud\/","title":{"rendered":"Tatahuicapan recibe operativo integral de saneamiento y vigilancia sanitaria: Salud"},"content":{"rendered":"\n<p>&gt;Personal refuerza medidas de higiene en alimentos y agua potable.<\/p>\n\n\n\n<p class=\"has-medium-font-size\"><strong>Xalapa, Ver., s<\/strong><strong>\u00e1<\/strong><strong>bado 16 de agosto de 2025.-&nbsp;<\/strong>Ante el registro de casos de Enfermedad Diarreica Aguda (EDA), la Secretar\u00eda de Salud despleg\u00f3&nbsp;un operativo extraordinario de saneamiento b\u00e1sico y fomento sanitario en Tatahuicapan, para proteger la salud de la poblaci\u00f3n y prevenir nuevos contagios.<\/p>\n\n\n\n<figure class=\"wp-block-image aligncenter size-large is-resized\"><img loading=\"lazy\" decoding=\"async\" width=\"1024\" height=\"768\" src=\"https:\/\/www.ssaver.gob.mx\/difusion\/wp-content\/uploads\/sites\/23\/2025\/08\/WhatsApp-Image-2025-08-16-at-16.59.14-3-1024x768.jpeg\" alt=\"\" class=\"wp-image-5620\" style=\"width:1024px;height:auto\" srcset=\"https:\/\/www.ssaver.gob.mx\/difusion\/wp-content\/uploads\/sites\/23\/2025\/08\/WhatsApp-Image-2025-08-16-at-16.59.14-3-1024x768.jpeg 1024w, https:\/\/www.ssaver.gob.mx\/difusion\/wp-content\/uploads\/sites\/23\/2025\/08\/WhatsApp-Image-2025-08-16-at-16.59.14-3-300x225.jpeg 300w, https:\/\/www.ssaver.gob.mx\/difusion\/wp-content\/uploads\/sites\/23\/2025\/08\/WhatsApp-Image-2025-08-16-at-16.59.14-3-768x576.jpeg 768w, https:\/\/www.ssaver.gob.mx\/difusion\/wp-content\/uploads\/sites\/23\/2025\/08\/WhatsApp-Image-2025-08-16-at-16.59.14-3-1536x1152.jpeg 1536w, https:\/\/www.ssaver.gob.mx\/difusion\/wp-content\/uploads\/sites\/23\/2025\/08\/WhatsApp-Image-2025-08-16-at-16.59.14-3.jpeg 1600w\" sizes=\"auto, (max-width: 1024px) 100vw, 1024px\" \/><\/figure>\n\n\n\n<p class=\"has-medium-font-size\">Personal de Atenci\u00f3n M\u00e9dica, Promoci\u00f3n de la Salud, Vigilancia Epidemiol\u00f3gica, Riesgos Sanitarios y autoridades jurisdiccionales recorren comunidades para instruir a la poblaci\u00f3n sobre medidas de higiene y prevenci\u00f3n.&nbsp;<\/p>\n\n\n\n<figure class=\"wp-block-image aligncenter size-large\"><img loading=\"lazy\" decoding=\"async\" width=\"1024\" height=\"576\" src=\"https:\/\/www.ssaver.gob.mx\/difusion\/wp-content\/uploads\/sites\/23\/2025\/08\/WhatsApp-Image-2025-08-16-at-16.59.15-1-1024x576.jpeg\" alt=\"\" class=\"wp-image-5621\" srcset=\"https:\/\/www.ssaver.gob.mx\/difusion\/wp-content\/uploads\/sites\/23\/2025\/08\/WhatsApp-Image-2025-08-16-at-16.59.15-1-1024x576.jpeg 1024w, https:\/\/www.ssaver.gob.mx\/difusion\/wp-content\/uploads\/sites\/23\/2025\/08\/WhatsApp-Image-2025-08-16-at-16.59.15-1-300x169.jpeg 300w, https:\/\/www.ssaver.gob.mx\/difusion\/wp-content\/uploads\/sites\/23\/2025\/08\/WhatsApp-Image-2025-08-16-at-16.59.15-1-768x432.jpeg 768w, https:\/\/www.ssaver.gob.mx\/difusion\/wp-content\/uploads\/sites\/23\/2025\/08\/WhatsApp-Image-2025-08-16-at-16.59.15-1-1536x864.jpeg 1536w, https:\/\/www.ssaver.gob.mx\/difusion\/wp-content\/uploads\/sites\/23\/2025\/08\/WhatsApp-Image-2025-08-16-at-16.59.15-1.jpeg 1600w\" sizes=\"auto, (max-width: 1024px) 100vw, 1024px\" \/><\/figure>\n\n\n\n<p class=\"has-medium-font-size\">Entre las acciones destacan charlas sobre manejo higi\u00e9nico de alimentos; distribuci\u00f3n de insumos como plata coloidal, hipoclorito de sodio e hipoclorito de calcio para la desinfecci\u00f3n de agua y tanques de almacenamiento; supervisi\u00f3n sanitaria de establecimientos de alimentos y monitoreo del cloro residual en agua de uso y consumo humano.<\/p>\n\n\n\n<div class=\"wp-block-columns is-layout-flex wp-container-core-columns-is-layout-28f84493 wp-block-columns-is-layout-flex\">\n<div class=\"wp-block-column is-layout-flow wp-block-column-is-layout-flow\">\n<figure class=\"wp-block-image size-large\"><img loading=\"lazy\" decoding=\"async\" width=\"768\" height=\"1024\" src=\"https:\/\/www.ssaver.gob.mx\/difusion\/wp-content\/uploads\/sites\/23\/2025\/08\/WhatsApp-Image-2025-08-16-at-16.59.14-768x1024.jpeg\" alt=\"\" class=\"wp-image-5622\" srcset=\"https:\/\/www.ssaver.gob.mx\/difusion\/wp-content\/uploads\/sites\/23\/2025\/08\/WhatsApp-Image-2025-08-16-at-16.59.14-768x1024.jpeg 768w, https:\/\/www.ssaver.gob.mx\/difusion\/wp-content\/uploads\/sites\/23\/2025\/08\/WhatsApp-Image-2025-08-16-at-16.59.14-225x300.jpeg 225w, https:\/\/www.ssaver.gob.mx\/difusion\/wp-content\/uploads\/sites\/23\/2025\/08\/WhatsApp-Image-2025-08-16-at-16.59.14-1152x1536.jpeg 1152w, https:\/\/www.ssaver.gob.mx\/difusion\/wp-content\/uploads\/sites\/23\/2025\/08\/WhatsApp-Image-2025-08-16-at-16.59.14.jpeg 1200w\" sizes=\"auto, (max-width: 768px) 100vw, 768px\" \/><\/figure>\n<\/div>\n\n\n\n<div class=\"wp-block-column is-layout-flow wp-block-column-is-layout-flow\">\n<figure class=\"wp-block-image size-large\"><img loading=\"lazy\" decoding=\"async\" width=\"768\" height=\"1024\" src=\"https:\/\/www.ssaver.gob.mx\/difusion\/wp-content\/uploads\/sites\/23\/2025\/08\/WhatsApp-Image-2025-08-16-at-16.59.13-1-768x1024.jpeg\" alt=\"\" class=\"wp-image-5623\" srcset=\"https:\/\/www.ssaver.gob.mx\/difusion\/wp-content\/uploads\/sites\/23\/2025\/08\/WhatsApp-Image-2025-08-16-at-16.59.13-1-768x1024.jpeg 768w, https:\/\/www.ssaver.gob.mx\/difusion\/wp-content\/uploads\/sites\/23\/2025\/08\/WhatsApp-Image-2025-08-16-at-16.59.13-1-225x300.jpeg 225w, https:\/\/www.ssaver.gob.mx\/difusion\/wp-content\/uploads\/sites\/23\/2025\/08\/WhatsApp-Image-2025-08-16-at-16.59.13-1-1152x1536.jpeg 1152w, https:\/\/www.ssaver.gob.mx\/difusion\/wp-content\/uploads\/sites\/23\/2025\/08\/WhatsApp-Image-2025-08-16-at-16.59.13-1.jpeg 1200w\" sizes=\"auto, (max-width: 768px) 100vw, 768px\" \/><\/figure>\n<\/div>\n<\/div>\n\n\n\n<p class=\"has-medium-font-size\">Asimismo, se tomaron muestras para an\u00e1lisis microbiol\u00f3gico en el Laboratorio Estatal de Salud P\u00fablica de Veracruz; supervisi\u00f3n del manantial que abastece al municipio y se cloraron tres tanques de almacenamiento, as\u00ed&nbsp;como la cisterna del CESSA del municipio.<\/p>\n\n\n\n<figure class=\"wp-block-image aligncenter size-large\"><img loading=\"lazy\" decoding=\"async\" width=\"979\" height=\"1024\" src=\"https:\/\/www.ssaver.gob.mx\/difusion\/wp-content\/uploads\/sites\/23\/2025\/08\/WhatsApp-Image-2025-08-16-at-16.59.14-2-979x1024.jpeg\" alt=\"\" class=\"wp-image-5624\" srcset=\"https:\/\/www.ssaver.gob.mx\/difusion\/wp-content\/uploads\/sites\/23\/2025\/08\/WhatsApp-Image-2025-08-16-at-16.59.14-2-979x1024.jpeg 979w, https:\/\/www.ssaver.gob.mx\/difusion\/wp-content\/uploads\/sites\/23\/2025\/08\/WhatsApp-Image-2025-08-16-at-16.59.14-2-287x300.jpeg 287w, https:\/\/www.ssaver.gob.mx\/difusion\/wp-content\/uploads\/sites\/23\/2025\/08\/WhatsApp-Image-2025-08-16-at-16.59.14-2-768x804.jpeg 768w, https:\/\/www.ssaver.gob.mx\/difusion\/wp-content\/uploads\/sites\/23\/2025\/08\/WhatsApp-Image-2025-08-16-at-16.59.14-2-1468x1536.jpeg 1468w, https:\/\/www.ssaver.gob.mx\/difusion\/wp-content\/uploads\/sites\/23\/2025\/08\/WhatsApp-Image-2025-08-16-at-16.59.14-2.jpeg 1529w\" sizes=\"auto, (max-width: 979px) 100vw, 979px\" \/><\/figure>\n\n\n\n<p class=\"has-medium-font-size\">Estas acciones forman parte de una estrategia integral para garantizar el acceso a agua segura y reducir el riesgo de enfermedades de origen h\u00eddrico.<\/p>\n\n\n\n<figure class=\"wp-block-image aligncenter size-large\"><img loading=\"lazy\" decoding=\"async\" width=\"768\" height=\"1024\" src=\"https:\/\/www.ssaver.gob.mx\/difusion\/wp-content\/uploads\/sites\/23\/2025\/08\/WhatsApp-Image-2025-08-16-at-16.59.13-768x1024.jpeg\" alt=\"\" class=\"wp-image-5625\" srcset=\"https:\/\/www.ssaver.gob.mx\/difusion\/wp-content\/uploads\/sites\/23\/2025\/08\/WhatsApp-Image-2025-08-16-at-16.59.13-768x1024.jpeg 768w, https:\/\/www.ssaver.gob.mx\/difusion\/wp-content\/uploads\/sites\/23\/2025\/08\/WhatsApp-Image-2025-08-16-at-16.59.13-225x300.jpeg 225w, https:\/\/www.ssaver.gob.mx\/difusion\/wp-content\/uploads\/sites\/23\/2025\/08\/WhatsApp-Image-2025-08-16-at-16.59.13.jpeg 960w\" sizes=\"auto, (max-width: 768px) 100vw, 768px\" \/><\/figure>\n\n\n\n<p class=\"has-medium-font-size\">El Gobierno del Estado exhorta a la poblaci\u00f3n a acudir de inmediato al Centro de Salud m\u00e1s cercano si presenta s\u00edntomas de EDA, con el fin de recibir atenci\u00f3n oportuna y tratamiento adecuado.<\/p>\n\n\n\n<figure class=\"wp-block-image aligncenter size-large\"><img loading=\"lazy\" decoding=\"async\" width=\"1024\" height=\"768\" src=\"https:\/\/www.ssaver.gob.mx\/difusion\/wp-content\/uploads\/sites\/23\/2025\/08\/WhatsApp-Image-2025-08-16-at-16.59.15-2-1024x768.jpeg\" alt=\"\" class=\"wp-image-5626\" srcset=\"https:\/\/www.ssaver.gob.mx\/difusion\/wp-content\/uploads\/sites\/23\/2025\/08\/WhatsApp-Image-2025-08-16-at-16.59.15-2-1024x768.jpeg 1024w, https:\/\/www.ssaver.gob.mx\/difusion\/wp-content\/uploads\/sites\/23\/2025\/08\/WhatsApp-Image-2025-08-16-at-16.59.15-2-300x225.jpeg 300w, https:\/\/www.ssaver.gob.mx\/difusion\/wp-content\/uploads\/sites\/23\/2025\/08\/WhatsApp-Image-2025-08-16-at-16.59.15-2-768x576.jpeg 768w, https:\/\/www.ssaver.gob.mx\/difusion\/wp-content\/uploads\/sites\/23\/2025\/08\/WhatsApp-Image-2025-08-16-at-16.59.15-2-1536x1152.jpeg 1536w, https:\/\/www.ssaver.gob.mx\/difusion\/wp-content\/uploads\/sites\/23\/2025\/08\/WhatsApp-Image-2025-08-16-at-16.59.15-2.jpeg 1600w\" sizes=\"auto, (max-width: 1024px) 100vw, 1024px\" \/><\/figure>\n","protected":false},"excerpt":{"rendered":"<p>&gt;Personal refuerza medidas de higiene en alimentos y agua potable. Xalapa, Ver., s\u00e1bado 16 de agosto de 2025.-&nbsp;Ante el registro<\/p>\n","protected":false},"author":68,"featured_media":5618,"comment_status":"closed","ping_status":"closed","sticky":false,"template":"","format":"standard","meta":{"colormag_page_container_layout":"default_layout","colormag_page_sidebar_layout":"default_layout","footnotes":""},"categories":[111,115],"tags":[750,728,751,727,726,725,456,184,724],"class_list":["post-5617","post","type-post","status-publish","format-standard","has-post-thumbnail","hentry","category-boletines","category-general","tag-apoyo-del-director-general","tag-cessa-tatahuicapan","tag-juan-pablo-uribe-gonzalez","tag-laboratorio-estatal-de-salud-publica-de-veracruz","tag-personal-de-atencion-medica","tag-que-es-la-enfermedad-diarreica-aguda","tag-riesgos-sanitarios","tag-sesver","tag-tatahuicapan"],"_links":{"self":[{"href":"https:\/\/www.ssaver.gob.mx\/difusion\/wp-json\/wp\/v2\/posts\/5617","targetHints":{"allow":["GET"]}}],"collection":[{"href":"https:\/\/www.ssaver.gob.mx\/difusion\/wp-json\/wp\/v2\/posts"}],"about":[{"href":"https:\/\/www.ssaver.gob.mx\/difusion\/wp-json\/wp\/v2\/types\/post"}],"author":[{"embeddable":true,"href":"https:\/\/www.ssaver.gob.mx\/difusion\/wp-json\/wp\/v2\/users\/68"}],"replies":[{"embeddable":true,"href":"https:\/\/www.ssaver.gob.mx\/difusion\/wp-json\/wp\/v2\/comments?post=5617"}],"version-history":[{"count":1,"href":"https:\/\/www.ssaver.gob.mx\/difusion\/wp-json\/wp\/v2\/posts\/5617\/revisions"}],"predecessor-version":[{"id":5627,"href":"https:\/\/www.ssaver.gob.mx\/difusion\/wp-json\/wp\/v2\/posts\/5617\/revisions\/5627"}],"wp:featuredmedia":[{"embeddable":true,"href":"https:\/\/www.ssaver.gob.mx\/difusion\/wp-json\/wp\/v2\/media\/5618"}],"wp:attachment":[{"href":"https:\/\/www.ssaver.gob.mx\/difusion\/wp-json\/wp\/v2\/media?parent=5617"}],"wp:term":[{"taxonomy":"category","embeddable":true,"href":"https:\/\/www.ssaver.gob.mx\/difusion\/wp-json\/wp\/v2\/categories?post=5617"},{"taxonomy":"post_tag","embeddable":true,"href":"https:\/\/www.ssaver.gob.mx\/difusion\/wp-json\/wp\/v2\/tags?post=5617"}],"curies":[{"name":"wp","href":"https:\/\/api.w.org\/{rel}","templated":true}]}}