{"id":5628,"date":"2025-08-19T13:39:26","date_gmt":"2025-08-19T18:39:26","guid":{"rendered":"https:\/\/www.ssaver.gob.mx\/difusion\/?p=5628"},"modified":"2025-09-11T13:51:42","modified_gmt":"2025-09-11T18:51:42","slug":"veracruz-distribuye-5-millones-de-medicamentos-con-las-camionetitas-de-la-salud-y-logra-83-de-cobertura-rocio-nahle","status":"publish","type":"post","link":"https:\/\/www.ssaver.gob.mx\/difusion\/2025\/08\/19\/veracruz-distribuye-5-millones-de-medicamentos-con-las-camionetitas-de-la-salud-y-logra-83-de-cobertura-rocio-nahle\/","title":{"rendered":"Veracruz distribuye 5 millones de medicamentos con las Camionetitas de la Salud y logra 83\u00a0% de cobertura: Roc\u00edo Nahle"},"content":{"rendered":"\n<p>&gt;Con Rutas de la Salud, se&nbsp;alcanzar\u00e1 esta&nbsp;misma&nbsp;semana el 100 % de&nbsp;abasto.<\/p>\n\n\n\n<figure class=\"wp-block-image aligncenter size-large\"><img loading=\"lazy\" decoding=\"async\" width=\"1024\" height=\"682\" src=\"https:\/\/www.ssaver.gob.mx\/difusion\/wp-content\/uploads\/sites\/23\/2025\/08\/WhatsApp-Image-2025-08-19-at-11.43.06-1024x682.jpeg\" alt=\"\" class=\"wp-image-5638\" srcset=\"https:\/\/www.ssaver.gob.mx\/difusion\/wp-content\/uploads\/sites\/23\/2025\/08\/WhatsApp-Image-2025-08-19-at-11.43.06-1024x682.jpeg 1024w, https:\/\/www.ssaver.gob.mx\/difusion\/wp-content\/uploads\/sites\/23\/2025\/08\/WhatsApp-Image-2025-08-19-at-11.43.06-300x200.jpeg 300w, https:\/\/www.ssaver.gob.mx\/difusion\/wp-content\/uploads\/sites\/23\/2025\/08\/WhatsApp-Image-2025-08-19-at-11.43.06-768x512.jpeg 768w, https:\/\/www.ssaver.gob.mx\/difusion\/wp-content\/uploads\/sites\/23\/2025\/08\/WhatsApp-Image-2025-08-19-at-11.43.06-1536x1023.jpeg 1536w, https:\/\/www.ssaver.gob.mx\/difusion\/wp-content\/uploads\/sites\/23\/2025\/08\/WhatsApp-Image-2025-08-19-at-11.43.06.jpeg 1600w\" sizes=\"auto, (max-width: 1024px) 100vw, 1024px\" \/><\/figure>\n\n\n\n<p class=\"has-medium-font-size\"><strong>Xalapa, Ver., martes 19 de agosto de 2025.-<\/strong>&nbsp;El Gobierno de M\u00e9xico puso en marcha el programa Rutas de la Salud, estrategia nacional de distribuci\u00f3n de medicamentos que tiene su origen en Veracruz, donde la gobernadora Roc\u00edo Nahle Garc\u00eda implement\u00f3 el modelo de las Camionetitas de la Salud.<\/p>\n\n\n\n<figure class=\"wp-block-image aligncenter size-large\"><img loading=\"lazy\" decoding=\"async\" width=\"1024\" height=\"514\" src=\"https:\/\/www.ssaver.gob.mx\/difusion\/wp-content\/uploads\/sites\/23\/2025\/08\/WhatsApp-Image-2025-08-19-at-11.43.06-6-1024x514.jpeg\" alt=\"\" class=\"wp-image-5636\" srcset=\"https:\/\/www.ssaver.gob.mx\/difusion\/wp-content\/uploads\/sites\/23\/2025\/08\/WhatsApp-Image-2025-08-19-at-11.43.06-6-1024x514.jpeg 1024w, https:\/\/www.ssaver.gob.mx\/difusion\/wp-content\/uploads\/sites\/23\/2025\/08\/WhatsApp-Image-2025-08-19-at-11.43.06-6-300x150.jpeg 300w, https:\/\/www.ssaver.gob.mx\/difusion\/wp-content\/uploads\/sites\/23\/2025\/08\/WhatsApp-Image-2025-08-19-at-11.43.06-6-768x385.jpeg 768w, https:\/\/www.ssaver.gob.mx\/difusion\/wp-content\/uploads\/sites\/23\/2025\/08\/WhatsApp-Image-2025-08-19-at-11.43.06-6.jpeg 1280w\" sizes=\"auto, (max-width: 1024px) 100vw, 1024px\" \/><\/figure>\n\n\n\n<p class=\"has-medium-font-size\">En enlace con la Conferencia del Pueblo,\u00a0la Mandataria\u00a0inform\u00f3 que con la incorporaci\u00f3n de 29 nuevas\u00a0unidades de Rutas de la Salud, la entidad\u00a0alcanzar\u00e1 pr\u00e1cticamente el 100\u00a0% de cobertura\u00a0durante esta semana, a partir de ello\u00a0mantendr\u00e1 inventarios revisados semanalmente\u00a0garantizando\u00a0que\u00a0no\u00a0falten\u00a0las claves\u00a0en los hospitales y centros de salud.<\/p>\n\n\n\n<div class=\"wp-block-columns is-layout-flex wp-container-core-columns-is-layout-28f84493 wp-block-columns-is-layout-flex\">\n<div class=\"wp-block-column is-layout-flow wp-block-column-is-layout-flow\">\n<figure class=\"wp-block-image size-large\"><img loading=\"lazy\" decoding=\"async\" width=\"1024\" height=\"683\" src=\"https:\/\/www.ssaver.gob.mx\/difusion\/wp-content\/uploads\/sites\/23\/2025\/08\/WhatsApp-Image-2025-08-19-at-11.43.05-1024x683.jpeg\" alt=\"\" class=\"wp-image-5630\" srcset=\"https:\/\/www.ssaver.gob.mx\/difusion\/wp-content\/uploads\/sites\/23\/2025\/08\/WhatsApp-Image-2025-08-19-at-11.43.05-1024x683.jpeg 1024w, https:\/\/www.ssaver.gob.mx\/difusion\/wp-content\/uploads\/sites\/23\/2025\/08\/WhatsApp-Image-2025-08-19-at-11.43.05-300x200.jpeg 300w, https:\/\/www.ssaver.gob.mx\/difusion\/wp-content\/uploads\/sites\/23\/2025\/08\/WhatsApp-Image-2025-08-19-at-11.43.05-768x512.jpeg 768w, https:\/\/www.ssaver.gob.mx\/difusion\/wp-content\/uploads\/sites\/23\/2025\/08\/WhatsApp-Image-2025-08-19-at-11.43.05.jpeg 1280w\" sizes=\"auto, (max-width: 1024px) 100vw, 1024px\" \/><\/figure>\n<\/div>\n\n\n\n<div class=\"wp-block-column is-layout-flow wp-block-column-is-layout-flow\">\n<figure class=\"wp-block-image size-large\"><img loading=\"lazy\" decoding=\"async\" width=\"1024\" height=\"683\" src=\"https:\/\/www.ssaver.gob.mx\/difusion\/wp-content\/uploads\/sites\/23\/2025\/08\/WhatsApp-Image-2025-08-19-at-11.43.07-1024x683.jpeg\" alt=\"\" class=\"wp-image-5643\" srcset=\"https:\/\/www.ssaver.gob.mx\/difusion\/wp-content\/uploads\/sites\/23\/2025\/08\/WhatsApp-Image-2025-08-19-at-11.43.07-1024x683.jpeg 1024w, https:\/\/www.ssaver.gob.mx\/difusion\/wp-content\/uploads\/sites\/23\/2025\/08\/WhatsApp-Image-2025-08-19-at-11.43.07-300x200.jpeg 300w, https:\/\/www.ssaver.gob.mx\/difusion\/wp-content\/uploads\/sites\/23\/2025\/08\/WhatsApp-Image-2025-08-19-at-11.43.07-768x512.jpeg 768w, https:\/\/www.ssaver.gob.mx\/difusion\/wp-content\/uploads\/sites\/23\/2025\/08\/WhatsApp-Image-2025-08-19-at-11.43.07.jpeg 1280w\" sizes=\"auto, (max-width: 1024px) 100vw, 1024px\" \/><\/figure>\n<\/div>\n<\/div>\n\n\n\n<p class=\"has-medium-font-size\">Desde el almac\u00e9n central de la Secretar\u00eda de Salud\u00a0destac\u00f3 que, con el modelo iniciado en diciembre y en los \u00faltimos tres meses, se han entregado\u00a0m\u00e1s de cinco millones de piezas,\u00a0logrando un 83% de cobertura en 212 municipios, 816 centros de salud, 60 hospitales y 4 oncol\u00f3gicos. <\/p>\n\n\n\n<figure class=\"wp-block-image aligncenter size-large\"><img loading=\"lazy\" decoding=\"async\" width=\"1024\" height=\"576\" src=\"https:\/\/www.ssaver.gob.mx\/difusion\/wp-content\/uploads\/sites\/23\/2025\/08\/WhatsApp-Image-2025-08-19-at-11.43.07-1-1024x576.jpeg\" alt=\"\" class=\"wp-image-5639\" srcset=\"https:\/\/www.ssaver.gob.mx\/difusion\/wp-content\/uploads\/sites\/23\/2025\/08\/WhatsApp-Image-2025-08-19-at-11.43.07-1-1024x576.jpeg 1024w, https:\/\/www.ssaver.gob.mx\/difusion\/wp-content\/uploads\/sites\/23\/2025\/08\/WhatsApp-Image-2025-08-19-at-11.43.07-1-300x169.jpeg 300w, https:\/\/www.ssaver.gob.mx\/difusion\/wp-content\/uploads\/sites\/23\/2025\/08\/WhatsApp-Image-2025-08-19-at-11.43.07-1-768x432.jpeg 768w, https:\/\/www.ssaver.gob.mx\/difusion\/wp-content\/uploads\/sites\/23\/2025\/08\/WhatsApp-Image-2025-08-19-at-11.43.07-1-1536x864.jpeg 1536w, https:\/\/www.ssaver.gob.mx\/difusion\/wp-content\/uploads\/sites\/23\/2025\/08\/WhatsApp-Image-2025-08-19-at-11.43.07-1-2048x1152.jpeg 2048w\" sizes=\"auto, (max-width: 1024px) 100vw, 1024px\" \/><\/figure>\n\n\n\n<p class=\"has-medium-font-size\">En la misma transmisi\u00f3n, el director general del IMSS-Bienestar, Alejandro\u00a0SvarchP\u00e9rez, subray\u00f3 que las Rutas de la Salud representan la estrategia m\u00e1s trascendente en materia de abasto desde la creaci\u00f3n de la instituci\u00f3n.<\/p>\n\n\n\n<div class=\"wp-block-columns is-layout-flex wp-container-core-columns-is-layout-28f84493 wp-block-columns-is-layout-flex\">\n<div class=\"wp-block-column is-layout-flow wp-block-column-is-layout-flow\">\n<figure class=\"wp-block-image aligncenter size-large is-resized\"><img loading=\"lazy\" decoding=\"async\" width=\"1024\" height=\"683\" src=\"https:\/\/www.ssaver.gob.mx\/difusion\/wp-content\/uploads\/sites\/23\/2025\/08\/WhatsApp-Image-2025-08-19-at-11.43.05-1-1024x683.jpeg\" alt=\"\" class=\"wp-image-5629\" style=\"width:1024px;height:auto\" srcset=\"https:\/\/www.ssaver.gob.mx\/difusion\/wp-content\/uploads\/sites\/23\/2025\/08\/WhatsApp-Image-2025-08-19-at-11.43.05-1-1024x683.jpeg 1024w, https:\/\/www.ssaver.gob.mx\/difusion\/wp-content\/uploads\/sites\/23\/2025\/08\/WhatsApp-Image-2025-08-19-at-11.43.05-1-300x200.jpeg 300w, https:\/\/www.ssaver.gob.mx\/difusion\/wp-content\/uploads\/sites\/23\/2025\/08\/WhatsApp-Image-2025-08-19-at-11.43.05-1-768x512.jpeg 768w, https:\/\/www.ssaver.gob.mx\/difusion\/wp-content\/uploads\/sites\/23\/2025\/08\/WhatsApp-Image-2025-08-19-at-11.43.05-1.jpeg 1280w\" sizes=\"auto, (max-width: 1024px) 100vw, 1024px\" \/><\/figure>\n<\/div>\n<\/div>\n\n\n\n<p class=\"has-medium-font-size\">\u201cEs&nbsp;mucho m\u00e1s que un modelo de distribuci\u00f3n, es la garant\u00eda de que cada m\u00e9dico cuente con lo necesario y que cada paciente encuentre lo que requiere en su consulta. Con paquetes log\u00edsticos homologados de 147 medicamentos por unidad, aseguramos un abasto completo y continuo cada mes en todas las cl\u00ednicas del IMSS-Bienestar\u201d.<\/p>\n\n\n\n<div class=\"wp-block-columns is-layout-flex wp-container-core-columns-is-layout-28f84493 wp-block-columns-is-layout-flex\">\n<div class=\"wp-block-column is-layout-flow wp-block-column-is-layout-flow\">\n<figure class=\"wp-block-image size-large\"><img loading=\"lazy\" decoding=\"async\" width=\"1024\" height=\"683\" src=\"https:\/\/www.ssaver.gob.mx\/difusion\/wp-content\/uploads\/sites\/23\/2025\/08\/WhatsApp-Image-2025-08-19-at-11.43.06-5-1024x683.jpeg\" alt=\"\" class=\"wp-image-5635\" srcset=\"https:\/\/www.ssaver.gob.mx\/difusion\/wp-content\/uploads\/sites\/23\/2025\/08\/WhatsApp-Image-2025-08-19-at-11.43.06-5-1024x683.jpeg 1024w, https:\/\/www.ssaver.gob.mx\/difusion\/wp-content\/uploads\/sites\/23\/2025\/08\/WhatsApp-Image-2025-08-19-at-11.43.06-5-300x200.jpeg 300w, https:\/\/www.ssaver.gob.mx\/difusion\/wp-content\/uploads\/sites\/23\/2025\/08\/WhatsApp-Image-2025-08-19-at-11.43.06-5-768x512.jpeg 768w, https:\/\/www.ssaver.gob.mx\/difusion\/wp-content\/uploads\/sites\/23\/2025\/08\/WhatsApp-Image-2025-08-19-at-11.43.06-5.jpeg 1280w\" sizes=\"auto, (max-width: 1024px) 100vw, 1024px\" \/><\/figure>\n<\/div>\n\n\n\n<div class=\"wp-block-column is-layout-flow wp-block-column-is-layout-flow\">\n<figure class=\"wp-block-image size-large\"><img loading=\"lazy\" decoding=\"async\" width=\"1024\" height=\"683\" src=\"https:\/\/www.ssaver.gob.mx\/difusion\/wp-content\/uploads\/sites\/23\/2025\/08\/WhatsApp-Image-2025-08-19-at-11.43.07-4-1024x683.jpeg\" alt=\"\" class=\"wp-image-5641\" srcset=\"https:\/\/www.ssaver.gob.mx\/difusion\/wp-content\/uploads\/sites\/23\/2025\/08\/WhatsApp-Image-2025-08-19-at-11.43.07-4-1024x683.jpeg 1024w, https:\/\/www.ssaver.gob.mx\/difusion\/wp-content\/uploads\/sites\/23\/2025\/08\/WhatsApp-Image-2025-08-19-at-11.43.07-4-300x200.jpeg 300w, https:\/\/www.ssaver.gob.mx\/difusion\/wp-content\/uploads\/sites\/23\/2025\/08\/WhatsApp-Image-2025-08-19-at-11.43.07-4-768x512.jpeg 768w, https:\/\/www.ssaver.gob.mx\/difusion\/wp-content\/uploads\/sites\/23\/2025\/08\/WhatsApp-Image-2025-08-19-at-11.43.07-4-1536x1024.jpeg 1536w, https:\/\/www.ssaver.gob.mx\/difusion\/wp-content\/uploads\/sites\/23\/2025\/08\/WhatsApp-Image-2025-08-19-at-11.43.07-4-2048x1365.jpeg 2048w\" sizes=\"auto, (max-width: 1024px) 100vw, 1024px\" \/><\/figure>\n<\/div>\n<\/div>\n\n\n\n<p class=\"has-medium-font-size\">Precis\u00f3&nbsp;que en la \u00faltima semana se prepararon m\u00e1s de 10 mil paquetes con 15 millones de piezas de medicamentos y material de curaci\u00f3n, que entre hoy y el s\u00e1bado 23 de agosto ser\u00e1n distribuidos en las 23 entidades participantes.<\/p>\n\n\n\n<figure class=\"wp-block-image aligncenter size-large\"><img loading=\"lazy\" decoding=\"async\" width=\"1024\" height=\"683\" src=\"https:\/\/www.ssaver.gob.mx\/difusion\/wp-content\/uploads\/sites\/23\/2025\/08\/WhatsApp-Image-2025-08-19-at-11.43.06-2-1024x683.jpeg\" alt=\"\" class=\"wp-image-5632\" srcset=\"https:\/\/www.ssaver.gob.mx\/difusion\/wp-content\/uploads\/sites\/23\/2025\/08\/WhatsApp-Image-2025-08-19-at-11.43.06-2-1024x683.jpeg 1024w, https:\/\/www.ssaver.gob.mx\/difusion\/wp-content\/uploads\/sites\/23\/2025\/08\/WhatsApp-Image-2025-08-19-at-11.43.06-2-300x200.jpeg 300w, https:\/\/www.ssaver.gob.mx\/difusion\/wp-content\/uploads\/sites\/23\/2025\/08\/WhatsApp-Image-2025-08-19-at-11.43.06-2-768x512.jpeg 768w, https:\/\/www.ssaver.gob.mx\/difusion\/wp-content\/uploads\/sites\/23\/2025\/08\/WhatsApp-Image-2025-08-19-at-11.43.06-2.jpeg 1280w\" sizes=\"auto, (max-width: 1024px) 100vw, 1024px\" \/><\/figure>\n\n\n\n<p><\/p>\n\n\n\n<figure class=\"wp-block-image aligncenter size-large\"><img loading=\"lazy\" decoding=\"async\" width=\"1024\" height=\"683\" src=\"https:\/\/www.ssaver.gob.mx\/difusion\/wp-content\/uploads\/sites\/23\/2025\/08\/WhatsApp-Image-2025-08-19-at-11.43.06-4-1024x683.jpeg\" alt=\"\" class=\"wp-image-5634\" srcset=\"https:\/\/www.ssaver.gob.mx\/difusion\/wp-content\/uploads\/sites\/23\/2025\/08\/WhatsApp-Image-2025-08-19-at-11.43.06-4-1024x683.jpeg 1024w, https:\/\/www.ssaver.gob.mx\/difusion\/wp-content\/uploads\/sites\/23\/2025\/08\/WhatsApp-Image-2025-08-19-at-11.43.06-4-300x200.jpeg 300w, https:\/\/www.ssaver.gob.mx\/difusion\/wp-content\/uploads\/sites\/23\/2025\/08\/WhatsApp-Image-2025-08-19-at-11.43.06-4-768x512.jpeg 768w, https:\/\/www.ssaver.gob.mx\/difusion\/wp-content\/uploads\/sites\/23\/2025\/08\/WhatsApp-Image-2025-08-19-at-11.43.06-4.jpeg 1280w\" sizes=\"auto, (max-width: 1024px) 100vw, 1024px\" \/><\/figure>\n\n\n\n<p class=\"has-medium-font-size\">Cada kit contiene\u00a0f\u00e1rmacos\u00a0esenciales \u2014como antihipertensivos, analg\u00e9sicos e hipoglucemiantes\u2014 en un volumen estandarizado equivalente a la demanda mensual de cada centro de salud, garantizando un suministro estable, permanente y gratuito para la poblaci\u00f3n. <\/p>\n\n\n\n<p><\/p>\n\n\n\n<p><\/p>\n","protected":false},"excerpt":{"rendered":"<p>&gt;Con Rutas de la Salud, se&nbsp;alcanzar\u00e1 esta&nbsp;misma&nbsp;semana el 100 % de&nbsp;abasto. Xalapa, Ver., martes 19 de agosto de 2025.-&nbsp;El Gobierno<\/p>\n","protected":false},"author":68,"featured_media":5644,"comment_status":"closed","ping_status":"closed","sticky":false,"template":"","format":"standard","meta":{"colormag_page_container_layout":"default_layout","colormag_page_sidebar_layout":"default_layout","footnotes":""},"categories":[111,115],"tags":[750,631,682,729,212,751,731,730,300,662,226,732],"class_list":["post-5628","post","type-post","status-publish","format-standard","has-post-thumbnail","hentry","category-boletines","category-general","tag-apoyo-del-director-general","tag-camionetitas-de-la-salud","tag-doctor-valentin-herrera-alarcon","tag-estrategia-nacional-de-distribucion-de-medicamentos","tag-gobierno-de-mexico","tag-juan-pablo-uribe-gonzalez","tag-medicamentos-en-el-estado-de-veracruz","tag-medicamentos-imss-bienestar","tag-rocio-nahle","tag-rutas-de-la-salud","tag-secretaria-de-salud","tag-veracruz-distribuye-5-millones-de-medicamentos-con-las-camionetitas-de-la-salud"],"_links":{"self":[{"href":"https:\/\/www.ssaver.gob.mx\/difusion\/wp-json\/wp\/v2\/posts\/5628","targetHints":{"allow":["GET"]}}],"collection":[{"href":"https:\/\/www.ssaver.gob.mx\/difusion\/wp-json\/wp\/v2\/posts"}],"about":[{"href":"https:\/\/www.ssaver.gob.mx\/difusion\/wp-json\/wp\/v2\/types\/post"}],"author":[{"embeddable":true,"href":"https:\/\/www.ssaver.gob.mx\/difusion\/wp-json\/wp\/v2\/users\/68"}],"replies":[{"embeddable":true,"href":"https:\/\/www.ssaver.gob.mx\/difusion\/wp-json\/wp\/v2\/comments?post=5628"}],"version-history":[{"count":1,"href":"https:\/\/www.ssaver.gob.mx\/difusion\/wp-json\/wp\/v2\/posts\/5628\/revisions"}],"predecessor-version":[{"id":5645,"href":"https:\/\/www.ssaver.gob.mx\/difusion\/wp-json\/wp\/v2\/posts\/5628\/revisions\/5645"}],"wp:featuredmedia":[{"embeddable":true,"href":"https:\/\/www.ssaver.gob.mx\/difusion\/wp-json\/wp\/v2\/media\/5644"}],"wp:attachment":[{"href":"https:\/\/www.ssaver.gob.mx\/difusion\/wp-json\/wp\/v2\/media?parent=5628"}],"wp:term":[{"taxonomy":"category","embeddable":true,"href":"https:\/\/www.ssaver.gob.mx\/difusion\/wp-json\/wp\/v2\/categories?post=5628"},{"taxonomy":"post_tag","embeddable":true,"href":"https:\/\/www.ssaver.gob.mx\/difusion\/wp-json\/wp\/v2\/tags?post=5628"}],"curies":[{"name":"wp","href":"https:\/\/api.w.org\/{rel}","templated":true}]}}