{"id":5647,"date":"2025-08-21T17:41:58","date_gmt":"2025-08-21T22:41:58","guid":{"rendered":"https:\/\/www.ssaver.gob.mx\/difusion\/?p=5647"},"modified":"2025-09-11T13:51:32","modified_gmt":"2025-09-11T18:51:32","slug":"exitosos-trasplantes-renales-a-dos-jovenes-gracias-a-la-donacion-de-organos","status":"publish","type":"post","link":"https:\/\/www.ssaver.gob.mx\/difusion\/2025\/08\/21\/exitosos-trasplantes-renales-a-dos-jovenes-gracias-a-la-donacion-de-organos\/","title":{"rendered":"Exitosos trasplantes renales a dos j\u00f3venes\u00a0gracias a la donaci\u00f3n de \u00f3rganos"},"content":{"rendered":"\n<p>&gt;El CAE&nbsp;suma 163 transferencias&nbsp;de ri\u00f1\u00f3n realizados.<\/p>\n\n\n\n<figure class=\"wp-block-image aligncenter size-large\"><img loading=\"lazy\" decoding=\"async\" width=\"1024\" height=\"710\" src=\"https:\/\/www.ssaver.gob.mx\/difusion\/wp-content\/uploads\/sites\/23\/2025\/08\/WhatsApp-Image-2025-08-21-at-15.05.56-1-1024x710.jpeg\" alt=\"\" class=\"wp-image-5651\" srcset=\"https:\/\/www.ssaver.gob.mx\/difusion\/wp-content\/uploads\/sites\/23\/2025\/08\/WhatsApp-Image-2025-08-21-at-15.05.56-1-1024x710.jpeg 1024w, https:\/\/www.ssaver.gob.mx\/difusion\/wp-content\/uploads\/sites\/23\/2025\/08\/WhatsApp-Image-2025-08-21-at-15.05.56-1-300x208.jpeg 300w, https:\/\/www.ssaver.gob.mx\/difusion\/wp-content\/uploads\/sites\/23\/2025\/08\/WhatsApp-Image-2025-08-21-at-15.05.56-1-768x533.jpeg 768w, https:\/\/www.ssaver.gob.mx\/difusion\/wp-content\/uploads\/sites\/23\/2025\/08\/WhatsApp-Image-2025-08-21-at-15.05.56-1-1536x1066.jpeg 1536w, https:\/\/www.ssaver.gob.mx\/difusion\/wp-content\/uploads\/sites\/23\/2025\/08\/WhatsApp-Image-2025-08-21-at-15.05.56-1-392x272.jpeg 392w, https:\/\/www.ssaver.gob.mx\/difusion\/wp-content\/uploads\/sites\/23\/2025\/08\/WhatsApp-Image-2025-08-21-at-15.05.56-1-130x90.jpeg 130w, https:\/\/www.ssaver.gob.mx\/difusion\/wp-content\/uploads\/sites\/23\/2025\/08\/WhatsApp-Image-2025-08-21-at-15.05.56-1.jpeg 1600w\" sizes=\"auto, (max-width: 1024px) 100vw, 1024px\" \/><\/figure>\n\n\n\n<p class=\"has-medium-font-size\"><strong>Xalapa, Ver.,&nbsp;<\/strong><strong>jueves 21 de agosto de 2025.-<\/strong><strong>&nbsp;<\/strong>La Secretar\u00eda de Salud (SS) realiz\u00f3 con \u00e9xito dos trasplantes de ri\u00f1\u00f3n&nbsp;en el Centro de Alta Especialidad (CAE) Dr. Rafael Lucio. Gracias a la generosidad de las personas donadoras y al trabajo coordinado del personal m\u00e9dico,&nbsp;Alondra Gonz\u00e1lez Dom\u00ednguez y Selena Hern\u00e1ndez Aburto, hoy tienen una nueva oportunidad de vida.<\/p>\n\n\n\n<p class=\"has-medium-font-size\">La obtenci\u00f3n&nbsp;de \u00f3rganos se llev\u00f3 a cabo en el Hospital de Alta Especialidad de Veracruz y fueron trasladados a Xalapa, donde se activaron los protocolos m\u00e9dicos correspondientes para realizar&nbsp;las intervenciones quir\u00fargicas de las pacientes en lista de espera.<\/p>\n\n\n\n<p class=\"has-medium-font-size\">Alondra, de 27&nbsp;a\u00f1os, originaria&nbsp;de Emiliano Zapata, naci\u00f3 con un solo ri\u00f1\u00f3n. Tras cuatro a\u00f1os en tratamiento de&nbsp;di\u00e1lisis, recibi\u00f3 el \u00f3rgano&nbsp;que le brindar\u00e1 una mejor calidad de vida. \u201cCuando me dijeron que me iban a&nbsp;trasplantar, no lo pod\u00eda creer, quiero seguir estudiando y trabajar; quiero ser maestra de primaria\u201d, expres\u00f3 al recibir el alta m\u00e9dica.<\/p>\n\n\n\n<figure class=\"wp-block-image aligncenter size-large\"><img loading=\"lazy\" decoding=\"async\" width=\"1024\" height=\"646\" src=\"https:\/\/www.ssaver.gob.mx\/difusion\/wp-content\/uploads\/sites\/23\/2025\/08\/WhatsApp-Image-2025-08-21-at-15.05.55-1-1024x646.jpeg\" alt=\"\" class=\"wp-image-5652\" srcset=\"https:\/\/www.ssaver.gob.mx\/difusion\/wp-content\/uploads\/sites\/23\/2025\/08\/WhatsApp-Image-2025-08-21-at-15.05.55-1-1024x646.jpeg 1024w, https:\/\/www.ssaver.gob.mx\/difusion\/wp-content\/uploads\/sites\/23\/2025\/08\/WhatsApp-Image-2025-08-21-at-15.05.55-1-300x189.jpeg 300w, https:\/\/www.ssaver.gob.mx\/difusion\/wp-content\/uploads\/sites\/23\/2025\/08\/WhatsApp-Image-2025-08-21-at-15.05.55-1-768x484.jpeg 768w, https:\/\/www.ssaver.gob.mx\/difusion\/wp-content\/uploads\/sites\/23\/2025\/08\/WhatsApp-Image-2025-08-21-at-15.05.55-1-1536x969.jpeg 1536w, https:\/\/www.ssaver.gob.mx\/difusion\/wp-content\/uploads\/sites\/23\/2025\/08\/WhatsApp-Image-2025-08-21-at-15.05.55-1.jpeg 1600w\" sizes=\"auto, (max-width: 1024px) 100vw, 1024px\" \/><\/figure>\n\n\n\n<p class=\"has-medium-font-size\">Selena, de 29 a\u00f1os y oriunda de Jalacingo, fue diagnosticada con insuficiencia renal cr\u00f3nica. Recuerda el momento en que recibi\u00f3 la llamada que cambiar\u00eda su vida. Tras su recuperaci\u00f3n, espera retomar su vida junto a su hijo de nueve a\u00f1os.<\/p>\n\n\n\n<p class=\"has-medium-font-size\">El&nbsp;nefr\u00f3logo del CAE,&nbsp;Benjam\u00edn Castro Miranda, inform\u00f3 que estos procedimientos corresponden a&nbsp;los trasplantes de ri\u00f1\u00f3n n\u00famero 162 y 163 realizados en esa unidad m\u00e9dica de especialidad. \u201cFue&nbsp;una&nbsp;cirug\u00eda extraordinaria; la funci\u00f3n renal fue inmediata y las pacientes se han recuperado favorablemente\u201d, afirm\u00f3.<\/p>\n\n\n\n<p class=\"has-medium-font-size\">Por su parte, el especialista Francisco&nbsp;Ma\u00f1\u00f3n, destac\u00f3 que dicha intervenci\u00f3n&nbsp;es la mejor opci\u00f3n para los pacientes con insuficiencia renal&nbsp;terminal, \u201cofrece una mayor esperanza y calidad de vida, comparado con tratamientos sustitutivos como la di\u00e1lisis\u201d, explic\u00f3.<\/p>\n\n\n\n<p class=\"has-medium-font-size\">La SS\u00a0reitera el llamado a\u00a0la poblaci\u00f3n\u00a0a informarse y sumarse a la cultura de la donaci\u00f3n de \u00f3rganos, un acto que salva vidas y brinda esperanza a miles de personas que esperan una segunda oportunidad. <\/p>\n","protected":false},"excerpt":{"rendered":"<p>&gt;El CAE&nbsp;suma 163 transferencias&nbsp;de ri\u00f1\u00f3n realizados. Xalapa, Ver.,&nbsp;jueves 21 de agosto de 2025.-&nbsp;La Secretar\u00eda de Salud (SS) realiz\u00f3 con \u00e9xito<\/p>\n","protected":false},"author":68,"featured_media":5648,"comment_status":"closed","ping_status":"closed","sticky":false,"template":"","format":"standard","meta":{"colormag_page_container_layout":"default_layout","colormag_page_sidebar_layout":"default_layout","footnotes":""},"categories":[111,115],"tags":[750,734,735,630,751,189,570,733],"class_list":["post-5647","post","type-post","status-publish","format-standard","has-post-thumbnail","hentry","category-boletines","category-general","tag-apoyo-del-director-general","tag-cae","tag-especialista-francisco-manon","tag-hospital-de-alta-especialidad-de-veracruz","tag-juan-pablo-uribe-gonzalez","tag-secretaria-de-salud-de-veracruz","tag-ss","tag-trasplantes-en-veracruz"],"_links":{"self":[{"href":"https:\/\/www.ssaver.gob.mx\/difusion\/wp-json\/wp\/v2\/posts\/5647","targetHints":{"allow":["GET"]}}],"collection":[{"href":"https:\/\/www.ssaver.gob.mx\/difusion\/wp-json\/wp\/v2\/posts"}],"about":[{"href":"https:\/\/www.ssaver.gob.mx\/difusion\/wp-json\/wp\/v2\/types\/post"}],"author":[{"embeddable":true,"href":"https:\/\/www.ssaver.gob.mx\/difusion\/wp-json\/wp\/v2\/users\/68"}],"replies":[{"embeddable":true,"href":"https:\/\/www.ssaver.gob.mx\/difusion\/wp-json\/wp\/v2\/comments?post=5647"}],"version-history":[{"count":1,"href":"https:\/\/www.ssaver.gob.mx\/difusion\/wp-json\/wp\/v2\/posts\/5647\/revisions"}],"predecessor-version":[{"id":5653,"href":"https:\/\/www.ssaver.gob.mx\/difusion\/wp-json\/wp\/v2\/posts\/5647\/revisions\/5653"}],"wp:featuredmedia":[{"embeddable":true,"href":"https:\/\/www.ssaver.gob.mx\/difusion\/wp-json\/wp\/v2\/media\/5648"}],"wp:attachment":[{"href":"https:\/\/www.ssaver.gob.mx\/difusion\/wp-json\/wp\/v2\/media?parent=5647"}],"wp:term":[{"taxonomy":"category","embeddable":true,"href":"https:\/\/www.ssaver.gob.mx\/difusion\/wp-json\/wp\/v2\/categories?post=5647"},{"taxonomy":"post_tag","embeddable":true,"href":"https:\/\/www.ssaver.gob.mx\/difusion\/wp-json\/wp\/v2\/tags?post=5647"}],"curies":[{"name":"wp","href":"https:\/\/api.w.org\/{rel}","templated":true}]}}