{"id":5656,"date":"2025-08-27T18:12:58","date_gmt":"2025-08-27T23:12:58","guid":{"rendered":"https:\/\/www.ssaver.gob.mx\/difusion\/?p=5656"},"modified":"2025-09-11T13:51:26","modified_gmt":"2025-09-11T18:51:26","slug":"veracruz-apuesta-por-un-modelo-integral-y-humano-de-salud-al-celebrar-40-anos-del-hospital-de-rio-blanco","status":"publish","type":"post","link":"https:\/\/www.ssaver.gob.mx\/difusion\/2025\/08\/27\/veracruz-apuesta-por-un-modelo-integral-y-humano-de-salud-al-celebrar-40-anos-del-hospital-de-rio-blanco\/","title":{"rendered":"Veracruz apuesta por un modelo integral y humano de salud al celebrar 40 a\u00f1os del Hospital de R\u00edo Blanco"},"content":{"rendered":"\n<p>&gt;La&nbsp;atenci\u00f3n&nbsp;se transforma con m\u00e1s prevenci\u00f3n y menos saturaci\u00f3n hospitalaria.<\/p>\n\n\n\n<p class=\"has-medium-font-size\"><strong>R\u00edo Blanco<\/strong><strong>, Ver.,&nbsp;<\/strong><strong>mi\u00e9rcoles 27<\/strong><a><\/a><strong>&nbsp;de agosto<\/strong><strong>&nbsp;de 2025.-<\/strong>&nbsp;En el marco del 40\u00b0 aniversario del Hospital Regional de R\u00edo Blanco, la Secretar\u00eda de Salud reafirm\u00f3 su compromiso con la transformaci\u00f3n del sistema sanitario en Veracruz, orientado a fortalecer la atenci\u00f3n primaria, prevenir enfermedades cr\u00f3nicas y promover una cultura de bienestar.<\/p>\n\n\n\n<figure class=\"wp-block-image aligncenter size-large\"><img loading=\"lazy\" decoding=\"async\" width=\"1024\" height=\"682\" src=\"https:\/\/www.ssaver.gob.mx\/difusion\/wp-content\/uploads\/sites\/23\/2025\/08\/WhatsApp-Image-2025-08-27-at-16.46.13-1024x682.jpeg\" alt=\"\" class=\"wp-image-5658\" srcset=\"https:\/\/www.ssaver.gob.mx\/difusion\/wp-content\/uploads\/sites\/23\/2025\/08\/WhatsApp-Image-2025-08-27-at-16.46.13-1024x682.jpeg 1024w, https:\/\/www.ssaver.gob.mx\/difusion\/wp-content\/uploads\/sites\/23\/2025\/08\/WhatsApp-Image-2025-08-27-at-16.46.13-300x200.jpeg 300w, https:\/\/www.ssaver.gob.mx\/difusion\/wp-content\/uploads\/sites\/23\/2025\/08\/WhatsApp-Image-2025-08-27-at-16.46.13-768x512.jpeg 768w, https:\/\/www.ssaver.gob.mx\/difusion\/wp-content\/uploads\/sites\/23\/2025\/08\/WhatsApp-Image-2025-08-27-at-16.46.13-1536x1023.jpeg 1536w, https:\/\/www.ssaver.gob.mx\/difusion\/wp-content\/uploads\/sites\/23\/2025\/08\/WhatsApp-Image-2025-08-27-at-16.46.13.jpeg 1600w\" sizes=\"auto, (max-width: 1024px) 100vw, 1024px\" \/><\/figure>\n\n\n\n<p class=\"has-medium-font-size\">El titular de la dependencia, Valent\u00edn Herrera Alarc\u00f3n, reconoci\u00f3 la labor de las y los profesionales que durante cuatro d\u00e9cadas han hecho del hospital un referente de servicio y entrega a la poblaci\u00f3n, \u201ccelebrar este aniversario es tambi\u00e9n mirar hacia el futuro: necesitamos un sistema de salud m\u00e1s justo, accesible y centrado en las personas\u201d.<\/p>\n\n\n\n<figure class=\"wp-block-image aligncenter size-large\"><img loading=\"lazy\" decoding=\"async\" width=\"1024\" height=\"682\" src=\"https:\/\/www.ssaver.gob.mx\/difusion\/wp-content\/uploads\/sites\/23\/2025\/08\/WhatsApp-Image-2025-08-27-at-16.46.14-1024x682.jpeg\" alt=\"\" class=\"wp-image-5660\" srcset=\"https:\/\/www.ssaver.gob.mx\/difusion\/wp-content\/uploads\/sites\/23\/2025\/08\/WhatsApp-Image-2025-08-27-at-16.46.14-1024x682.jpeg 1024w, https:\/\/www.ssaver.gob.mx\/difusion\/wp-content\/uploads\/sites\/23\/2025\/08\/WhatsApp-Image-2025-08-27-at-16.46.14-300x200.jpeg 300w, https:\/\/www.ssaver.gob.mx\/difusion\/wp-content\/uploads\/sites\/23\/2025\/08\/WhatsApp-Image-2025-08-27-at-16.46.14-768x512.jpeg 768w, https:\/\/www.ssaver.gob.mx\/difusion\/wp-content\/uploads\/sites\/23\/2025\/08\/WhatsApp-Image-2025-08-27-at-16.46.14-1536x1023.jpeg 1536w, https:\/\/www.ssaver.gob.mx\/difusion\/wp-content\/uploads\/sites\/23\/2025\/08\/WhatsApp-Image-2025-08-27-at-16.46.14.jpeg 1600w\" sizes=\"auto, (max-width: 1024px) 100vw, 1024px\" \/><\/figure>\n\n\n\n<p class=\"has-medium-font-size\">Subray\u00f3 que la prioridad del estado es consolidar el Primer Nivel de atenci\u00f3n para evitar la saturaci\u00f3n de hospitales de especialidad, atender de manera preventiva padecimientos cr\u00f3nicos como diabetes, obesidad, insuficiencia renal y cardiovascular, e impulsar la educaci\u00f3n en salud, la nutrici\u00f3n y la actividad f\u00edsica.<\/p>\n\n\n\n<p class=\"has-medium-font-size\">Asimismo, destac\u00f3 la importancia de un modelo integral que incluya la salud mental, los cuidados paliativos, la atenci\u00f3n oncol\u00f3gica y espacios para un envejecimiento digno, bajo una visi\u00f3n humanista, \u201ccurar, aliviar y consolar son los pilares del ejercicio m\u00e9dico\u201d.<\/p>\n\n\n\n<figure class=\"wp-block-image aligncenter size-large\"><img loading=\"lazy\" decoding=\"async\" width=\"1024\" height=\"682\" src=\"https:\/\/www.ssaver.gob.mx\/difusion\/wp-content\/uploads\/sites\/23\/2025\/08\/WhatsApp-Image-2025-08-27-at-16.46.14-1-1024x682.jpeg\" alt=\"\" class=\"wp-image-5659\" srcset=\"https:\/\/www.ssaver.gob.mx\/difusion\/wp-content\/uploads\/sites\/23\/2025\/08\/WhatsApp-Image-2025-08-27-at-16.46.14-1-1024x682.jpeg 1024w, https:\/\/www.ssaver.gob.mx\/difusion\/wp-content\/uploads\/sites\/23\/2025\/08\/WhatsApp-Image-2025-08-27-at-16.46.14-1-300x200.jpeg 300w, https:\/\/www.ssaver.gob.mx\/difusion\/wp-content\/uploads\/sites\/23\/2025\/08\/WhatsApp-Image-2025-08-27-at-16.46.14-1-768x511.jpeg 768w, https:\/\/www.ssaver.gob.mx\/difusion\/wp-content\/uploads\/sites\/23\/2025\/08\/WhatsApp-Image-2025-08-27-at-16.46.14-1-1536x1022.jpeg 1536w, https:\/\/www.ssaver.gob.mx\/difusion\/wp-content\/uploads\/sites\/23\/2025\/08\/WhatsApp-Image-2025-08-27-at-16.46.14-1.jpeg 1600w\" sizes=\"auto, (max-width: 1024px) 100vw, 1024px\" \/><\/figure>\n\n\n\n<p class=\"has-medium-font-size\">Siguiendo la directriz de la gobernadora Roc\u00edo Nahle Garc\u00eda, el Secretario llam\u00f3 a la unidad entre instituciones, sociedad civil y profesionales para consolidar un sistema inclusivo, honesto y transparente que entregue resultados y mejore la calidad de vida de las y los veracruzanos.<\/p>\n","protected":false},"excerpt":{"rendered":"<p>&gt;La&nbsp;atenci\u00f3n&nbsp;se transforma con m\u00e1s prevenci\u00f3n y menos saturaci\u00f3n hospitalaria. R\u00edo Blanco, Ver.,&nbsp;mi\u00e9rcoles 27&nbsp;de agosto&nbsp;de 2025.-&nbsp;En el marco del 40\u00b0 aniversario<\/p>\n","protected":false},"author":68,"featured_media":5661,"comment_status":"closed","ping_status":"closed","sticky":false,"template":"","format":"standard","meta":{"colormag_page_container_layout":"default_layout","colormag_page_sidebar_layout":"default_layout","footnotes":""},"categories":[111,115],"tags":[737,750,577,736,751,191],"class_list":["post-5656","post","type-post","status-publish","format-standard","has-post-thumbnail","hentry","category-boletines","category-general","tag-40-anos-del-hospital-de-rio-blanco","tag-apoyo-del-director-general","tag-gobernadora-rocio-nahle-garcia","tag-hospital-de-rio-blanco","tag-juan-pablo-uribe-gonzalez","tag-valentin-herrera-alarcon"],"_links":{"self":[{"href":"https:\/\/www.ssaver.gob.mx\/difusion\/wp-json\/wp\/v2\/posts\/5656","targetHints":{"allow":["GET"]}}],"collection":[{"href":"https:\/\/www.ssaver.gob.mx\/difusion\/wp-json\/wp\/v2\/posts"}],"about":[{"href":"https:\/\/www.ssaver.gob.mx\/difusion\/wp-json\/wp\/v2\/types\/post"}],"author":[{"embeddable":true,"href":"https:\/\/www.ssaver.gob.mx\/difusion\/wp-json\/wp\/v2\/users\/68"}],"replies":[{"embeddable":true,"href":"https:\/\/www.ssaver.gob.mx\/difusion\/wp-json\/wp\/v2\/comments?post=5656"}],"version-history":[{"count":1,"href":"https:\/\/www.ssaver.gob.mx\/difusion\/wp-json\/wp\/v2\/posts\/5656\/revisions"}],"predecessor-version":[{"id":5662,"href":"https:\/\/www.ssaver.gob.mx\/difusion\/wp-json\/wp\/v2\/posts\/5656\/revisions\/5662"}],"wp:featuredmedia":[{"embeddable":true,"href":"https:\/\/www.ssaver.gob.mx\/difusion\/wp-json\/wp\/v2\/media\/5661"}],"wp:attachment":[{"href":"https:\/\/www.ssaver.gob.mx\/difusion\/wp-json\/wp\/v2\/media?parent=5656"}],"wp:term":[{"taxonomy":"category","embeddable":true,"href":"https:\/\/www.ssaver.gob.mx\/difusion\/wp-json\/wp\/v2\/categories?post=5656"},{"taxonomy":"post_tag","embeddable":true,"href":"https:\/\/www.ssaver.gob.mx\/difusion\/wp-json\/wp\/v2\/tags?post=5656"}],"curies":[{"name":"wp","href":"https:\/\/api.w.org\/{rel}","templated":true}]}}