{"id":5664,"date":"2025-08-29T14:49:59","date_gmt":"2025-08-29T19:49:59","guid":{"rendered":"https:\/\/www.ssaver.gob.mx\/difusion\/?p=5664"},"modified":"2025-09-11T13:51:18","modified_gmt":"2025-09-11T18:51:18","slug":"continua-vigilancia-medica-a-tres-lesionados-del-accidente-en-coatepec-jalcomulco","status":"publish","type":"post","link":"https:\/\/www.ssaver.gob.mx\/difusion\/2025\/08\/29\/continua-vigilancia-medica-a-tres-lesionados-del-accidente-en-coatepec-jalcomulco\/","title":{"rendered":"Contin\u00faa vigilancia m\u00e9dica a\u00a0tres\u00a0lesionados\u00a0del\u00a0accidente en Coatepec\u2013Jalcomulco"},"content":{"rendered":"\n<figure class=\"wp-block-image aligncenter size-large\"><img loading=\"lazy\" decoding=\"async\" width=\"1024\" height=\"683\" src=\"https:\/\/www.ssaver.gob.mx\/difusion\/wp-content\/uploads\/sites\/23\/2025\/08\/WhatsApp-Image-2025-08-29-at-13.40.39-1024x683.jpeg\" alt=\"\" class=\"wp-image-5666\" srcset=\"https:\/\/www.ssaver.gob.mx\/difusion\/wp-content\/uploads\/sites\/23\/2025\/08\/WhatsApp-Image-2025-08-29-at-13.40.39-1024x683.jpeg 1024w, https:\/\/www.ssaver.gob.mx\/difusion\/wp-content\/uploads\/sites\/23\/2025\/08\/WhatsApp-Image-2025-08-29-at-13.40.39-300x200.jpeg 300w, https:\/\/www.ssaver.gob.mx\/difusion\/wp-content\/uploads\/sites\/23\/2025\/08\/WhatsApp-Image-2025-08-29-at-13.40.39-768x512.jpeg 768w, https:\/\/www.ssaver.gob.mx\/difusion\/wp-content\/uploads\/sites\/23\/2025\/08\/WhatsApp-Image-2025-08-29-at-13.40.39-1536x1024.jpeg 1536w, https:\/\/www.ssaver.gob.mx\/difusion\/wp-content\/uploads\/sites\/23\/2025\/08\/WhatsApp-Image-2025-08-29-at-13.40.39-2048x1365.jpeg 2048w\" sizes=\"auto, (max-width: 1024px) 100vw, 1024px\" \/><\/figure>\n\n\n\n<p class=\"has-medium-font-size\"><strong>Xalapa, Ver., viernes 29 de agosto de 2025.-<\/strong>&nbsp;La Secretar\u00eda de Salud (SS) inform\u00f3&nbsp;que contin\u00faa el seguimiento m\u00e9dico especializado a las personas lesionadas en el accidente automovil\u00edstico ocurrido en la carretera Coatepec\u2013Jalcomulco, en cumplimiento a la instrucci\u00f3n de la gobernadora Roc\u00edo Nahle Garc\u00eda de garantizar atenci\u00f3n oportuna y permanente.<\/p>\n\n\n\n<p class=\"has-medium-font-size\">El titular de la dependencia, Valent\u00edn Herrera Alarc\u00f3n, detall\u00f3&nbsp;que en el Centro de Alta Especialidad (CAE) Dr. Rafael Lucio fueron ingresadas cuatro personas: tres ya se encuentran dadas de alta y una permanece hospitalizada bajo observaci\u00f3n, con reporte estable.<\/p>\n\n\n\n<p class=\"has-medium-font-size\">En tanto, el Hospital Regional de Xalapa Luis F. Nach\u00f3n recibi\u00f3&nbsp;a cinco lesionados, de los cuales tres fueron dados de alta la misma noche del percance, mientras que dos pacientes contin\u00faan en hospitalizaci\u00f3n con vigilancia neurol\u00f3gica estricta, a fin de detectar y atender de manera inmediata cualquier complicaci\u00f3n.<\/p>\n\n\n\n<p class=\"has-medium-font-size\">En total, nueve personas recibieron atenci\u00f3n m\u00e9dica inmediata,&nbsp;reflejo de&nbsp;la capacidad de respuesta de las instituciones de salud estatales para brindar seguridad y confianza a la poblaci\u00f3n.<\/p>\n\n\n\n<p class=\"has-medium-font-size\">La Secretar\u00eda de Salud reitera<a><\/a>&nbsp;que el personal m\u00e9dico permanecer\u00e1&nbsp;al pendiente de la evoluci\u00f3n de los pacientes internados, hasta asegurar su recuperaci\u00f3n y restablecimiento pleno.<\/p>\n","protected":false},"excerpt":{"rendered":"<p>Xalapa, Ver., viernes 29 de agosto de 2025.-&nbsp;La Secretar\u00eda de Salud (SS) inform\u00f3&nbsp;que contin\u00faa el seguimiento m\u00e9dico especializado a las<\/p>\n","protected":false},"author":68,"featured_media":5665,"comment_status":"closed","ping_status":"closed","sticky":false,"template":"","format":"standard","meta":{"colormag_page_container_layout":"default_layout","colormag_page_sidebar_layout":"default_layout","footnotes":""},"categories":[111,115],"tags":[738,750,739,479,577,740,751,741,570,191],"class_list":["post-5664","post","type-post","status-publish","format-standard","has-post-thumbnail","hentry","category-boletines","category-general","tag-accidente-en-coatepec-jalcomulco","tag-apoyo-del-director-general","tag-centro-de-alta-especialidad-cae","tag-dr-rafael-lucio","tag-gobernadora-rocio-nahle-garcia","tag-hospital-regional-de-xalapa-luis-f-nachon","tag-juan-pablo-uribe-gonzalez","tag-la-secretaria-de-salud","tag-ss","tag-valentin-herrera-alarcon"],"_links":{"self":[{"href":"https:\/\/www.ssaver.gob.mx\/difusion\/wp-json\/wp\/v2\/posts\/5664","targetHints":{"allow":["GET"]}}],"collection":[{"href":"https:\/\/www.ssaver.gob.mx\/difusion\/wp-json\/wp\/v2\/posts"}],"about":[{"href":"https:\/\/www.ssaver.gob.mx\/difusion\/wp-json\/wp\/v2\/types\/post"}],"author":[{"embeddable":true,"href":"https:\/\/www.ssaver.gob.mx\/difusion\/wp-json\/wp\/v2\/users\/68"}],"replies":[{"embeddable":true,"href":"https:\/\/www.ssaver.gob.mx\/difusion\/wp-json\/wp\/v2\/comments?post=5664"}],"version-history":[{"count":1,"href":"https:\/\/www.ssaver.gob.mx\/difusion\/wp-json\/wp\/v2\/posts\/5664\/revisions"}],"predecessor-version":[{"id":5667,"href":"https:\/\/www.ssaver.gob.mx\/difusion\/wp-json\/wp\/v2\/posts\/5664\/revisions\/5667"}],"wp:featuredmedia":[{"embeddable":true,"href":"https:\/\/www.ssaver.gob.mx\/difusion\/wp-json\/wp\/v2\/media\/5665"}],"wp:attachment":[{"href":"https:\/\/www.ssaver.gob.mx\/difusion\/wp-json\/wp\/v2\/media?parent=5664"}],"wp:term":[{"taxonomy":"category","embeddable":true,"href":"https:\/\/www.ssaver.gob.mx\/difusion\/wp-json\/wp\/v2\/categories?post=5664"},{"taxonomy":"post_tag","embeddable":true,"href":"https:\/\/www.ssaver.gob.mx\/difusion\/wp-json\/wp\/v2\/tags?post=5664"}],"curies":[{"name":"wp","href":"https:\/\/api.w.org\/{rel}","templated":true}]}}