{"id":5668,"date":"2025-08-29T15:52:20","date_gmt":"2025-08-29T20:52:20","guid":{"rendered":"https:\/\/www.ssaver.gob.mx\/difusion\/?p=5668"},"modified":"2025-09-11T13:50:49","modified_gmt":"2025-09-11T18:50:49","slug":"en-veracruz-adultos-mayores-cuentan-con-casas-seguras-incluyentes-y-con-personal-capacitado","status":"publish","type":"post","link":"https:\/\/www.ssaver.gob.mx\/difusion\/2025\/08\/29\/en-veracruz-adultos-mayores-cuentan-con-casas-seguras-incluyentes-y-con-personal-capacitado\/","title":{"rendered":"En Veracruz, adultos mayores cuentan con casas seguras, incluyentes y con personal capacitado"},"content":{"rendered":"\n<p class=\"has-medium-font-size\"><strong>Xalapa, Ver., viernes 29<\/strong><strong>&nbsp;de agosto de 2025.-&nbsp;<\/strong>En el marco del D\u00eda Nacional de las Personas Adultas Mayores, se reconoci\u00f3 la valiosa experiencia y aportaci\u00f3n de quienes han contribuido a construir un&nbsp;Veracruz m\u00e1s justo e incluyente, con&nbsp;el compromiso de&nbsp;continuar impulsando&nbsp;estrategias que garanticen el bienestar de&nbsp;este grupo poblacional.<\/p>\n\n\n\n<figure class=\"wp-block-image aligncenter size-large\"><img loading=\"lazy\" decoding=\"async\" width=\"1024\" height=\"682\" src=\"https:\/\/www.ssaver.gob.mx\/difusion\/wp-content\/uploads\/sites\/23\/2025\/08\/WhatsApp-Image-2025-08-29-at-14.43.54-1024x682.jpeg\" alt=\"\" class=\"wp-image-5672\" srcset=\"https:\/\/www.ssaver.gob.mx\/difusion\/wp-content\/uploads\/sites\/23\/2025\/08\/WhatsApp-Image-2025-08-29-at-14.43.54-1024x682.jpeg 1024w, https:\/\/www.ssaver.gob.mx\/difusion\/wp-content\/uploads\/sites\/23\/2025\/08\/WhatsApp-Image-2025-08-29-at-14.43.54-300x200.jpeg 300w, https:\/\/www.ssaver.gob.mx\/difusion\/wp-content\/uploads\/sites\/23\/2025\/08\/WhatsApp-Image-2025-08-29-at-14.43.54-768x512.jpeg 768w, https:\/\/www.ssaver.gob.mx\/difusion\/wp-content\/uploads\/sites\/23\/2025\/08\/WhatsApp-Image-2025-08-29-at-14.43.54-1536x1024.jpeg 1536w, https:\/\/www.ssaver.gob.mx\/difusion\/wp-content\/uploads\/sites\/23\/2025\/08\/WhatsApp-Image-2025-08-29-at-14.43.54-2048x1365.jpeg 2048w\" sizes=\"auto, (max-width: 1024px) 100vw, 1024px\" \/><\/figure>\n\n\n\n<p class=\"has-medium-font-size\">El acto se llev\u00f3 a cabo en la Casa Hogar del Adulto Mayor Mariana Sayago,&nbsp;espacio que brinda atenci\u00f3n y cuidado integral a personas mayores. Durante el evento se destac\u00f3 la importancia de mantener y fortalecer la atenci\u00f3n con sensibilidad, respeto y un enfoque humano.<\/p>\n\n\n\n<figure class=\"wp-block-image aligncenter size-large\"><img loading=\"lazy\" decoding=\"async\" width=\"1024\" height=\"682\" src=\"https:\/\/www.ssaver.gob.mx\/difusion\/wp-content\/uploads\/sites\/23\/2025\/08\/WhatsApp-Image-2025-08-29-at-14.43.54-1-1024x682.jpeg\" alt=\"\" class=\"wp-image-5670\" srcset=\"https:\/\/www.ssaver.gob.mx\/difusion\/wp-content\/uploads\/sites\/23\/2025\/08\/WhatsApp-Image-2025-08-29-at-14.43.54-1-1024x682.jpeg 1024w, https:\/\/www.ssaver.gob.mx\/difusion\/wp-content\/uploads\/sites\/23\/2025\/08\/WhatsApp-Image-2025-08-29-at-14.43.54-1-300x200.jpeg 300w, https:\/\/www.ssaver.gob.mx\/difusion\/wp-content\/uploads\/sites\/23\/2025\/08\/WhatsApp-Image-2025-08-29-at-14.43.54-1-768x512.jpeg 768w, https:\/\/www.ssaver.gob.mx\/difusion\/wp-content\/uploads\/sites\/23\/2025\/08\/WhatsApp-Image-2025-08-29-at-14.43.54-1-1536x1024.jpeg 1536w, https:\/\/www.ssaver.gob.mx\/difusion\/wp-content\/uploads\/sites\/23\/2025\/08\/WhatsApp-Image-2025-08-29-at-14.43.54-1-2048x1365.jpeg 2048w\" sizes=\"auto, (max-width: 1024px) 100vw, 1024px\" \/><\/figure>\n\n\n\n<p class=\"has-medium-font-size\">\u201cTenemos una Gobernadora comprometida, preocupada y ocupada en trabajar por ustedes&nbsp;y por todo Veracruz\u201d, se\u00f1al\u00f3 el secretario de Salud,&nbsp;Valent\u00edn Herrera Alarc\u00f3n,&nbsp;al tiempo de reconocer a&nbsp;este espacio como incluyente, seguro, c\u00e1lido&nbsp;y con personal capacitado para atener cada una de sus necesidades.<\/p>\n\n\n\n<p class=\"has-medium-font-size\">La directora de la Casa Hogar, Mar\u00eda Beltr\u00e1n Garc\u00eda, agradeci\u00f3 el acompa\u00f1amiento y la capacitaci\u00f3n constante del personal. Subray\u00f3&nbsp;que este apoyo ha sido clave para ofrecer servicios que cuidan tanto la salud f\u00edsica como el bienestar emocional de los residentes.<\/p>\n\n\n\n<figure class=\"wp-block-image aligncenter size-large\"><img loading=\"lazy\" decoding=\"async\" width=\"1024\" height=\"682\" src=\"https:\/\/www.ssaver.gob.mx\/difusion\/wp-content\/uploads\/sites\/23\/2025\/08\/WhatsApp-Image-2025-08-29-at-14.43.54-2-1024x682.jpeg\" alt=\"\" class=\"wp-image-5671\" srcset=\"https:\/\/www.ssaver.gob.mx\/difusion\/wp-content\/uploads\/sites\/23\/2025\/08\/WhatsApp-Image-2025-08-29-at-14.43.54-2-1024x682.jpeg 1024w, https:\/\/www.ssaver.gob.mx\/difusion\/wp-content\/uploads\/sites\/23\/2025\/08\/WhatsApp-Image-2025-08-29-at-14.43.54-2-300x200.jpeg 300w, https:\/\/www.ssaver.gob.mx\/difusion\/wp-content\/uploads\/sites\/23\/2025\/08\/WhatsApp-Image-2025-08-29-at-14.43.54-2-768x512.jpeg 768w, https:\/\/www.ssaver.gob.mx\/difusion\/wp-content\/uploads\/sites\/23\/2025\/08\/WhatsApp-Image-2025-08-29-at-14.43.54-2-1536x1024.jpeg 1536w, https:\/\/www.ssaver.gob.mx\/difusion\/wp-content\/uploads\/sites\/23\/2025\/08\/WhatsApp-Image-2025-08-29-at-14.43.54-2-2048x1365.jpeg 2048w\" sizes=\"auto, (max-width: 1024px) 100vw, 1024px\" \/><\/figure>\n\n\n\n<p class=\"has-medium-font-size\">Cada 28 de agosto, el D\u00eda Nacional de las Personas Adultas Mayores busca visibilizar sus derechos y promover acciones de inclusi\u00f3n. En Veracruz se realizan jornadas de salud, actividades f\u00edsicas y espacios de convivencia que refuerzan el apoyo a quienes forman parte de este sector fundamental de la sociedad.<\/p>\n\n\n\n<p><\/p>\n","protected":false},"excerpt":{"rendered":"<p>Xalapa, Ver., viernes 29&nbsp;de agosto de 2025.-&nbsp;En el marco del D\u00eda Nacional de las Personas Adultas Mayores, se reconoci\u00f3 la<\/p>\n","protected":false},"author":68,"featured_media":5669,"comment_status":"closed","ping_status":"closed","sticky":false,"template":"","format":"standard","meta":{"colormag_page_container_layout":"default_layout","colormag_page_sidebar_layout":"default_layout","footnotes":""},"categories":[111,115],"tags":[750,743,742,751,744,688],"class_list":["post-5668","post","type-post","status-publish","format-standard","has-post-thumbnail","hentry","category-boletines","category-general","tag-apoyo-del-director-general","tag-casa-hogar-del-adulto-mayor-mariana-sayago","tag-dia-nacional-de-las-personas-adultas-mayores","tag-juan-pablo-uribe-gonzalez","tag-que-se-celebra-el-28-de-agosto","tag-secretario-de-salud-valentin-herrera-alarcon"],"_links":{"self":[{"href":"https:\/\/www.ssaver.gob.mx\/difusion\/wp-json\/wp\/v2\/posts\/5668","targetHints":{"allow":["GET"]}}],"collection":[{"href":"https:\/\/www.ssaver.gob.mx\/difusion\/wp-json\/wp\/v2\/posts"}],"about":[{"href":"https:\/\/www.ssaver.gob.mx\/difusion\/wp-json\/wp\/v2\/types\/post"}],"author":[{"embeddable":true,"href":"https:\/\/www.ssaver.gob.mx\/difusion\/wp-json\/wp\/v2\/users\/68"}],"replies":[{"embeddable":true,"href":"https:\/\/www.ssaver.gob.mx\/difusion\/wp-json\/wp\/v2\/comments?post=5668"}],"version-history":[{"count":1,"href":"https:\/\/www.ssaver.gob.mx\/difusion\/wp-json\/wp\/v2\/posts\/5668\/revisions"}],"predecessor-version":[{"id":5673,"href":"https:\/\/www.ssaver.gob.mx\/difusion\/wp-json\/wp\/v2\/posts\/5668\/revisions\/5673"}],"wp:featuredmedia":[{"embeddable":true,"href":"https:\/\/www.ssaver.gob.mx\/difusion\/wp-json\/wp\/v2\/media\/5669"}],"wp:attachment":[{"href":"https:\/\/www.ssaver.gob.mx\/difusion\/wp-json\/wp\/v2\/media?parent=5668"}],"wp:term":[{"taxonomy":"category","embeddable":true,"href":"https:\/\/www.ssaver.gob.mx\/difusion\/wp-json\/wp\/v2\/categories?post=5668"},{"taxonomy":"post_tag","embeddable":true,"href":"https:\/\/www.ssaver.gob.mx\/difusion\/wp-json\/wp\/v2\/tags?post=5668"}],"curies":[{"name":"wp","href":"https:\/\/api.w.org\/{rel}","templated":true}]}}