{"id":5715,"date":"2025-09-15T14:03:13","date_gmt":"2025-09-15T19:03:13","guid":{"rendered":"https:\/\/www.ssaver.gob.mx\/difusion\/?p=5715"},"modified":"2025-09-15T14:03:13","modified_gmt":"2025-09-15T19:03:13","slug":"semana-nacional-de-salud-publica-snsp-2025-supera-metas-y-alcanza-a-mas-de-26-2-millones-de-personas-en-todo-el-pais","status":"publish","type":"post","link":"https:\/\/www.ssaver.gob.mx\/difusion\/2025\/09\/15\/semana-nacional-de-salud-publica-snsp-2025-supera-metas-y-alcanza-a-mas-de-26-2-millones-de-personas-en-todo-el-pais\/","title":{"rendered":"Semana Nacional de Salud P\u00fablica (SNSP) 2025 supera metas y alcanza a m\u00e1s de 26.2 millones de personas en todo el pa\u00eds"},"content":{"rendered":"\n<p>Secretar\u00eda de Salud | 14 de septiembre de 2025\u00a0| Nacional<\/p>\n\n\n\n<figure class=\"wp-block-image aligncenter size-full\"><img loading=\"lazy\" decoding=\"async\" width=\"650\" height=\"380\" src=\"https:\/\/www.ssaver.gob.mx\/difusion\/wp-content\/uploads\/sites\/23\/2025\/09\/post_IMG-20250914-WA0012.jpg\" alt=\"\" class=\"wp-image-5716\" srcset=\"https:\/\/www.ssaver.gob.mx\/difusion\/wp-content\/uploads\/sites\/23\/2025\/09\/post_IMG-20250914-WA0012.jpg 650w, https:\/\/www.ssaver.gob.mx\/difusion\/wp-content\/uploads\/sites\/23\/2025\/09\/post_IMG-20250914-WA0012-300x175.jpg 300w\" sizes=\"auto, (max-width: 650px) 100vw, 650px\" \/><figcaption class=\"wp-element-caption\">www.gob.mx\/salud<\/figcaption><\/figure>\n\n\n\n<ul class=\"wp-block-list\">\n<li>Esto representa un 131 por ciento de la cobertura poblacional planteada como meta original<\/li>\n\n\n\n<li>Se llevaron a cabo 35 mil 668 actividades de promoci\u00f3n y prevenci\u00f3n de la salud en las 32 entidades federativas, lo que representa un cumplimiento del 118 por ciento<\/li>\n\n\n\n<li>La SNSP 2025 es una herramienta estrat\u00e9gica para orientar pol\u00edticas p\u00fablicas y fortalecer la atenci\u00f3n primaria\u00a0<\/li>\n<\/ul>\n\n\n\n<p>La Secretar\u00eda de Salud del Gobierno de M\u00e9xico informa que, la Semana Nacional de Salud P\u00fablica 2025, realizada del 6 al 13 de septiembre en toda la Rep\u00fablica mexicana, bajo el lema \u201cUnidas y unidos por tu salud, construyendo bienestar\u201d, concluy\u00f3 con resultados hist\u00f3ricos que superaron las metas nacionales establecidas.<\/p>\n\n\n\n<p>La meta planteada para esta edici\u00f3n fue de 20 millones de personas alcanzadas y 30 mil actividades realizadas. Sin embargo, los resultados superaron ampliamente esas cifras: se llevaron a cabo 35 mil 668 actividades de promoci\u00f3n y prevenci\u00f3n de la salud, lo que representa un cumplimiento del 118 por ciento respecto a la meta prevista; asimismo, se alcanz\u00f3 a 26.2 millones de personas en todo el territorio nacional, es decir, un 131 por ciento de la cobertura poblacional planteada como meta original.<\/p>\n\n\n\n<p>La Semana Nacional de Salud P\u00fablica no solo acerca la prevenci\u00f3n a las comunidades, sino que tambi\u00e9n permite realizar diagn\u00f3sticos y generar indicadores que muestran c\u00f3mo se encuentra la salud de la poblaci\u00f3n, constituyendo una herramienta estrat\u00e9gica para orientar pol\u00edticas p\u00fablicas y fortalecer la atenci\u00f3n primaria.<\/p>\n\n\n\n<p>Las acciones implementadas incluyeron campa\u00f1as de vacunaci\u00f3n, con la aplicaci\u00f3n de 7 mil 862 dosis contra el Virus del Papiloma Humano (VPH), as\u00ed como 385 mil 955 dosis contra sarampi\u00f3n, fundamentales para proteger a la ni\u00f1ez y prevenir brotes de enfermedades prevenibles por vacunaci\u00f3n.<\/p>\n\n\n\n<p>El esfuerzo fue posible gracias a la participaci\u00f3n coordinada de las 32 entidades federativas, instituciones del sector salud: Instituto Mexicano del Seguro Social (IMSS), IMSS Bienestar, Instituto de Seguridad y Servicios Sociales de los Trabajadores del Estado (ISSSTE), Secretar\u00eda de la Defensa Nacional, Secretar\u00eda de Marina y Petr\u00f3leos Mexicanos (Pemex), as\u00ed como la colaboraci\u00f3n de la Organizaci\u00f3n Panamericana de la Salud \/ Organizaci\u00f3n Mundial de la Salud (OPS\/OMS), el Fondo de las Naciones Unidas para la Infancia (UNICEF), organizaciones de la sociedad civil, instituciones acad\u00e9micas, gobiernos locales, medios de comunicaci\u00f3n y, de manera destacada, la participaci\u00f3n activa de las y los mexicanos.<\/p>\n\n\n\n<p>Con estos resultados, la Secretar\u00eda de Salud refrenda su compromiso de acercar la prevenci\u00f3n, la atenci\u00f3n oportuna y la promoci\u00f3n de h\u00e1bitos saludables a todas las comunidades del pa\u00eds, priorizando a las poblaciones m\u00e1s vulnerables, al tiempo que fortalece la capacidad de diagn\u00f3stico y an\u00e1lisis del estado de salud de la poblaci\u00f3n mexicana.<\/p>\n\n\n\n<p><\/p>\n","protected":false},"excerpt":{"rendered":"<p>Secretar\u00eda de Salud | 14 de septiembre de 2025\u00a0| Nacional La Secretar\u00eda de Salud del Gobierno de M\u00e9xico informa que,<\/p>\n","protected":false},"author":68,"featured_media":5717,"comment_status":"closed","ping_status":"closed","sticky":false,"template":"","format":"standard","meta":{"colormag_page_container_layout":"default_layout","colormag_page_sidebar_layout":"default_layout","footnotes":""},"categories":[119,115],"tags":[750,758,761,762,760,751,757,746,756,759],"class_list":["post-5715","post","type-post","status-publish","format-standard","has-post-thumbnail","hentry","category-comunicados","category-general","tag-apoyo-del-director-general","tag-campanas-de-vacunacion","tag-imss-bienestar-2","tag-instituto-de-seguridad-y-servicios-sociales-de-los-trabajadores-del-estado","tag-instituto-mexicano-del-seguro-social","tag-juan-pablo-uribe-gonzalez","tag-la-secretaria-de-salud-del-gobierno-de-mexico","tag-semana-nacional-de-salud-publica","tag-snsp","tag-virus-del-papiloma-humano"],"_links":{"self":[{"href":"https:\/\/www.ssaver.gob.mx\/difusion\/wp-json\/wp\/v2\/posts\/5715","targetHints":{"allow":["GET"]}}],"collection":[{"href":"https:\/\/www.ssaver.gob.mx\/difusion\/wp-json\/wp\/v2\/posts"}],"about":[{"href":"https:\/\/www.ssaver.gob.mx\/difusion\/wp-json\/wp\/v2\/types\/post"}],"author":[{"embeddable":true,"href":"https:\/\/www.ssaver.gob.mx\/difusion\/wp-json\/wp\/v2\/users\/68"}],"replies":[{"embeddable":true,"href":"https:\/\/www.ssaver.gob.mx\/difusion\/wp-json\/wp\/v2\/comments?post=5715"}],"version-history":[{"count":1,"href":"https:\/\/www.ssaver.gob.mx\/difusion\/wp-json\/wp\/v2\/posts\/5715\/revisions"}],"predecessor-version":[{"id":5718,"href":"https:\/\/www.ssaver.gob.mx\/difusion\/wp-json\/wp\/v2\/posts\/5715\/revisions\/5718"}],"wp:featuredmedia":[{"embeddable":true,"href":"https:\/\/www.ssaver.gob.mx\/difusion\/wp-json\/wp\/v2\/media\/5717"}],"wp:attachment":[{"href":"https:\/\/www.ssaver.gob.mx\/difusion\/wp-json\/wp\/v2\/media?parent=5715"}],"wp:term":[{"taxonomy":"category","embeddable":true,"href":"https:\/\/www.ssaver.gob.mx\/difusion\/wp-json\/wp\/v2\/categories?post=5715"},{"taxonomy":"post_tag","embeddable":true,"href":"https:\/\/www.ssaver.gob.mx\/difusion\/wp-json\/wp\/v2\/tags?post=5715"}],"curies":[{"name":"wp","href":"https:\/\/api.w.org\/{rel}","templated":true}]}}