{"id":5720,"date":"2025-09-18T16:07:05","date_gmt":"2025-09-18T21:07:05","guid":{"rendered":"https:\/\/www.ssaver.gob.mx\/difusion\/?p=5720"},"modified":"2025-09-18T16:07:05","modified_gmt":"2025-09-18T21:07:05","slug":"en-tlaxcala-gobierno-de-mexico-inicia-historica-campana-nacional-de-vacunacion-contra-el-virus-del-papiloma-humano-vph","status":"publish","type":"post","link":"https:\/\/www.ssaver.gob.mx\/difusion\/2025\/09\/18\/en-tlaxcala-gobierno-de-mexico-inicia-historica-campana-nacional-de-vacunacion-contra-el-virus-del-papiloma-humano-vph\/","title":{"rendered":"En Tlaxcala, Gobierno de M\u00e9xico inicia hist\u00f3rica Campa\u00f1a Nacional de Vacunaci\u00f3n contra el Virus del Papiloma Humano (VPH)"},"content":{"rendered":"\n<p>Secretar\u00eda de Salud | 18 de septiembre de 2025\u00a0| Nacional<\/p>\n\n\n\n<figure class=\"wp-block-image aligncenter size-full\"><img loading=\"lazy\" decoding=\"async\" width=\"650\" height=\"380\" src=\"https:\/\/www.ssaver.gob.mx\/difusion\/wp-content\/uploads\/sites\/23\/2025\/09\/post_WhatsApp_Image_2025-09-18_at_1.05.33_PM__2_.jpeg\" alt=\"\" class=\"wp-image-5721\" srcset=\"https:\/\/www.ssaver.gob.mx\/difusion\/wp-content\/uploads\/sites\/23\/2025\/09\/post_WhatsApp_Image_2025-09-18_at_1.05.33_PM__2_.jpeg 650w, https:\/\/www.ssaver.gob.mx\/difusion\/wp-content\/uploads\/sites\/23\/2025\/09\/post_WhatsApp_Image_2025-09-18_at_1.05.33_PM__2_-300x175.jpeg 300w\" sizes=\"auto, (max-width: 650px) 100vw, 650px\" \/><figcaption class=\"wp-element-caption\">www.gob.mx\/salud<\/figcaption><\/figure>\n\n\n\n<ul class=\"wp-block-list\">\n<li><strong>El objetivo es inmunizar a m\u00e1s de 2.5 millones de ni\u00f1as y ni\u00f1os en todo M\u00e9xico<\/strong><\/li>\n\n\n\n<li><strong>Por primera vez, los ni\u00f1os tambi\u00e9n recibir\u00e1n la vacuna contra el VPH asegurando la prevenci\u00f3n de algunas enfermedades cancerosas<\/strong><\/li>\n<\/ul>\n\n\n\n<p class=\"has-medium-font-size\">El Gobierno de M\u00e9xico, a trav\u00e9s de la Secretar\u00eda de Salud, dio inicio en Tlaxcala a la Campa\u00f1a Nacional de Vacunaci\u00f3n contra el Virus del Papiloma Humano (VPH) 2025, una estrategia hist\u00f3rica que busca proteger la salud de m\u00e1s de 2.5 millones ni\u00f1as, ni\u00f1os y adolescentes de todo el pa\u00eds, para colocar a la prevenci\u00f3n como pilar central de la pol\u00edtica sanitaria.<\/p>\n\n\n\n<p class=\"has-medium-font-size\">El secretario de Salud, David Kershenobich resalt\u00f3 que la vacunaci\u00f3n contra el VPH, anteriormente dirigida solo a ni\u00f1as de quinto a\u00f1o de primaria, se ampl\u00eda ahora tambi\u00e9n a los ni\u00f1os, luego de alcanzar una cobertura del 95 por ciento en la poblaci\u00f3n femenina.&nbsp;<\/p>\n\n\n\n<p class=\"has-medium-font-size\">\u201cEs una medida de equidad, porque esta vacuna protege no solo contra el c\u00e1ncer c\u00e9rvico-uterino, sino tambi\u00e9n contra otros tipos de c\u00e1ncer. Se trata de una acci\u00f3n hist\u00f3rica, porque pocas enfermedades cancerosas pueden prevenirse con la aplicaci\u00f3n de una vacuna\u201d, a\u00f1adi\u00f3.<\/p>\n\n\n\n<p class=\"has-medium-font-size\">Explic\u00f3 que esta campa\u00f1a constituye un paso hist\u00f3rico en la salud p\u00fablica del pa\u00eds, recordando que la prevenci\u00f3n es la mejor herramienta para garantizar el bienestar, y evoc\u00f3 el episodio hist\u00f3rico de la expedici\u00f3n de 1803-1806 contra la viruela, donde ni\u00f1os mexicanos fueron protagonistas de la primera gran campa\u00f1a internacional de vacunaci\u00f3n.<\/p>\n\n\n\n<p class=\"has-medium-font-size\">\u201cHoy, como en aquel entonces, los ni\u00f1os son protagonistas de la historia. Con esta campa\u00f1a estamos sembrando salud para las futuras generaciones, convencidos de que cada dosis aplicada es una oportunidad para prevenir el c\u00e1ncer y construir un futuro m\u00e1s saludable\u201d, afirm\u00f3.<\/p>\n\n\n\n<p class=\"has-medium-font-size\">El secretario de Salud destac\u00f3 que la meta es lograr que el 95 por ciento de la poblaci\u00f3n mexicana cuente con esquemas completos contra enfermedades prevenibles, como el sarampi\u00f3n, y anunci\u00f3 jornadas masivas de vacunaci\u00f3n, entre ellas la que se realiza el 17, 18 y 19 de septiembre en el Estadio Ol\u00edmpico Universitario, para facilitar el acceso a la poblaci\u00f3n.<\/p>\n\n\n\n<p class=\"has-medium-font-size\">Por su parte la gobernadora de Tlaxcala, Lorena Cu\u00e9llar Cisneros, celebr\u00f3 que su estado sea el punto de partida de esta campa\u00f1a que beneficiar\u00e1 a millones de mexicanos.<\/p>\n\n\n\n<p class=\"has-medium-font-size\">\u201cHoy nuestras ni\u00f1as y ni\u00f1os son los primeros en todo el pa\u00eds en recibir esta vacuna. As\u00ed como en 1803 M\u00e9xico particip\u00f3 en la lucha contra la viruela, Tlaxcala escribe una nueva historia de prevenci\u00f3n y cuidado\u201d, expres\u00f3.<\/p>\n\n\n\n<p class=\"has-medium-font-size\">Reconoci\u00f3 el compromiso del Gobierno de M\u00e9xico y de la Presidenta Claudia Sheinbaum Pardo, \u201cuna madre y abuela que piensa en la salud de todas las ni\u00f1as y ni\u00f1os del pa\u00eds\u201d, y se\u00f1al\u00f3 que Tlaxcala ser\u00e1 ejemplo nacional al lograr la cobertura total de vacunaci\u00f3n infantil y adolescente.<\/p>\n\n\n\n<p class=\"has-medium-font-size\">\u201cEsta vacuna salvar\u00e1 vidas y refleja el amor y la responsabilidad hacia nuestra ni\u00f1ez\u201d, afirm\u00f3.<\/p>\n\n\n\n<p class=\"has-medium-font-size\">Con esta Campa\u00f1a Nacional contra el Virus del Papiloma Humano, M\u00e9xico reafirma su compromiso con la prevenci\u00f3n, la equidad y la protecci\u00f3n de la salud de la ni\u00f1ez y la adolescencia, garantizando un futuro m\u00e1s justo, m\u00e1s humano y m\u00e1s saludable para todas y todos.<\/p>\n\n\n\n<p class=\"has-medium-font-size\">En el evento participaron el subsecretario de Pol\u00edticas de Salud y Bienestar Poblacional de la Secretar\u00eda, Ramiro L\u00f3pez Elizalde; el director del IMSS Bienestar, Alejandro Svarch P\u00e9rez; la titular del Centro Nacional para la Salud de la Infancia y la Adolescencia, Samantha Gaertner Barnad, y el secretario de Salud de Tlaxcala, Rigoberto Zamudio Meneses.<\/p>\n\n\n\n<p class=\"has-medium-font-size\"><\/p>\n","protected":false},"excerpt":{"rendered":"<p>Secretar\u00eda de Salud | 18 de septiembre de 2025\u00a0| Nacional El Gobierno de M\u00e9xico, a trav\u00e9s de la Secretar\u00eda de<\/p>\n","protected":false},"author":68,"featured_media":5722,"comment_status":"closed","ping_status":"closed","sticky":false,"template":"","format":"standard","meta":{"colormag_page_container_layout":"default_layout","colormag_page_sidebar_layout":"default_layout","footnotes":""},"categories":[119,115],"tags":[764,766,212,767,768,763,765],"class_list":["post-5720","post","type-post","status-publish","format-standard","has-post-thumbnail","hentry","category-comunicados","category-general","tag-campana-nacional-de-vacunacion-contra-el-virus-del-papiloma-humano","tag-gobernadora-de-tlaxcala","tag-gobierno-de-mexico","tag-lorena-cuellar-cisneros","tag-presidenta-claudia-sheinbaum-pardo","tag-salud-federal","tag-vph"],"_links":{"self":[{"href":"https:\/\/www.ssaver.gob.mx\/difusion\/wp-json\/wp\/v2\/posts\/5720","targetHints":{"allow":["GET"]}}],"collection":[{"href":"https:\/\/www.ssaver.gob.mx\/difusion\/wp-json\/wp\/v2\/posts"}],"about":[{"href":"https:\/\/www.ssaver.gob.mx\/difusion\/wp-json\/wp\/v2\/types\/post"}],"author":[{"embeddable":true,"href":"https:\/\/www.ssaver.gob.mx\/difusion\/wp-json\/wp\/v2\/users\/68"}],"replies":[{"embeddable":true,"href":"https:\/\/www.ssaver.gob.mx\/difusion\/wp-json\/wp\/v2\/comments?post=5720"}],"version-history":[{"count":1,"href":"https:\/\/www.ssaver.gob.mx\/difusion\/wp-json\/wp\/v2\/posts\/5720\/revisions"}],"predecessor-version":[{"id":5723,"href":"https:\/\/www.ssaver.gob.mx\/difusion\/wp-json\/wp\/v2\/posts\/5720\/revisions\/5723"}],"wp:featuredmedia":[{"embeddable":true,"href":"https:\/\/www.ssaver.gob.mx\/difusion\/wp-json\/wp\/v2\/media\/5722"}],"wp:attachment":[{"href":"https:\/\/www.ssaver.gob.mx\/difusion\/wp-json\/wp\/v2\/media?parent=5720"}],"wp:term":[{"taxonomy":"category","embeddable":true,"href":"https:\/\/www.ssaver.gob.mx\/difusion\/wp-json\/wp\/v2\/categories?post=5720"},{"taxonomy":"post_tag","embeddable":true,"href":"https:\/\/www.ssaver.gob.mx\/difusion\/wp-json\/wp\/v2\/tags?post=5720"}],"curies":[{"name":"wp","href":"https:\/\/api.w.org\/{rel}","templated":true}]}}