{"id":5725,"date":"2025-09-27T14:16:17","date_gmt":"2025-09-27T19:16:17","guid":{"rendered":"https:\/\/www.ssaver.gob.mx\/difusion\/?p=5725"},"modified":"2025-09-27T14:16:17","modified_gmt":"2025-09-27T19:16:17","slug":"con-respaldo-de-la-oms-y-cenaprece-salud-capacita-para-prevenir-enfermedades-cardiovasculares","status":"publish","type":"post","link":"https:\/\/www.ssaver.gob.mx\/difusion\/2025\/09\/27\/con-respaldo-de-la-oms-y-cenaprece-salud-capacita-para-prevenir-enfermedades-cardiovasculares\/","title":{"rendered":"Con respaldo de la OMS y CENAPRECE, Salud capacita para prevenir enfermedades cardiovasculares"},"content":{"rendered":"\n<p>&gt;Se optimiza el diagn\u00f3stico y tratamiento de pacientes.<\/p>\n\n\n\n<p>&gt;La atenci\u00f3n temprana, clave en la poblaci\u00f3n en riesgo.<\/p>\n\n\n\n<figure class=\"wp-block-image aligncenter size-large\"><img loading=\"lazy\" decoding=\"async\" width=\"1024\" height=\"694\" src=\"https:\/\/www.ssaver.gob.mx\/difusion\/wp-content\/uploads\/sites\/23\/2025\/09\/WhatsApp-Image-2025-09-27-at-12.56.54-3-1024x694.jpeg\" alt=\"\" class=\"wp-image-5727\" srcset=\"https:\/\/www.ssaver.gob.mx\/difusion\/wp-content\/uploads\/sites\/23\/2025\/09\/WhatsApp-Image-2025-09-27-at-12.56.54-3-1024x694.jpeg 1024w, https:\/\/www.ssaver.gob.mx\/difusion\/wp-content\/uploads\/sites\/23\/2025\/09\/WhatsApp-Image-2025-09-27-at-12.56.54-3-300x203.jpeg 300w, https:\/\/www.ssaver.gob.mx\/difusion\/wp-content\/uploads\/sites\/23\/2025\/09\/WhatsApp-Image-2025-09-27-at-12.56.54-3-768x521.jpeg 768w, https:\/\/www.ssaver.gob.mx\/difusion\/wp-content\/uploads\/sites\/23\/2025\/09\/WhatsApp-Image-2025-09-27-at-12.56.54-3-1536x1042.jpeg 1536w, https:\/\/www.ssaver.gob.mx\/difusion\/wp-content\/uploads\/sites\/23\/2025\/09\/WhatsApp-Image-2025-09-27-at-12.56.54-3.jpeg 1600w\" sizes=\"auto, (max-width: 1024px) 100vw, 1024px\" \/><\/figure>\n\n\n\n<p class=\"has-medium-font-size\"><strong>Xalapa, Ver.,&nbsp;<\/strong><strong>s\u00e1bado 27&nbsp;<\/strong><strong>de septiembre de 2025.-<\/strong>&nbsp;Con el curso Abordaje de las enfermedades cardiovasculares en el primer nivel de atenci\u00f3n, la Secretar\u00eda de Salud (SS) intensific\u00f3&nbsp;las acciones de prevenci\u00f3n en las 11 jurisdicciones sanitarias del estado.<\/p>\n\n\n\n<figure class=\"wp-block-image aligncenter size-large\"><img loading=\"lazy\" decoding=\"async\" width=\"1024\" height=\"682\" src=\"https:\/\/www.ssaver.gob.mx\/difusion\/wp-content\/uploads\/sites\/23\/2025\/09\/WhatsApp-Image-2025-09-27-at-12.56.54-1024x682.jpeg\" alt=\"\" class=\"wp-image-5728\" srcset=\"https:\/\/www.ssaver.gob.mx\/difusion\/wp-content\/uploads\/sites\/23\/2025\/09\/WhatsApp-Image-2025-09-27-at-12.56.54-1024x682.jpeg 1024w, https:\/\/www.ssaver.gob.mx\/difusion\/wp-content\/uploads\/sites\/23\/2025\/09\/WhatsApp-Image-2025-09-27-at-12.56.54-300x200.jpeg 300w, https:\/\/www.ssaver.gob.mx\/difusion\/wp-content\/uploads\/sites\/23\/2025\/09\/WhatsApp-Image-2025-09-27-at-12.56.54-768x512.jpeg 768w, https:\/\/www.ssaver.gob.mx\/difusion\/wp-content\/uploads\/sites\/23\/2025\/09\/WhatsApp-Image-2025-09-27-at-12.56.54-1536x1023.jpeg 1536w, https:\/\/www.ssaver.gob.mx\/difusion\/wp-content\/uploads\/sites\/23\/2025\/09\/WhatsApp-Image-2025-09-27-at-12.56.54.jpeg 1600w\" sizes=\"auto, (max-width: 1024px) 100vw, 1024px\" \/><\/figure>\n\n\n\n<p class=\"has-medium-font-size\">Esta estrategia estatal incluye conferencias, capacitaciones y actividades comunitarias orientadas a optimizar los servicios de salud, promover las mejores pr\u00e1cticas en prevenci\u00f3n y control de la hipertensi\u00f3n, as\u00ed&nbsp;como fortalecer el diagn\u00f3stico y tratamiento oportuno de cada paciente.<\/p>\n\n\n\n<p class=\"has-medium-font-size\">El curso contempla ponencias como Implementaci\u00f3n de la Iniciativa Corazones (HEARTS) en M\u00e9xico;&nbsp;Actividad f\u00edsica y nutrici\u00f3n, bases de la cardioprotecci\u00f3n;Detecci\u00f3n oportuna de las enfermedades cardiometab\u00f3licas y continuidad de la atenci\u00f3n e Identificaci\u00f3n de las principales alteraciones electrocardiogr\u00e1ficas en pacientes con enfermedades cardiometab\u00f3licas, entre otras.<\/p>\n\n\n\n<figure class=\"wp-block-image aligncenter size-large\"><img loading=\"lazy\" decoding=\"async\" width=\"1024\" height=\"682\" src=\"https:\/\/www.ssaver.gob.mx\/difusion\/wp-content\/uploads\/sites\/23\/2025\/09\/WhatsApp-Image-2025-09-27-at-12.56.54-2-1024x682.jpeg\" alt=\"\" class=\"wp-image-5729\" srcset=\"https:\/\/www.ssaver.gob.mx\/difusion\/wp-content\/uploads\/sites\/23\/2025\/09\/WhatsApp-Image-2025-09-27-at-12.56.54-2-1024x682.jpeg 1024w, https:\/\/www.ssaver.gob.mx\/difusion\/wp-content\/uploads\/sites\/23\/2025\/09\/WhatsApp-Image-2025-09-27-at-12.56.54-2-300x200.jpeg 300w, https:\/\/www.ssaver.gob.mx\/difusion\/wp-content\/uploads\/sites\/23\/2025\/09\/WhatsApp-Image-2025-09-27-at-12.56.54-2-768x512.jpeg 768w, https:\/\/www.ssaver.gob.mx\/difusion\/wp-content\/uploads\/sites\/23\/2025\/09\/WhatsApp-Image-2025-09-27-at-12.56.54-2-1536x1023.jpeg 1536w, https:\/\/www.ssaver.gob.mx\/difusion\/wp-content\/uploads\/sites\/23\/2025\/09\/WhatsApp-Image-2025-09-27-at-12.56.54-2.jpeg 1600w\" sizes=\"auto, (max-width: 1024px) 100vw, 1024px\" \/><\/figure>\n\n\n\n<p class=\"has-medium-font-size\">El titular de la SS, Valent\u00edn Herrera Alarc\u00f3n, se\u00f1al\u00f3&nbsp;que, previo a la conmemoraci\u00f3n del D\u00eda Mundial del Coraz\u00f3n&nbsp;-el pr\u00f3ximo 29 de septiembre-, es momento de actuar e implementar medidas que garanticen bienestar a la poblaci\u00f3n, \u201cel trabajo en equipo permitir\u00e1&nbsp;la consolidaci\u00f3n de una sociedad m\u00e1s sana\u201d.<\/p>\n\n\n\n<figure class=\"wp-block-image aligncenter size-large\"><img loading=\"lazy\" decoding=\"async\" width=\"1024\" height=\"682\" src=\"https:\/\/www.ssaver.gob.mx\/difusion\/wp-content\/uploads\/sites\/23\/2025\/09\/WhatsApp-Image-2025-09-27-at-12.56.54-1-1024x682.jpeg\" alt=\"\" class=\"wp-image-5730\" srcset=\"https:\/\/www.ssaver.gob.mx\/difusion\/wp-content\/uploads\/sites\/23\/2025\/09\/WhatsApp-Image-2025-09-27-at-12.56.54-1-1024x682.jpeg 1024w, https:\/\/www.ssaver.gob.mx\/difusion\/wp-content\/uploads\/sites\/23\/2025\/09\/WhatsApp-Image-2025-09-27-at-12.56.54-1-300x200.jpeg 300w, https:\/\/www.ssaver.gob.mx\/difusion\/wp-content\/uploads\/sites\/23\/2025\/09\/WhatsApp-Image-2025-09-27-at-12.56.54-1-768x512.jpeg 768w, https:\/\/www.ssaver.gob.mx\/difusion\/wp-content\/uploads\/sites\/23\/2025\/09\/WhatsApp-Image-2025-09-27-at-12.56.54-1-1536x1023.jpeg 1536w, https:\/\/www.ssaver.gob.mx\/difusion\/wp-content\/uploads\/sites\/23\/2025\/09\/WhatsApp-Image-2025-09-27-at-12.56.54-1.jpeg 1600w\" sizes=\"auto, (max-width: 1024px) 100vw, 1024px\" \/><\/figure>\n\n\n\n<p class=\"has-medium-font-size\">Por su parte, el director del Programa de Salud en el Adulto y las Personas Mayores del Centro Nacional de Prevenci\u00f3n y Control de Enfermedades (CENAPRECE), Miguel&nbsp;\u00c1ngel D\u00edaz Aguilera, record\u00f3&nbsp;que las enfermedades cardiovasculares son prevenibles y destac\u00f3&nbsp;la importancia de las acciones que impulsa Veracruz para frenar su desarrollo.<\/p>\n\n\n\n<p class=\"has-medium-font-size\">En esta iniciativa participan los responsables jurisdiccionales del Programa de Enfermedades Cardiometab\u00f3licas, as\u00ed&nbsp;como directivos y personal de las unidades estrat\u00e9gicas de HEARTS, impulsadas por la Organizaci\u00f3n Mundial de la Salud.<\/p>\n","protected":false},"excerpt":{"rendered":"<p>&gt;Se optimiza el diagn\u00f3stico y tratamiento de pacientes. &gt;La atenci\u00f3n temprana, clave en la poblaci\u00f3n en riesgo. Xalapa, Ver.,&nbsp;s\u00e1bado 27&nbsp;de<\/p>\n","protected":false},"author":68,"featured_media":5726,"comment_status":"closed","ping_status":"closed","sticky":false,"template":"","format":"standard","meta":{"colormag_page_container_layout":"default_layout","colormag_page_sidebar_layout":"default_layout","footnotes":""},"categories":[111,115],"tags":[771,750,770,773,772,751,775,769,776,774,141,189,184,191],"class_list":["post-5725","post","type-post","status-publish","format-standard","has-post-thumbnail","hentry","category-boletines","category-general","tag-11-jurisdicciones-sanitarias-del-estado","tag-apoyo-del-director-general","tag-cenaprece","tag-dia-mundial-del-corazon","tag-hearts","tag-juan-pablo-uribe-gonzalez","tag-miguel-angel-diaz-aguilera","tag-oms","tag-organizacion-mundial-de-la-salud","tag-programa-de-salud-en-el-adulto-y-las-personas-mayores-del-centro-nacional-de-prevencion-y-control-de-enfermedades","tag-salud","tag-secretaria-de-salud-de-veracruz","tag-sesver","tag-valentin-herrera-alarcon"],"_links":{"self":[{"href":"https:\/\/www.ssaver.gob.mx\/difusion\/wp-json\/wp\/v2\/posts\/5725","targetHints":{"allow":["GET"]}}],"collection":[{"href":"https:\/\/www.ssaver.gob.mx\/difusion\/wp-json\/wp\/v2\/posts"}],"about":[{"href":"https:\/\/www.ssaver.gob.mx\/difusion\/wp-json\/wp\/v2\/types\/post"}],"author":[{"embeddable":true,"href":"https:\/\/www.ssaver.gob.mx\/difusion\/wp-json\/wp\/v2\/users\/68"}],"replies":[{"embeddable":true,"href":"https:\/\/www.ssaver.gob.mx\/difusion\/wp-json\/wp\/v2\/comments?post=5725"}],"version-history":[{"count":1,"href":"https:\/\/www.ssaver.gob.mx\/difusion\/wp-json\/wp\/v2\/posts\/5725\/revisions"}],"predecessor-version":[{"id":5731,"href":"https:\/\/www.ssaver.gob.mx\/difusion\/wp-json\/wp\/v2\/posts\/5725\/revisions\/5731"}],"wp:featuredmedia":[{"embeddable":true,"href":"https:\/\/www.ssaver.gob.mx\/difusion\/wp-json\/wp\/v2\/media\/5726"}],"wp:attachment":[{"href":"https:\/\/www.ssaver.gob.mx\/difusion\/wp-json\/wp\/v2\/media?parent=5725"}],"wp:term":[{"taxonomy":"category","embeddable":true,"href":"https:\/\/www.ssaver.gob.mx\/difusion\/wp-json\/wp\/v2\/categories?post=5725"},{"taxonomy":"post_tag","embeddable":true,"href":"https:\/\/www.ssaver.gob.mx\/difusion\/wp-json\/wp\/v2\/tags?post=5725"}],"curies":[{"name":"wp","href":"https:\/\/api.w.org\/{rel}","templated":true}]}}