{"id":5732,"date":"2025-09-27T14:36:08","date_gmt":"2025-09-27T19:36:08","guid":{"rendered":"https:\/\/www.ssaver.gob.mx\/difusion\/?p=5732"},"modified":"2025-09-27T14:36:08","modified_gmt":"2025-09-27T19:36:08","slug":"ss-reconoce-a-familias-que-compartieron-esperanza-a-traves-del-trasplante","status":"publish","type":"post","link":"https:\/\/www.ssaver.gob.mx\/difusion\/2025\/09\/27\/ss-reconoce-a-familias-que-compartieron-esperanza-a-traves-del-trasplante\/","title":{"rendered":"SS reconoce a familias que compartieron esperanza a trav\u00e9s del trasplante"},"content":{"rendered":"\n<p class=\"has-medium-font-size\">&gt;Exhorta a continuar&nbsp;el trabajo interinstitucional por una&nbsp;cultura de la donaci\u00f3n voluntaria.<\/p>\n\n\n\n<p class=\"has-medium-font-size\">&gt;SECVER propone actividades art\u00edsticas,&nbsp;s\u00edmbolos y valores de los pueblos originarios&nbsp;en&nbsp;campa\u00f1as de donaci\u00f3n. &nbsp;<\/p>\n\n\n\n<p class=\"has-medium-font-size\"><strong>Veracruz, Ver., s\u00e1bado 27 de septiembre de 2025.-<\/strong>&nbsp;Al refrendar&nbsp;su&nbsp;compromiso&nbsp;con la&nbsp;cultura de la donaci\u00f3n de \u00f3rganos y tejidos en Veracruz, la Secretar\u00eda de Salud (SS), llev\u00f3 a cabo la ceremonia de Reconocimiento a Familias Donadoras y Donadores en Vida, quienes, a trav\u00e9s de este gesto de solidaridad, han mejorado la calidad de vida de las personas trasplantadas.<\/p>\n\n\n\n<figure class=\"wp-block-image size-large\"><img loading=\"lazy\" decoding=\"async\" width=\"1024\" height=\"576\" src=\"https:\/\/www.ssaver.gob.mx\/difusion\/wp-content\/uploads\/sites\/23\/2025\/09\/WhatsApp-Image-2025-09-27-at-12.56.55-1024x576.jpeg\" alt=\"\" class=\"wp-image-5734\" srcset=\"https:\/\/www.ssaver.gob.mx\/difusion\/wp-content\/uploads\/sites\/23\/2025\/09\/WhatsApp-Image-2025-09-27-at-12.56.55-1024x576.jpeg 1024w, https:\/\/www.ssaver.gob.mx\/difusion\/wp-content\/uploads\/sites\/23\/2025\/09\/WhatsApp-Image-2025-09-27-at-12.56.55-300x169.jpeg 300w, https:\/\/www.ssaver.gob.mx\/difusion\/wp-content\/uploads\/sites\/23\/2025\/09\/WhatsApp-Image-2025-09-27-at-12.56.55-768x432.jpeg 768w, https:\/\/www.ssaver.gob.mx\/difusion\/wp-content\/uploads\/sites\/23\/2025\/09\/WhatsApp-Image-2025-09-27-at-12.56.55-1536x864.jpeg 1536w, https:\/\/www.ssaver.gob.mx\/difusion\/wp-content\/uploads\/sites\/23\/2025\/09\/WhatsApp-Image-2025-09-27-at-12.56.55.jpeg 1600w\" sizes=\"auto, (max-width: 1024px) 100vw, 1024px\" \/><\/figure>\n\n\n\n<p class=\"has-medium-font-size\">Durante el evento, enmarcado en el D\u00eda Nacional de la Donaci\u00f3n y Trasplante, el titular de la dependencia, Valent\u00edn Herrera Alarc\u00f3n, destac\u00f3 la importancia de mantener el trabajo coordinado entre instituciones para impulsar esta noble causa, subrayando que\u201cla vida se multiplica cuando se comparte\u201d.<\/p>\n\n\n\n<figure class=\"wp-block-image aligncenter size-large\"><img loading=\"lazy\" decoding=\"async\" width=\"1024\" height=\"576\" src=\"https:\/\/www.ssaver.gob.mx\/difusion\/wp-content\/uploads\/sites\/23\/2025\/09\/WhatsApp-Image-2025-09-27-at-12.57.24-1024x576.jpeg\" alt=\"\" class=\"wp-image-5735\" srcset=\"https:\/\/www.ssaver.gob.mx\/difusion\/wp-content\/uploads\/sites\/23\/2025\/09\/WhatsApp-Image-2025-09-27-at-12.57.24-1024x576.jpeg 1024w, https:\/\/www.ssaver.gob.mx\/difusion\/wp-content\/uploads\/sites\/23\/2025\/09\/WhatsApp-Image-2025-09-27-at-12.57.24-300x169.jpeg 300w, https:\/\/www.ssaver.gob.mx\/difusion\/wp-content\/uploads\/sites\/23\/2025\/09\/WhatsApp-Image-2025-09-27-at-12.57.24-768x432.jpeg 768w, https:\/\/www.ssaver.gob.mx\/difusion\/wp-content\/uploads\/sites\/23\/2025\/09\/WhatsApp-Image-2025-09-27-at-12.57.24-1536x864.jpeg 1536w, https:\/\/www.ssaver.gob.mx\/difusion\/wp-content\/uploads\/sites\/23\/2025\/09\/WhatsApp-Image-2025-09-27-at-12.57.24.jpeg 1600w\" sizes=\"auto, (max-width: 1024px) 100vw, 1024px\" \/><\/figure>\n\n\n\n<p class=\"has-medium-font-size\">Reconoci\u00f3 a las familias que, en medio de la p\u00e9rdida, eligen compartir vida con quienes m\u00e1s lo necesitan,&nbsp;\u201cles decimos gracias por el gesto que cambia destinos, por la decisi\u00f3n que abre una puerta donde parec\u00eda no haber salida. En medio de la despedida, siembran una semilla de futuro\u201d.<\/p>\n\n\n\n<figure class=\"wp-block-image aligncenter size-large\"><img loading=\"lazy\" decoding=\"async\" width=\"1024\" height=\"768\" src=\"https:\/\/www.ssaver.gob.mx\/difusion\/wp-content\/uploads\/sites\/23\/2025\/09\/WhatsApp-Image-2025-09-27-at-12.57.24-1-1024x768.jpeg\" alt=\"\" class=\"wp-image-5736\" srcset=\"https:\/\/www.ssaver.gob.mx\/difusion\/wp-content\/uploads\/sites\/23\/2025\/09\/WhatsApp-Image-2025-09-27-at-12.57.24-1-1024x768.jpeg 1024w, https:\/\/www.ssaver.gob.mx\/difusion\/wp-content\/uploads\/sites\/23\/2025\/09\/WhatsApp-Image-2025-09-27-at-12.57.24-1-300x225.jpeg 300w, https:\/\/www.ssaver.gob.mx\/difusion\/wp-content\/uploads\/sites\/23\/2025\/09\/WhatsApp-Image-2025-09-27-at-12.57.24-1-768x576.jpeg 768w, https:\/\/www.ssaver.gob.mx\/difusion\/wp-content\/uploads\/sites\/23\/2025\/09\/WhatsApp-Image-2025-09-27-at-12.57.24-1-1536x1152.jpeg 1536w, https:\/\/www.ssaver.gob.mx\/difusion\/wp-content\/uploads\/sites\/23\/2025\/09\/WhatsApp-Image-2025-09-27-at-12.57.24-1.jpeg 1600w\" sizes=\"auto, (max-width: 1024px) 100vw, 1024px\" \/><\/figure>\n\n\n\n<p class=\"has-medium-font-size\">Por su parte, la secretaria de Cultura (SECVER), X\u00f3chitl Molina Gonz\u00e1lez, propuso fortalecer esta iniciativa desde el \u00e1mbito educativo y art\u00edstico,&nbsp;\u201cla conciencia sobre el trasplante debe iniciar desde temprana edad, por medio del arte, el juego y el trabajo cultural comunitario\u201d.<\/p>\n\n\n\n<p class=\"has-medium-font-size\">Sugiri\u00f3 enriquecer las campa\u00f1as actuales con elementos visuales basados en los valores y s\u00edmbolos de los pueblos originarios de Veracruz, con el objetivo de generar materiales que conecten con todas las regiones del estado.<\/p>\n\n\n\n<p class=\"has-medium-font-size\">La SS reiter\u00f3 su compromiso de llevar informaci\u00f3n clara y accesible a escuelas, centros de trabajo y comunidades, para fomentar la confianza y fortalecer esta pr\u00e1ctica solidaria, e&nbsp;invit\u00f3 a la poblaci\u00f3n a seguir las redes sociales del Centro Estatal de Trasplantes del Estado de Veracruz, donde se comparte contenido \u00fatil y actual sobre el tema.<\/p>\n","protected":false},"excerpt":{"rendered":"<p>&gt;Exhorta a continuar&nbsp;el trabajo interinstitucional por una&nbsp;cultura de la donaci\u00f3n voluntaria. &gt;SECVER propone actividades art\u00edsticas,&nbsp;s\u00edmbolos y valores de los pueblos<\/p>\n","protected":false},"author":68,"featured_media":5733,"comment_status":"closed","ping_status":"closed","sticky":false,"template":"","format":"standard","meta":{"colormag_page_container_layout":"default_layout","colormag_page_sidebar_layout":"default_layout","footnotes":""},"categories":[111,115],"tags":[750,751,141,189,688,184,570,777,191,142,137],"class_list":["post-5732","post","type-post","status-publish","format-standard","has-post-thumbnail","hentry","category-boletines","category-general","tag-apoyo-del-director-general","tag-juan-pablo-uribe-gonzalez","tag-salud","tag-secretaria-de-salud-de-veracruz","tag-secretario-de-salud-valentin-herrera-alarcon","tag-sesver","tag-ss","tag-trasplante","tag-valentin-herrera-alarcon","tag-veracruz","tag-xalapa"],"_links":{"self":[{"href":"https:\/\/www.ssaver.gob.mx\/difusion\/wp-json\/wp\/v2\/posts\/5732","targetHints":{"allow":["GET"]}}],"collection":[{"href":"https:\/\/www.ssaver.gob.mx\/difusion\/wp-json\/wp\/v2\/posts"}],"about":[{"href":"https:\/\/www.ssaver.gob.mx\/difusion\/wp-json\/wp\/v2\/types\/post"}],"author":[{"embeddable":true,"href":"https:\/\/www.ssaver.gob.mx\/difusion\/wp-json\/wp\/v2\/users\/68"}],"replies":[{"embeddable":true,"href":"https:\/\/www.ssaver.gob.mx\/difusion\/wp-json\/wp\/v2\/comments?post=5732"}],"version-history":[{"count":1,"href":"https:\/\/www.ssaver.gob.mx\/difusion\/wp-json\/wp\/v2\/posts\/5732\/revisions"}],"predecessor-version":[{"id":5737,"href":"https:\/\/www.ssaver.gob.mx\/difusion\/wp-json\/wp\/v2\/posts\/5732\/revisions\/5737"}],"wp:featuredmedia":[{"embeddable":true,"href":"https:\/\/www.ssaver.gob.mx\/difusion\/wp-json\/wp\/v2\/media\/5733"}],"wp:attachment":[{"href":"https:\/\/www.ssaver.gob.mx\/difusion\/wp-json\/wp\/v2\/media?parent=5732"}],"wp:term":[{"taxonomy":"category","embeddable":true,"href":"https:\/\/www.ssaver.gob.mx\/difusion\/wp-json\/wp\/v2\/categories?post=5732"},{"taxonomy":"post_tag","embeddable":true,"href":"https:\/\/www.ssaver.gob.mx\/difusion\/wp-json\/wp\/v2\/tags?post=5732"}],"curies":[{"name":"wp","href":"https:\/\/api.w.org\/{rel}","templated":true}]}}