{"id":5738,"date":"2025-09-29T10:51:17","date_gmt":"2025-09-29T15:51:17","guid":{"rendered":"https:\/\/www.ssaver.gob.mx\/difusion\/?p=5738"},"modified":"2025-09-29T10:51:17","modified_gmt":"2025-09-29T15:51:17","slug":"salud-articula-estrategia-en-las-11-jurisdicciones-contra-dengue-y-sarampion","status":"publish","type":"post","link":"https:\/\/www.ssaver.gob.mx\/difusion\/2025\/09\/29\/salud-articula-estrategia-en-las-11-jurisdicciones-contra-dengue-y-sarampion\/","title":{"rendered":"Salud articula estrategia en las 11 jurisdicciones contra dengue y sarampi\u00f3n"},"content":{"rendered":"\n<p class=\"has-medium-font-size\"><strong>Veracruz, Ver., domingo 28 de septiembre de 2025.- <\/strong>La Secretar\u00eda de Salud convoc\u00f3 a jefas y jefes de las 11 jurisdicciones sanitarias, con el objetivo de poner en marcha una campa\u00f1a integral contra el dengue ante la temporada de mayor riesgo epidemiol\u00f3gico y consolidar acciones para prevenir el sarampi\u00f3n.<\/p>\n\n\n\n<figure class=\"wp-block-image aligncenter size-large\"><img loading=\"lazy\" decoding=\"async\" width=\"1024\" height=\"677\" src=\"https:\/\/www.ssaver.gob.mx\/difusion\/wp-content\/uploads\/sites\/23\/2025\/09\/WhatsApp-Image-2025-09-29-at-9.27.12-AM-1-1024x677.jpeg\" alt=\"\" class=\"wp-image-5742\" srcset=\"https:\/\/www.ssaver.gob.mx\/difusion\/wp-content\/uploads\/sites\/23\/2025\/09\/WhatsApp-Image-2025-09-29-at-9.27.12-AM-1-1024x677.jpeg 1024w, https:\/\/www.ssaver.gob.mx\/difusion\/wp-content\/uploads\/sites\/23\/2025\/09\/WhatsApp-Image-2025-09-29-at-9.27.12-AM-1-300x198.jpeg 300w, https:\/\/www.ssaver.gob.mx\/difusion\/wp-content\/uploads\/sites\/23\/2025\/09\/WhatsApp-Image-2025-09-29-at-9.27.12-AM-1-768x508.jpeg 768w, https:\/\/www.ssaver.gob.mx\/difusion\/wp-content\/uploads\/sites\/23\/2025\/09\/WhatsApp-Image-2025-09-29-at-9.27.12-AM-1-1536x1016.jpeg 1536w, https:\/\/www.ssaver.gob.mx\/difusion\/wp-content\/uploads\/sites\/23\/2025\/09\/WhatsApp-Image-2025-09-29-at-9.27.12-AM-1.jpeg 1600w\" sizes=\"auto, (max-width: 1024px) 100vw, 1024px\" \/><\/figure>\n\n\n\n<p class=\"has-medium-font-size\">Definieron acciones coordinadas para el control del mosquito Aedes aegypti, con \u00e9nfasis en la participaci\u00f3n comunitaria, la eliminaci\u00f3n de criaderos y la atenci\u00f3n oportuna de casos sospechosos.<\/p>\n\n\n\n<figure class=\"wp-block-image aligncenter size-large\"><img loading=\"lazy\" decoding=\"async\" width=\"1024\" height=\"682\" src=\"https:\/\/www.ssaver.gob.mx\/difusion\/wp-content\/uploads\/sites\/23\/2025\/09\/WhatsApp-Image-2025-09-29-at-9.27.12-AM-2-1024x682.jpeg\" alt=\"\" class=\"wp-image-5743\" srcset=\"https:\/\/www.ssaver.gob.mx\/difusion\/wp-content\/uploads\/sites\/23\/2025\/09\/WhatsApp-Image-2025-09-29-at-9.27.12-AM-2-1024x682.jpeg 1024w, https:\/\/www.ssaver.gob.mx\/difusion\/wp-content\/uploads\/sites\/23\/2025\/09\/WhatsApp-Image-2025-09-29-at-9.27.12-AM-2-300x200.jpeg 300w, https:\/\/www.ssaver.gob.mx\/difusion\/wp-content\/uploads\/sites\/23\/2025\/09\/WhatsApp-Image-2025-09-29-at-9.27.12-AM-2-768x512.jpeg 768w, https:\/\/www.ssaver.gob.mx\/difusion\/wp-content\/uploads\/sites\/23\/2025\/09\/WhatsApp-Image-2025-09-29-at-9.27.12-AM-2-1536x1023.jpeg 1536w, https:\/\/www.ssaver.gob.mx\/difusion\/wp-content\/uploads\/sites\/23\/2025\/09\/WhatsApp-Image-2025-09-29-at-9.27.12-AM-2.jpeg 1600w\" sizes=\"auto, (max-width: 1024px) 100vw, 1024px\" \/><\/figure>\n\n\n\n<p class=\"has-medium-font-size\">Asimismo, delinearon estrategias para ampliar la cobertura de vacunaci\u00f3n contra el sarampi\u00f3n, enfermedad que ha registrado un aumento de casos en otras entidades y que, de no atenderse oportunamente, representar\u00eda un riesgo para la salud p\u00fablica.<\/p>\n\n\n\n<p class=\"has-medium-font-size\">La gobernadora Roc\u00edo Nahle Garc\u00eda ha subrayado que la salud es un eje central de su gobierno, y que las acciones preventivas deben intensificarse para salvaguardar el bienestar de la poblaci\u00f3n.<\/p>\n\n\n\n<figure class=\"wp-block-image aligncenter size-large\"><img loading=\"lazy\" decoding=\"async\" width=\"1024\" height=\"683\" src=\"https:\/\/www.ssaver.gob.mx\/difusion\/wp-content\/uploads\/sites\/23\/2025\/09\/WhatsApp-Image-2025-09-29-at-9.29.48-AM-1-1024x683.jpeg\" alt=\"\" class=\"wp-image-5745\" srcset=\"https:\/\/www.ssaver.gob.mx\/difusion\/wp-content\/uploads\/sites\/23\/2025\/09\/WhatsApp-Image-2025-09-29-at-9.29.48-AM-1-1024x683.jpeg 1024w, https:\/\/www.ssaver.gob.mx\/difusion\/wp-content\/uploads\/sites\/23\/2025\/09\/WhatsApp-Image-2025-09-29-at-9.29.48-AM-1-300x200.jpeg 300w, https:\/\/www.ssaver.gob.mx\/difusion\/wp-content\/uploads\/sites\/23\/2025\/09\/WhatsApp-Image-2025-09-29-at-9.29.48-AM-1-768x512.jpeg 768w, https:\/\/www.ssaver.gob.mx\/difusion\/wp-content\/uploads\/sites\/23\/2025\/09\/WhatsApp-Image-2025-09-29-at-9.29.48-AM-1-1536x1024.jpeg 1536w, https:\/\/www.ssaver.gob.mx\/difusion\/wp-content\/uploads\/sites\/23\/2025\/09\/WhatsApp-Image-2025-09-29-at-9.29.48-AM-1-2048x1365.jpeg 2048w\" sizes=\"auto, (max-width: 1024px) 100vw, 1024px\" \/><\/figure>\n\n\n\n<p class=\"has-medium-font-size\">Ha sido enf\u00e1tica al destacar que las acciones integrales y la vacunaci\u00f3n son claves para proteger a la poblaci\u00f3n y garantizar el derecho a la salud en todo el estado.<\/p>\n\n\n\n<p><\/p>\n","protected":false},"excerpt":{"rendered":"<p>Veracruz, Ver., domingo 28 de septiembre de 2025.- La Secretar\u00eda de Salud convoc\u00f3 a jefas y jefes de las 11<\/p>\n","protected":false},"author":68,"featured_media":5739,"comment_status":"closed","ping_status":"closed","sticky":false,"template":"","format":"standard","meta":{"colormag_page_container_layout":"default_layout","colormag_page_sidebar_layout":"default_layout","footnotes":""},"categories":[111,115],"tags":[750,241,778,244,751,781,782,784,786,783,780,779],"class_list":["post-5738","post","type-post","status-publish","format-standard","has-post-thumbnail","hentry","category-boletines","category-general","tag-apoyo-del-director-general","tag-cual-dengue-es-mas-peligroso","tag-dengue-cuando-aparecen-los-sintomas-2","tag-dengue-quien-lo-transmite","tag-juan-pablo-uribe-gonzalez","tag-por-que-el-sarampion-es-peligroso","tag-por-que-sale-sarampion-2","tag-sarampion-cual-es-el-virus-2","tag-sarampion-cual-es-la-vacuna-2","tag-sarampion-cuando-se-vacuna-2","tag-sarampion-quien-debe-vacunarse","tag-sarampion-quien-lo-produce"],"_links":{"self":[{"href":"https:\/\/www.ssaver.gob.mx\/difusion\/wp-json\/wp\/v2\/posts\/5738","targetHints":{"allow":["GET"]}}],"collection":[{"href":"https:\/\/www.ssaver.gob.mx\/difusion\/wp-json\/wp\/v2\/posts"}],"about":[{"href":"https:\/\/www.ssaver.gob.mx\/difusion\/wp-json\/wp\/v2\/types\/post"}],"author":[{"embeddable":true,"href":"https:\/\/www.ssaver.gob.mx\/difusion\/wp-json\/wp\/v2\/users\/68"}],"replies":[{"embeddable":true,"href":"https:\/\/www.ssaver.gob.mx\/difusion\/wp-json\/wp\/v2\/comments?post=5738"}],"version-history":[{"count":2,"href":"https:\/\/www.ssaver.gob.mx\/difusion\/wp-json\/wp\/v2\/posts\/5738\/revisions"}],"predecessor-version":[{"id":5747,"href":"https:\/\/www.ssaver.gob.mx\/difusion\/wp-json\/wp\/v2\/posts\/5738\/revisions\/5747"}],"wp:featuredmedia":[{"embeddable":true,"href":"https:\/\/www.ssaver.gob.mx\/difusion\/wp-json\/wp\/v2\/media\/5739"}],"wp:attachment":[{"href":"https:\/\/www.ssaver.gob.mx\/difusion\/wp-json\/wp\/v2\/media?parent=5738"}],"wp:term":[{"taxonomy":"category","embeddable":true,"href":"https:\/\/www.ssaver.gob.mx\/difusion\/wp-json\/wp\/v2\/categories?post=5738"},{"taxonomy":"post_tag","embeddable":true,"href":"https:\/\/www.ssaver.gob.mx\/difusion\/wp-json\/wp\/v2\/tags?post=5738"}],"curies":[{"name":"wp","href":"https:\/\/api.w.org\/{rel}","templated":true}]}}