{"id":5740,"date":"2025-09-29T11:06:46","date_gmt":"2025-09-29T16:06:46","guid":{"rendered":"https:\/\/www.ssaver.gob.mx\/difusion\/?p=5740"},"modified":"2025-09-29T11:06:46","modified_gmt":"2025-09-29T16:06:46","slug":"participacion-comunitaria-clave-para-evitar-que-factores-ambientales-afecten-la-salud","status":"publish","type":"post","link":"https:\/\/www.ssaver.gob.mx\/difusion\/2025\/09\/29\/participacion-comunitaria-clave-para-evitar-que-factores-ambientales-afecten-la-salud\/","title":{"rendered":"Participaci\u00f3n comunitaria, clave para evitar que\u00a0factores ambientales afecten la salud"},"content":{"rendered":"\n<p class=\"has-medium-font-size\">&gt;Cada persona desde&nbsp;su espacio puede aportar a la conservaci\u00f3n del&nbsp;entorno.<\/p>\n\n\n\n<p class=\"has-medium-font-size\"><strong>Xalapa, Ver., domingo<\/strong><a><\/a><strong>&nbsp;28<\/strong><strong>&nbsp;de septiembre de 2025.-&nbsp;<\/strong>En el marco del D\u00eda Mundial de la Salud Ambiental,&nbsp;la Secretar\u00eda de Salud (SS) llev\u00f3&nbsp;a cabo un ciclo de conferencias y present\u00f3&nbsp;el informe de&nbsp;los trabajos que desde las 11 jurisdicciones sanitarias se realizan para la prevenci\u00f3n de riesgos sanitarios.<\/p>\n\n\n\n<figure class=\"wp-block-image aligncenter size-large is-resized\"><img loading=\"lazy\" decoding=\"async\" width=\"1024\" height=\"682\" src=\"https:\/\/www.ssaver.gob.mx\/difusion\/wp-content\/uploads\/sites\/23\/2025\/09\/WhatsApp-Image-2025-09-28-at-13.47.16-1024x682.jpeg\" alt=\"\" class=\"wp-image-5748\" style=\"width:1140px;height:auto\" srcset=\"https:\/\/www.ssaver.gob.mx\/difusion\/wp-content\/uploads\/sites\/23\/2025\/09\/WhatsApp-Image-2025-09-28-at-13.47.16-1024x682.jpeg 1024w, https:\/\/www.ssaver.gob.mx\/difusion\/wp-content\/uploads\/sites\/23\/2025\/09\/WhatsApp-Image-2025-09-28-at-13.47.16-300x200.jpeg 300w, https:\/\/www.ssaver.gob.mx\/difusion\/wp-content\/uploads\/sites\/23\/2025\/09\/WhatsApp-Image-2025-09-28-at-13.47.16-768x512.jpeg 768w, https:\/\/www.ssaver.gob.mx\/difusion\/wp-content\/uploads\/sites\/23\/2025\/09\/WhatsApp-Image-2025-09-28-at-13.47.16-1536x1023.jpeg 1536w, https:\/\/www.ssaver.gob.mx\/difusion\/wp-content\/uploads\/sites\/23\/2025\/09\/WhatsApp-Image-2025-09-28-at-13.47.16.jpeg 1600w\" sizes=\"auto, (max-width: 1024px) 100vw, 1024px\" \/><\/figure>\n\n\n\n<p class=\"has-medium-font-size\">El prop\u00f3sito de las ponencias fue el de\u00a0concientizar y llamar a la acci\u00f3n comunitaria de la poblaci\u00f3n para frenar los factores ambientales que impactan la salud, as\u00ed como\u00a0aprender, compartir experiencias, generar alianzas y renovar compromisos. <\/p>\n\n\n\n<figure class=\"wp-block-image aligncenter size-large\"><img loading=\"lazy\" decoding=\"async\" width=\"1024\" height=\"682\" src=\"https:\/\/www.ssaver.gob.mx\/difusion\/wp-content\/uploads\/sites\/23\/2025\/09\/WhatsApp-Image-2025-09-28-at-13.47.17-1-1024x682.jpeg\" alt=\"\" class=\"wp-image-5749\" srcset=\"https:\/\/www.ssaver.gob.mx\/difusion\/wp-content\/uploads\/sites\/23\/2025\/09\/WhatsApp-Image-2025-09-28-at-13.47.17-1-1024x682.jpeg 1024w, https:\/\/www.ssaver.gob.mx\/difusion\/wp-content\/uploads\/sites\/23\/2025\/09\/WhatsApp-Image-2025-09-28-at-13.47.17-1-300x200.jpeg 300w, https:\/\/www.ssaver.gob.mx\/difusion\/wp-content\/uploads\/sites\/23\/2025\/09\/WhatsApp-Image-2025-09-28-at-13.47.17-1-768x512.jpeg 768w, https:\/\/www.ssaver.gob.mx\/difusion\/wp-content\/uploads\/sites\/23\/2025\/09\/WhatsApp-Image-2025-09-28-at-13.47.17-1-1536x1023.jpeg 1536w, https:\/\/www.ssaver.gob.mx\/difusion\/wp-content\/uploads\/sites\/23\/2025\/09\/WhatsApp-Image-2025-09-28-at-13.47.17-1.jpeg 1600w\" sizes=\"auto, (max-width: 1024px) 100vw, 1024px\" \/><\/figure>\n\n\n\n<p class=\"has-medium-font-size\">La&nbsp;SS se uni\u00f3&nbsp;al llamado de las Naciones Unidas para evitar que contin\u00fae la degradaci\u00f3n del planeta, sus recursos naturales y las especies que habitan en&nbsp;\u00e9l, en donde&nbsp;se requiere que&nbsp;tambi\u00e9n&nbsp;la sociedad participe y se comprometa con este tema, pues un ambiente contaminado genera el 90&nbsp;por ciento de las enfermedades que&nbsp;hoy se padecen.<\/p>\n\n\n\n<p class=\"has-medium-font-size\">En ese sentido, el titular de Salud,&nbsp;Valent\u00edn Herrera Alarc\u00f3n,&nbsp;destac\u00f3&nbsp;que&nbsp;cada persona, desde su espacio, puede aportar en la conservaci\u00f3n del&nbsp;entorno ambiental y&nbsp;exhort\u00f3&nbsp;a los&nbsp;ayuntamientos, instituciones, l\u00edderes comunitarios y&nbsp;poblaci\u00f3n en general, a participar responsablemente en las acciones&nbsp;para prevenir y evitar&nbsp;los riesgos sanitarios.<\/p>\n\n\n\n<figure class=\"wp-block-image aligncenter size-large\"><img loading=\"lazy\" decoding=\"async\" width=\"1024\" height=\"682\" src=\"https:\/\/www.ssaver.gob.mx\/difusion\/wp-content\/uploads\/sites\/23\/2025\/09\/WhatsApp-Image-2025-09-28-at-13.47.17-1024x682.jpeg\" alt=\"\" class=\"wp-image-5750\" srcset=\"https:\/\/www.ssaver.gob.mx\/difusion\/wp-content\/uploads\/sites\/23\/2025\/09\/WhatsApp-Image-2025-09-28-at-13.47.17-1024x682.jpeg 1024w, https:\/\/www.ssaver.gob.mx\/difusion\/wp-content\/uploads\/sites\/23\/2025\/09\/WhatsApp-Image-2025-09-28-at-13.47.17-300x200.jpeg 300w, https:\/\/www.ssaver.gob.mx\/difusion\/wp-content\/uploads\/sites\/23\/2025\/09\/WhatsApp-Image-2025-09-28-at-13.47.17-768x512.jpeg 768w, https:\/\/www.ssaver.gob.mx\/difusion\/wp-content\/uploads\/sites\/23\/2025\/09\/WhatsApp-Image-2025-09-28-at-13.47.17-1536x1023.jpeg 1536w, https:\/\/www.ssaver.gob.mx\/difusion\/wp-content\/uploads\/sites\/23\/2025\/09\/WhatsApp-Image-2025-09-28-at-13.47.17.jpeg 1600w\" sizes=\"auto, (max-width: 1024px) 100vw, 1024px\" \/><\/figure>\n\n\n\n<p class=\"has-medium-font-size\">Reconoci\u00f3 que hoy m\u00e1s que nunca&nbsp;la poblaci\u00f3n&nbsp;se enfrenta a retos complejos como la migraci\u00f3n clim\u00e1tica, la p\u00e9rdida de biodiversidad, la contaminaci\u00f3n del aire y el agua, as\u00ed&nbsp;como al&nbsp;manejo de los residuos, factores ambientales que tienen un impacto&nbsp;directo sobre la salud humana.<\/p>\n\n\n\n<p class=\"has-medium-font-size\"><\/p>\n","protected":false},"excerpt":{"rendered":"<p>&gt;Cada persona desde&nbsp;su espacio puede aportar a la conservaci\u00f3n del&nbsp;entorno. Xalapa, Ver., domingo&nbsp;28&nbsp;de septiembre de 2025.-&nbsp;En el marco del D\u00eda<\/p>\n","protected":false},"author":68,"featured_media":5741,"comment_status":"closed","ping_status":"closed","sticky":false,"template":"","format":"standard","meta":{"colormag_page_container_layout":"default_layout","colormag_page_sidebar_layout":"default_layout","footnotes":""},"categories":[111,115],"tags":[771,750,785,787,788,751,226,570,191,789],"class_list":["post-5740","post","type-post","status-publish","format-standard","has-post-thumbnail","hentry","category-boletines","category-general","tag-11-jurisdicciones-sanitarias-del-estado","tag-apoyo-del-director-general","tag-dia-mundial-de-la-salud-ambiental","tag-el-titular-de-salud","tag-factores-ambientales","tag-juan-pablo-uribe-gonzalez","tag-secretaria-de-salud","tag-ss","tag-valentin-herrera-alarcon","tag-xalapa-veracruz"],"_links":{"self":[{"href":"https:\/\/www.ssaver.gob.mx\/difusion\/wp-json\/wp\/v2\/posts\/5740","targetHints":{"allow":["GET"]}}],"collection":[{"href":"https:\/\/www.ssaver.gob.mx\/difusion\/wp-json\/wp\/v2\/posts"}],"about":[{"href":"https:\/\/www.ssaver.gob.mx\/difusion\/wp-json\/wp\/v2\/types\/post"}],"author":[{"embeddable":true,"href":"https:\/\/www.ssaver.gob.mx\/difusion\/wp-json\/wp\/v2\/users\/68"}],"replies":[{"embeddable":true,"href":"https:\/\/www.ssaver.gob.mx\/difusion\/wp-json\/wp\/v2\/comments?post=5740"}],"version-history":[{"count":1,"href":"https:\/\/www.ssaver.gob.mx\/difusion\/wp-json\/wp\/v2\/posts\/5740\/revisions"}],"predecessor-version":[{"id":5751,"href":"https:\/\/www.ssaver.gob.mx\/difusion\/wp-json\/wp\/v2\/posts\/5740\/revisions\/5751"}],"wp:featuredmedia":[{"embeddable":true,"href":"https:\/\/www.ssaver.gob.mx\/difusion\/wp-json\/wp\/v2\/media\/5741"}],"wp:attachment":[{"href":"https:\/\/www.ssaver.gob.mx\/difusion\/wp-json\/wp\/v2\/media?parent=5740"}],"wp:term":[{"taxonomy":"category","embeddable":true,"href":"https:\/\/www.ssaver.gob.mx\/difusion\/wp-json\/wp\/v2\/categories?post=5740"},{"taxonomy":"post_tag","embeddable":true,"href":"https:\/\/www.ssaver.gob.mx\/difusion\/wp-json\/wp\/v2\/tags?post=5740"}],"curies":[{"name":"wp","href":"https:\/\/api.w.org\/{rel}","templated":true}]}}