{"id":5752,"date":"2025-10-01T15:58:40","date_gmt":"2025-10-01T20:58:40","guid":{"rendered":"https:\/\/www.ssaver.gob.mx\/difusion\/?p=5752"},"modified":"2025-10-01T15:58:40","modified_gmt":"2025-10-01T20:58:40","slug":"veracruz-declara-meta-de-cero-dengue-con-brigadas-y-participacion-social-rocio-nahle","status":"publish","type":"post","link":"https:\/\/www.ssaver.gob.mx\/difusion\/2025\/10\/01\/veracruz-declara-meta-de-cero-dengue-con-brigadas-y-participacion-social-rocio-nahle\/","title":{"rendered":"Veracruz declara\u00a0meta de cero\u00a0dengue\u00a0con brigadas y participaci\u00f3n social: Roc\u00edo Nahle"},"content":{"rendered":"\n<p class=\"has-medium-font-size\">&gt;710 brigadistas y 34 veh\u00edculos arrancaron&nbsp;el operativo en Coatzacoalcos.<\/p>\n\n\n\n<p class=\"has-medium-font-size\">&gt;Una sola casa sin atender puede ser un foco de infecci\u00f3n.<\/p>\n\n\n\n<figure class=\"wp-block-image aligncenter size-large\"><img loading=\"lazy\" decoding=\"async\" width=\"1024\" height=\"683\" src=\"https:\/\/www.ssaver.gob.mx\/difusion\/wp-content\/uploads\/sites\/23\/2025\/10\/WhatsApp-Image-2025-10-01-at-14.32.48-5-1024x683.jpeg\" alt=\"\" class=\"wp-image-5753\" srcset=\"https:\/\/www.ssaver.gob.mx\/difusion\/wp-content\/uploads\/sites\/23\/2025\/10\/WhatsApp-Image-2025-10-01-at-14.32.48-5-1024x683.jpeg 1024w, https:\/\/www.ssaver.gob.mx\/difusion\/wp-content\/uploads\/sites\/23\/2025\/10\/WhatsApp-Image-2025-10-01-at-14.32.48-5-300x200.jpeg 300w, https:\/\/www.ssaver.gob.mx\/difusion\/wp-content\/uploads\/sites\/23\/2025\/10\/WhatsApp-Image-2025-10-01-at-14.32.48-5-768x512.jpeg 768w, https:\/\/www.ssaver.gob.mx\/difusion\/wp-content\/uploads\/sites\/23\/2025\/10\/WhatsApp-Image-2025-10-01-at-14.32.48-5-1536x1024.jpeg 1536w, https:\/\/www.ssaver.gob.mx\/difusion\/wp-content\/uploads\/sites\/23\/2025\/10\/WhatsApp-Image-2025-10-01-at-14.32.48-5-2048x1365.jpeg 2048w\" sizes=\"auto, (max-width: 1024px) 100vw, 1024px\" \/><\/figure>\n\n\n\n<p class=\"has-medium-font-size\"><strong>Coatzacoalcos, Ver., mi\u00e9rcoles 01 de octubre de 2025.-<\/strong>\u00a0Con un llamado a la corresponsabilidad ciudadana, la gobernadora Roc\u00edo Nahle Garc\u00eda dio el banderazo de arranque a la Campa\u00f1a Estatal de Lucha contra el Dengue, cuyo objetivo es alcanzar la meta de cero casos en Veracruz.<\/p>\n\n\n\n<figure class=\"wp-block-image aligncenter size-large\"><img loading=\"lazy\" decoding=\"async\" width=\"1024\" height=\"683\" src=\"https:\/\/www.ssaver.gob.mx\/difusion\/wp-content\/uploads\/sites\/23\/2025\/10\/WhatsApp-Image-2025-10-01-at-14.32.48-2-1024x683.jpeg\" alt=\"\" class=\"wp-image-5754\" srcset=\"https:\/\/www.ssaver.gob.mx\/difusion\/wp-content\/uploads\/sites\/23\/2025\/10\/WhatsApp-Image-2025-10-01-at-14.32.48-2-1024x683.jpeg 1024w, https:\/\/www.ssaver.gob.mx\/difusion\/wp-content\/uploads\/sites\/23\/2025\/10\/WhatsApp-Image-2025-10-01-at-14.32.48-2-300x200.jpeg 300w, https:\/\/www.ssaver.gob.mx\/difusion\/wp-content\/uploads\/sites\/23\/2025\/10\/WhatsApp-Image-2025-10-01-at-14.32.48-2-768x512.jpeg 768w, https:\/\/www.ssaver.gob.mx\/difusion\/wp-content\/uploads\/sites\/23\/2025\/10\/WhatsApp-Image-2025-10-01-at-14.32.48-2.jpeg 1040w\" sizes=\"auto, (max-width: 1024px) 100vw, 1024px\" \/><\/figure>\n\n\n\n<p class=\"has-medium-font-size\">\u201cEl combate se gana d\u00eda a d\u00eda y con la cooperaci\u00f3n de todas y todos; una sola casa o un solo patio sin atender puede convertirse en foco de infecci\u00f3n. Por ello el llamado es claro: sumemos esfuerzos, porque el objetivo es cero dengue en Veracruz\u201d.<\/p>\n\n\n\n<figure class=\"wp-block-image aligncenter size-large\"><img loading=\"lazy\" decoding=\"async\" width=\"1024\" height=\"683\" src=\"https:\/\/www.ssaver.gob.mx\/difusion\/wp-content\/uploads\/sites\/23\/2025\/10\/WhatsApp-Image-2025-10-01-at-14.32.48-1-1024x683.jpeg\" alt=\"\" class=\"wp-image-5755\" srcset=\"https:\/\/www.ssaver.gob.mx\/difusion\/wp-content\/uploads\/sites\/23\/2025\/10\/WhatsApp-Image-2025-10-01-at-14.32.48-1-1024x683.jpeg 1024w, https:\/\/www.ssaver.gob.mx\/difusion\/wp-content\/uploads\/sites\/23\/2025\/10\/WhatsApp-Image-2025-10-01-at-14.32.48-1-300x200.jpeg 300w, https:\/\/www.ssaver.gob.mx\/difusion\/wp-content\/uploads\/sites\/23\/2025\/10\/WhatsApp-Image-2025-10-01-at-14.32.48-1-768x512.jpeg 768w, https:\/\/www.ssaver.gob.mx\/difusion\/wp-content\/uploads\/sites\/23\/2025\/10\/WhatsApp-Image-2025-10-01-at-14.32.48-1.jpeg 1040w\" sizes=\"auto, (max-width: 1024px) 100vw, 1024px\" \/><\/figure>\n\n\n\n<p class=\"has-medium-font-size\">El operativo desplegado en las 11 jurisdicciones sanitarias contempla acciones de prevenci\u00f3n, vigilancia epidemiol\u00f3gica, promoci\u00f3n de la salud, protecci\u00f3n contra riesgos sanitarios y atenci\u00f3n m\u00e9dica.<\/p>\n\n\n\n<figure class=\"wp-block-image aligncenter size-large\"><img loading=\"lazy\" decoding=\"async\" width=\"1024\" height=\"684\" src=\"https:\/\/www.ssaver.gob.mx\/difusion\/wp-content\/uploads\/sites\/23\/2025\/10\/WhatsApp-Image-2025-10-01-at-14.32.48-4-1024x684.jpeg\" alt=\"\" class=\"wp-image-5756\" srcset=\"https:\/\/www.ssaver.gob.mx\/difusion\/wp-content\/uploads\/sites\/23\/2025\/10\/WhatsApp-Image-2025-10-01-at-14.32.48-4-1024x684.jpeg 1024w, https:\/\/www.ssaver.gob.mx\/difusion\/wp-content\/uploads\/sites\/23\/2025\/10\/WhatsApp-Image-2025-10-01-at-14.32.48-4-300x200.jpeg 300w, https:\/\/www.ssaver.gob.mx\/difusion\/wp-content\/uploads\/sites\/23\/2025\/10\/WhatsApp-Image-2025-10-01-at-14.32.48-4-768x513.jpeg 768w, https:\/\/www.ssaver.gob.mx\/difusion\/wp-content\/uploads\/sites\/23\/2025\/10\/WhatsApp-Image-2025-10-01-at-14.32.48-4-1536x1025.jpeg 1536w, https:\/\/www.ssaver.gob.mx\/difusion\/wp-content\/uploads\/sites\/23\/2025\/10\/WhatsApp-Image-2025-10-01-at-14.32.48-4.jpeg 2048w\" sizes=\"auto, (max-width: 1024px) 100vw, 1024px\" \/><\/figure>\n\n\n\n<p class=\"has-medium-font-size\">En Coatzacoalcos, el arranque reuni\u00f3 a un contingente de 710 personas, de las cuales 360 son personal de salud, apoyados con 34 veh\u00edculos para recorrer colonias, comunidades y escuelas; tambi\u00e9n&nbsp;se sumaron cuatro planteles de nivel b\u00e1sico con laparticipaci\u00f3n de 350 alumnos&nbsp;del programa Escuelas Libres de Criaderos.<\/p>\n\n\n\n<figure class=\"wp-block-image aligncenter size-large\"><img loading=\"lazy\" decoding=\"async\" width=\"1024\" height=\"684\" src=\"https:\/\/www.ssaver.gob.mx\/difusion\/wp-content\/uploads\/sites\/23\/2025\/10\/WhatsApp-Image-2025-10-01-at-14.32.48-1024x684.jpeg\" alt=\"\" class=\"wp-image-5757\" srcset=\"https:\/\/www.ssaver.gob.mx\/difusion\/wp-content\/uploads\/sites\/23\/2025\/10\/WhatsApp-Image-2025-10-01-at-14.32.48-1024x684.jpeg 1024w, https:\/\/www.ssaver.gob.mx\/difusion\/wp-content\/uploads\/sites\/23\/2025\/10\/WhatsApp-Image-2025-10-01-at-14.32.48-300x200.jpeg 300w, https:\/\/www.ssaver.gob.mx\/difusion\/wp-content\/uploads\/sites\/23\/2025\/10\/WhatsApp-Image-2025-10-01-at-14.32.48-768x513.jpeg 768w, https:\/\/www.ssaver.gob.mx\/difusion\/wp-content\/uploads\/sites\/23\/2025\/10\/WhatsApp-Image-2025-10-01-at-14.32.48.jpeg 1040w\" sizes=\"auto, (max-width: 1024px) 100vw, 1024px\" \/><\/figure>\n\n\n\n<p class=\"has-medium-font-size\">El secretario de Salud, Valent\u00edn Herrera Alarc\u00f3n, subray\u00f3 que la prevenci\u00f3n es una tarea compartida entre gobierno y sociedad, \u201cesta campa\u00f1a va m\u00e1s all\u00e1 de la fumigaci\u00f3n; es una estrategia integral que incluye innovaci\u00f3n tecnol\u00f3gica, como el uso de&nbsp;drones&nbsp;en zonas de dif\u00edcil acceso, y la organizaci\u00f3n comunitaria para eliminar criaderos\u201d.<\/p>\n\n\n\n<figure class=\"wp-block-image aligncenter size-large is-resized\"><img loading=\"lazy\" decoding=\"async\" width=\"1024\" height=\"576\" src=\"https:\/\/www.ssaver.gob.mx\/difusion\/wp-content\/uploads\/sites\/23\/2025\/10\/WhatsApp-Image-2025-10-01-at-14.32.49-1024x576.jpeg\" alt=\"\" class=\"wp-image-5758\" style=\"width:1024px;height:auto\" srcset=\"https:\/\/www.ssaver.gob.mx\/difusion\/wp-content\/uploads\/sites\/23\/2025\/10\/WhatsApp-Image-2025-10-01-at-14.32.49-1024x576.jpeg 1024w, https:\/\/www.ssaver.gob.mx\/difusion\/wp-content\/uploads\/sites\/23\/2025\/10\/WhatsApp-Image-2025-10-01-at-14.32.49-300x169.jpeg 300w, https:\/\/www.ssaver.gob.mx\/difusion\/wp-content\/uploads\/sites\/23\/2025\/10\/WhatsApp-Image-2025-10-01-at-14.32.49-768x432.jpeg 768w, https:\/\/www.ssaver.gob.mx\/difusion\/wp-content\/uploads\/sites\/23\/2025\/10\/WhatsApp-Image-2025-10-01-at-14.32.49.jpeg 1280w\" sizes=\"auto, (max-width: 1024px) 100vw, 1024px\" \/><\/figure>\n\n\n\n<p class=\"has-medium-font-size\">Por su parte, el alcalde Amado Cruz Malpica destac\u00f3 que el municipio ha intensificado la recolecci\u00f3n de cacharros y llantas, \u201csolo este a\u00f1o se han retirado m\u00e1s de 350 toneladas de cacharros y 350 mil unidades de llantas\u201d.<\/p>\n\n\n\n<figure class=\"wp-block-image aligncenter size-large\"><img loading=\"lazy\" decoding=\"async\" width=\"1024\" height=\"683\" src=\"https:\/\/www.ssaver.gob.mx\/difusion\/wp-content\/uploads\/sites\/23\/2025\/10\/WhatsApp-Image-2025-10-01-at-14.32.48-3-1024x683.jpeg\" alt=\"\" class=\"wp-image-5759\" srcset=\"https:\/\/www.ssaver.gob.mx\/difusion\/wp-content\/uploads\/sites\/23\/2025\/10\/WhatsApp-Image-2025-10-01-at-14.32.48-3-1024x683.jpeg 1024w, https:\/\/www.ssaver.gob.mx\/difusion\/wp-content\/uploads\/sites\/23\/2025\/10\/WhatsApp-Image-2025-10-01-at-14.32.48-3-300x200.jpeg 300w, https:\/\/www.ssaver.gob.mx\/difusion\/wp-content\/uploads\/sites\/23\/2025\/10\/WhatsApp-Image-2025-10-01-at-14.32.48-3-768x512.jpeg 768w, https:\/\/www.ssaver.gob.mx\/difusion\/wp-content\/uploads\/sites\/23\/2025\/10\/WhatsApp-Image-2025-10-01-at-14.32.48-3.jpeg 1280w\" sizes=\"auto, (max-width: 1024px) 100vw, 1024px\" \/><\/figure>\n\n\n\n<p class=\"has-medium-font-size\">La Campa\u00f1a Estatal de Lucha contra el Dengue se desarrollar\u00e1 de manera simult\u00e1nea en los 212 municipios del estado, con el apoyo de centros de salud, escuelas y autoridades locales, para proteger la salud de la poblaci\u00f3n veracruzana.<\/p>\n\n\n\n<div class=\"wp-block-columns is-layout-flex wp-container-core-columns-is-layout-28f84493 wp-block-columns-is-layout-flex\">\n<div class=\"wp-block-column is-layout-flow wp-block-column-is-layout-flow\">\n<figure class=\"wp-block-image size-large\"><img loading=\"lazy\" decoding=\"async\" width=\"1024\" height=\"684\" src=\"https:\/\/www.ssaver.gob.mx\/difusion\/wp-content\/uploads\/sites\/23\/2025\/10\/WhatsApp-Image-2025-10-01-at-14.32.49-1-1024x684.jpeg\" alt=\"\" class=\"wp-image-5760\" srcset=\"https:\/\/www.ssaver.gob.mx\/difusion\/wp-content\/uploads\/sites\/23\/2025\/10\/WhatsApp-Image-2025-10-01-at-14.32.49-1-1024x684.jpeg 1024w, https:\/\/www.ssaver.gob.mx\/difusion\/wp-content\/uploads\/sites\/23\/2025\/10\/WhatsApp-Image-2025-10-01-at-14.32.49-1-300x200.jpeg 300w, https:\/\/www.ssaver.gob.mx\/difusion\/wp-content\/uploads\/sites\/23\/2025\/10\/WhatsApp-Image-2025-10-01-at-14.32.49-1-768x513.jpeg 768w, https:\/\/www.ssaver.gob.mx\/difusion\/wp-content\/uploads\/sites\/23\/2025\/10\/WhatsApp-Image-2025-10-01-at-14.32.49-1-1536x1025.jpeg 1536w, https:\/\/www.ssaver.gob.mx\/difusion\/wp-content\/uploads\/sites\/23\/2025\/10\/WhatsApp-Image-2025-10-01-at-14.32.49-1.jpeg 2048w\" sizes=\"auto, (max-width: 1024px) 100vw, 1024px\" \/><\/figure>\n<\/div>\n\n\n\n<div class=\"wp-block-column is-layout-flow wp-block-column-is-layout-flow\">\n<figure class=\"wp-block-image size-large\"><img loading=\"lazy\" decoding=\"async\" width=\"1024\" height=\"684\" src=\"https:\/\/www.ssaver.gob.mx\/difusion\/wp-content\/uploads\/sites\/23\/2025\/10\/WhatsApp-Image-2025-10-01-at-14.32.49-2-1024x684.jpeg\" alt=\"\" class=\"wp-image-5761\" srcset=\"https:\/\/www.ssaver.gob.mx\/difusion\/wp-content\/uploads\/sites\/23\/2025\/10\/WhatsApp-Image-2025-10-01-at-14.32.49-2-1024x684.jpeg 1024w, https:\/\/www.ssaver.gob.mx\/difusion\/wp-content\/uploads\/sites\/23\/2025\/10\/WhatsApp-Image-2025-10-01-at-14.32.49-2-300x200.jpeg 300w, https:\/\/www.ssaver.gob.mx\/difusion\/wp-content\/uploads\/sites\/23\/2025\/10\/WhatsApp-Image-2025-10-01-at-14.32.49-2-768x513.jpeg 768w, https:\/\/www.ssaver.gob.mx\/difusion\/wp-content\/uploads\/sites\/23\/2025\/10\/WhatsApp-Image-2025-10-01-at-14.32.49-2-1536x1025.jpeg 1536w, https:\/\/www.ssaver.gob.mx\/difusion\/wp-content\/uploads\/sites\/23\/2025\/10\/WhatsApp-Image-2025-10-01-at-14.32.49-2.jpeg 2048w\" sizes=\"auto, (max-width: 1024px) 100vw, 1024px\" \/><\/figure>\n<\/div>\n<\/div>\n\n\n\n<p><\/p>\n\n\n\n<p><\/p>\n","protected":false},"excerpt":{"rendered":"<p>&gt;710 brigadistas y 34 veh\u00edculos arrancaron&nbsp;el operativo en Coatzacoalcos. &gt;Una sola casa sin atender puede ser un foco de infecci\u00f3n.<\/p>\n","protected":false},"author":68,"featured_media":5763,"comment_status":"closed","ping_status":"closed","sticky":false,"template":"","format":"standard","meta":{"colormag_page_container_layout":"default_layout","colormag_page_sidebar_layout":"default_layout","footnotes":""},"categories":[111,115],"tags":[794,800,801,750,798,222,802,295,197,793,799,675,792,751,791,796,797,507,191,790,795],"class_list":["post-5752","post","type-post","status-publish","format-standard","has-post-thumbnail","hentry","category-boletines","category-general","tag-11-jurisdicciones-sanitarias","tag-alcalde-amado-cruz-malpica","tag-alcalde-de-coatzacoalcos","tag-apoyo-del-director-general","tag-arranque-en-coatzacoalcos","tag-atencion-medica","tag-campana-estatal-de-lucha-contra-el-dengue","tag-coatzacoalcos","tag-dengue","tag-dengue-en-veracruz","tag-escuelas-libres-de-criaderos","tag-gobernadora-de-veracruz-rocio-nahle","tag-gobernadora-rocio-nahle-garcia-en-coatzacoalcos","tag-juan-pablo-uribe-gonzalez","tag-operativo-en-coatzacoalcos","tag-promocion-de-la-salud","tag-proteccion-contra-riesgos-sanitarios","tag-secretario-de-salud","tag-valentin-herrera-alarcon","tag-veracruz-declara-meta-de-cero-dengue-con-brigadas-y-participacion-social-rocio-nahle","tag-vigilancia-epidemiologica"],"_links":{"self":[{"href":"https:\/\/www.ssaver.gob.mx\/difusion\/wp-json\/wp\/v2\/posts\/5752","targetHints":{"allow":["GET"]}}],"collection":[{"href":"https:\/\/www.ssaver.gob.mx\/difusion\/wp-json\/wp\/v2\/posts"}],"about":[{"href":"https:\/\/www.ssaver.gob.mx\/difusion\/wp-json\/wp\/v2\/types\/post"}],"author":[{"embeddable":true,"href":"https:\/\/www.ssaver.gob.mx\/difusion\/wp-json\/wp\/v2\/users\/68"}],"replies":[{"embeddable":true,"href":"https:\/\/www.ssaver.gob.mx\/difusion\/wp-json\/wp\/v2\/comments?post=5752"}],"version-history":[{"count":1,"href":"https:\/\/www.ssaver.gob.mx\/difusion\/wp-json\/wp\/v2\/posts\/5752\/revisions"}],"predecessor-version":[{"id":5764,"href":"https:\/\/www.ssaver.gob.mx\/difusion\/wp-json\/wp\/v2\/posts\/5752\/revisions\/5764"}],"wp:featuredmedia":[{"embeddable":true,"href":"https:\/\/www.ssaver.gob.mx\/difusion\/wp-json\/wp\/v2\/media\/5763"}],"wp:attachment":[{"href":"https:\/\/www.ssaver.gob.mx\/difusion\/wp-json\/wp\/v2\/media?parent=5752"}],"wp:term":[{"taxonomy":"category","embeddable":true,"href":"https:\/\/www.ssaver.gob.mx\/difusion\/wp-json\/wp\/v2\/categories?post=5752"},{"taxonomy":"post_tag","embeddable":true,"href":"https:\/\/www.ssaver.gob.mx\/difusion\/wp-json\/wp\/v2\/tags?post=5752"}],"curies":[{"name":"wp","href":"https:\/\/api.w.org\/{rel}","templated":true}]}}