{"id":5765,"date":"2025-10-02T10:42:48","date_gmt":"2025-10-02T15:42:48","guid":{"rendered":"https:\/\/www.ssaver.gob.mx\/difusion\/?p=5765"},"modified":"2025-10-02T10:42:48","modified_gmt":"2025-10-02T15:42:48","slug":"la-prevencion-clave-para-cuidar-el-corazon-de-las-y-los-veracruzanos","status":"publish","type":"post","link":"https:\/\/www.ssaver.gob.mx\/difusion\/2025\/10\/02\/la-prevencion-clave-para-cuidar-el-corazon-de-las-y-los-veracruzanos\/","title":{"rendered":"La prevenci\u00f3n, clave para cuidar el coraz\u00f3n de las y los veracruzanos"},"content":{"rendered":"\n<p class=\"has-medium-font-size\">&gt;Responsabilidad compartida entre Gobierno, instituciones y sociedad.&nbsp;<\/p>\n\n\n\n<p class=\"has-medium-font-size\"><strong>Xalapa, Ver.,&nbsp;<\/strong><strong>mi\u00e9rcoles 01 de octubre<\/strong><strong>&nbsp;de 2025.-<\/strong>&nbsp;La Secretar\u00eda de Salud (SS)&nbsp;llev\u00f3&nbsp;a cabo la jornada&nbsp;Por un Coraz\u00f3n Saludable,&nbsp;para la detecci\u00f3n oportuna de padecimientos cardiovasculares&nbsp;y fomentar&nbsp;estilos de vida m\u00e1s saludables en la poblaci\u00f3n.<\/p>\n\n\n\n<figure class=\"wp-block-image aligncenter size-large\"><img loading=\"lazy\" decoding=\"async\" width=\"1024\" height=\"681\" src=\"https:\/\/www.ssaver.gob.mx\/difusion\/wp-content\/uploads\/sites\/23\/2025\/10\/WhatsApp-Image-2025-10-01-at-18.52.59-1024x681.jpeg\" alt=\"\" class=\"wp-image-5767\" srcset=\"https:\/\/www.ssaver.gob.mx\/difusion\/wp-content\/uploads\/sites\/23\/2025\/10\/WhatsApp-Image-2025-10-01-at-18.52.59-1024x681.jpeg 1024w, https:\/\/www.ssaver.gob.mx\/difusion\/wp-content\/uploads\/sites\/23\/2025\/10\/WhatsApp-Image-2025-10-01-at-18.52.59-300x199.jpeg 300w, https:\/\/www.ssaver.gob.mx\/difusion\/wp-content\/uploads\/sites\/23\/2025\/10\/WhatsApp-Image-2025-10-01-at-18.52.59-768x511.jpeg 768w, https:\/\/www.ssaver.gob.mx\/difusion\/wp-content\/uploads\/sites\/23\/2025\/10\/WhatsApp-Image-2025-10-01-at-18.52.59.jpeg 1280w\" sizes=\"auto, (max-width: 1024px) 100vw, 1024px\" \/><\/figure>\n\n\n\n<p class=\"has-medium-font-size\">Incluy\u00f3&nbsp;m\u00f3dulos de detecci\u00f3n de factores de riesgo&nbsp;de&nbsp;enfermedades&nbsp;cardiometab\u00f3licas,&nbsp;activaci\u00f3n f\u00edsica,&nbsp;identificaci\u00f3n de eventos cardiovasculares, estudios de electrocardiograma,&nbsp;somatometr\u00eda, toma de presi\u00f3n arterial, glucosa capilar, hemoglobina&nbsp;glucosilada&nbsp;y perfil de l\u00edpidos.<\/p>\n\n\n\n<figure class=\"wp-block-image aligncenter size-large\"><img loading=\"lazy\" decoding=\"async\" width=\"1024\" height=\"681\" src=\"https:\/\/www.ssaver.gob.mx\/difusion\/wp-content\/uploads\/sites\/23\/2025\/10\/WhatsApp-Image-2025-10-01-at-18.52.59-1-1024x681.jpeg\" alt=\"\" class=\"wp-image-5768\" srcset=\"https:\/\/www.ssaver.gob.mx\/difusion\/wp-content\/uploads\/sites\/23\/2025\/10\/WhatsApp-Image-2025-10-01-at-18.52.59-1-1024x681.jpeg 1024w, https:\/\/www.ssaver.gob.mx\/difusion\/wp-content\/uploads\/sites\/23\/2025\/10\/WhatsApp-Image-2025-10-01-at-18.52.59-1-300x199.jpeg 300w, https:\/\/www.ssaver.gob.mx\/difusion\/wp-content\/uploads\/sites\/23\/2025\/10\/WhatsApp-Image-2025-10-01-at-18.52.59-1-768x511.jpeg 768w, https:\/\/www.ssaver.gob.mx\/difusion\/wp-content\/uploads\/sites\/23\/2025\/10\/WhatsApp-Image-2025-10-01-at-18.52.59-1.jpeg 1280w\" sizes=\"auto, (max-width: 1024px) 100vw, 1024px\" \/><\/figure>\n\n\n\n<p class=\"has-medium-font-size\">Adem\u00e1s de&nbsp;talleres de capacitaci\u00f3n para aprender a tomar la presi\u00f3n arterial desde casa, nutrici\u00f3n y terapia f\u00edsica, as\u00ed&nbsp;como el&nbsp;zumbat\u00f3n&nbsp;Baila para el Coraz\u00f3n.&nbsp;<\/p>\n\n\n\n<figure class=\"wp-block-image aligncenter size-large\"><img loading=\"lazy\" decoding=\"async\" width=\"1024\" height=\"681\" src=\"https:\/\/www.ssaver.gob.mx\/difusion\/wp-content\/uploads\/sites\/23\/2025\/10\/WhatsApp-Image-2025-10-01-at-18.53.00-2-1024x681.jpeg\" alt=\"\" class=\"wp-image-5769\" srcset=\"https:\/\/www.ssaver.gob.mx\/difusion\/wp-content\/uploads\/sites\/23\/2025\/10\/WhatsApp-Image-2025-10-01-at-18.53.00-2-1024x681.jpeg 1024w, https:\/\/www.ssaver.gob.mx\/difusion\/wp-content\/uploads\/sites\/23\/2025\/10\/WhatsApp-Image-2025-10-01-at-18.53.00-2-300x199.jpeg 300w, https:\/\/www.ssaver.gob.mx\/difusion\/wp-content\/uploads\/sites\/23\/2025\/10\/WhatsApp-Image-2025-10-01-at-18.53.00-2-768x511.jpeg 768w, https:\/\/www.ssaver.gob.mx\/difusion\/wp-content\/uploads\/sites\/23\/2025\/10\/WhatsApp-Image-2025-10-01-at-18.53.00-2.jpeg 1280w\" sizes=\"auto, (max-width: 1024px) 100vw, 1024px\" \/><\/figure>\n\n\n\n<p class=\"has-medium-font-size\">\u201cImpulsamos estas actividades en espacios p\u00fablicos para, entre todos, fortalecer la cultura de la prevenci\u00f3n\u201d, destac\u00f3&nbsp;el encargado del Centro Estatal de Trasplantes del Estado, Jos\u00e9&nbsp;Salvador Aburto Morales.<\/p>\n\n\n\n<figure class=\"wp-block-image aligncenter size-large\"><img loading=\"lazy\" decoding=\"async\" width=\"1024\" height=\"681\" src=\"https:\/\/www.ssaver.gob.mx\/difusion\/wp-content\/uploads\/sites\/23\/2025\/10\/WhatsApp-Image-2025-10-01-at-18.53.00-1024x681.jpeg\" alt=\"\" class=\"wp-image-5770\" srcset=\"https:\/\/www.ssaver.gob.mx\/difusion\/wp-content\/uploads\/sites\/23\/2025\/10\/WhatsApp-Image-2025-10-01-at-18.53.00-1024x681.jpeg 1024w, https:\/\/www.ssaver.gob.mx\/difusion\/wp-content\/uploads\/sites\/23\/2025\/10\/WhatsApp-Image-2025-10-01-at-18.53.00-300x199.jpeg 300w, https:\/\/www.ssaver.gob.mx\/difusion\/wp-content\/uploads\/sites\/23\/2025\/10\/WhatsApp-Image-2025-10-01-at-18.53.00-768x511.jpeg 768w, https:\/\/www.ssaver.gob.mx\/difusion\/wp-content\/uploads\/sites\/23\/2025\/10\/WhatsApp-Image-2025-10-01-at-18.53.00.jpeg 1280w\" sizes=\"auto, (max-width: 1024px) 100vw, 1024px\" \/><\/figure>\n\n\n\n<p class=\"has-medium-font-size\">La directora de Salud P\u00fablica, Mar\u00eda Luisa S\u00e1nchez Murrieta destac\u00f3&nbsp;que desde la dependencia,&nbsp;se concientiza, informa y motiva a la ciudadan\u00eda&nbsp;para la adopci\u00f3n de estilos de vida saludables que prevengan da\u00f1os a la salud individual.<\/p>\n\n\n\n<p class=\"has-medium-font-size\">\u201cLas enfermedades del coraz\u00f3n siguen siendo de las principales causas de mortalidad en el mundo, sin embargo, gran parte de ellas pueden prevenirse con acciones sencillas y sostenidas en nuestra vida cotidiana\u201d, agreg\u00f3.<\/p>\n\n\n\n<figure class=\"wp-block-image aligncenter size-large\"><img loading=\"lazy\" decoding=\"async\" width=\"1024\" height=\"681\" src=\"https:\/\/www.ssaver.gob.mx\/difusion\/wp-content\/uploads\/sites\/23\/2025\/10\/WhatsApp-Image-2025-10-01-at-18.53.00-1-1024x681.jpeg\" alt=\"\" class=\"wp-image-5771\" srcset=\"https:\/\/www.ssaver.gob.mx\/difusion\/wp-content\/uploads\/sites\/23\/2025\/10\/WhatsApp-Image-2025-10-01-at-18.53.00-1-1024x681.jpeg 1024w, https:\/\/www.ssaver.gob.mx\/difusion\/wp-content\/uploads\/sites\/23\/2025\/10\/WhatsApp-Image-2025-10-01-at-18.53.00-1-300x199.jpeg 300w, https:\/\/www.ssaver.gob.mx\/difusion\/wp-content\/uploads\/sites\/23\/2025\/10\/WhatsApp-Image-2025-10-01-at-18.53.00-1-768x511.jpeg 768w, https:\/\/www.ssaver.gob.mx\/difusion\/wp-content\/uploads\/sites\/23\/2025\/10\/WhatsApp-Image-2025-10-01-at-18.53.00-1.jpeg 1280w\" sizes=\"auto, (max-width: 1024px) 100vw, 1024px\" \/><\/figure>\n\n\n\n<p class=\"has-medium-font-size\">Atender esta situaci\u00f3n de salud p\u00fablica&nbsp;requiere la participaci\u00f3n activa y coordinada de autoridades, instituciones y&nbsp;sociedad.&nbsp;La SS reitera el llamado a la poblaci\u00f3n a que acudan a su unidad m\u00e9dica m\u00e1s cercana&nbsp;para recibir asesor\u00eda o&nbsp;solicitar atenci\u00f3n y acompa\u00f1amiento oportuno en caso de presentar alg\u00fan padecimiento cardiovascular.<\/p>\n","protected":false},"excerpt":{"rendered":"<p>&gt;Responsabilidad compartida entre Gobierno, instituciones y sociedad.&nbsp; Xalapa, Ver.,&nbsp;mi\u00e9rcoles 01 de octubre&nbsp;de 2025.-&nbsp;La Secretar\u00eda de Salud (SS)&nbsp;llev\u00f3&nbsp;a cabo la jornada&nbsp;Por<\/p>\n","protected":false},"author":68,"featured_media":5766,"comment_status":"closed","ping_status":"closed","sticky":false,"template":"","format":"standard","meta":{"colormag_page_container_layout":"default_layout","colormag_page_sidebar_layout":"default_layout","footnotes":""},"categories":[111,115],"tags":[750,804,803,805,751,647,806,570,807],"class_list":["post-5765","post","type-post","status-publish","format-standard","has-post-thumbnail","hentry","category-boletines","category-general","tag-apoyo-del-director-general","tag-centro-estatal-de-trasplantes-del-estado","tag-corazon-saludable","tag-jose-salvador-aburto-morales","tag-juan-pablo-uribe-gonzalez","tag-maria-luisa-sanchez-murrieta","tag-salud-publica","tag-ss","tag-zumbaton"],"_links":{"self":[{"href":"https:\/\/www.ssaver.gob.mx\/difusion\/wp-json\/wp\/v2\/posts\/5765","targetHints":{"allow":["GET"]}}],"collection":[{"href":"https:\/\/www.ssaver.gob.mx\/difusion\/wp-json\/wp\/v2\/posts"}],"about":[{"href":"https:\/\/www.ssaver.gob.mx\/difusion\/wp-json\/wp\/v2\/types\/post"}],"author":[{"embeddable":true,"href":"https:\/\/www.ssaver.gob.mx\/difusion\/wp-json\/wp\/v2\/users\/68"}],"replies":[{"embeddable":true,"href":"https:\/\/www.ssaver.gob.mx\/difusion\/wp-json\/wp\/v2\/comments?post=5765"}],"version-history":[{"count":1,"href":"https:\/\/www.ssaver.gob.mx\/difusion\/wp-json\/wp\/v2\/posts\/5765\/revisions"}],"predecessor-version":[{"id":5772,"href":"https:\/\/www.ssaver.gob.mx\/difusion\/wp-json\/wp\/v2\/posts\/5765\/revisions\/5772"}],"wp:featuredmedia":[{"embeddable":true,"href":"https:\/\/www.ssaver.gob.mx\/difusion\/wp-json\/wp\/v2\/media\/5766"}],"wp:attachment":[{"href":"https:\/\/www.ssaver.gob.mx\/difusion\/wp-json\/wp\/v2\/media?parent=5765"}],"wp:term":[{"taxonomy":"category","embeddable":true,"href":"https:\/\/www.ssaver.gob.mx\/difusion\/wp-json\/wp\/v2\/categories?post=5765"},{"taxonomy":"post_tag","embeddable":true,"href":"https:\/\/www.ssaver.gob.mx\/difusion\/wp-json\/wp\/v2\/tags?post=5765"}],"curies":[{"name":"wp","href":"https:\/\/api.w.org\/{rel}","templated":true}]}}