{"id":5774,"date":"2025-10-06T11:37:22","date_gmt":"2025-10-06T16:37:22","guid":{"rendered":"https:\/\/www.ssaver.gob.mx\/difusion\/?p=5774"},"modified":"2025-10-06T11:37:22","modified_gmt":"2025-10-06T16:37:22","slug":"veracruz-y-beneficencia-publica-acercan-la-salud-visual-y-auditiva-a-quienes-mas-lo-necesitan","status":"publish","type":"post","link":"https:\/\/www.ssaver.gob.mx\/difusion\/2025\/10\/06\/veracruz-y-beneficencia-publica-acercan-la-salud-visual-y-auditiva-a-quienes-mas-lo-necesitan\/","title":{"rendered":"Veracruz y Beneficencia P\u00fablica acercan la salud visual y auditiva a quienes m\u00e1s lo necesitan"},"content":{"rendered":"\n<figure class=\"wp-block-image aligncenter size-large\"><img loading=\"lazy\" decoding=\"async\" width=\"1024\" height=\"720\" src=\"https:\/\/www.ssaver.gob.mx\/difusion\/wp-content\/uploads\/sites\/23\/2025\/10\/WhatsApp-Image-2025-10-05-at-10.41.30-1024x720.jpeg\" alt=\"\" class=\"wp-image-5777\" srcset=\"https:\/\/www.ssaver.gob.mx\/difusion\/wp-content\/uploads\/sites\/23\/2025\/10\/WhatsApp-Image-2025-10-05-at-10.41.30-1024x720.jpeg 1024w, https:\/\/www.ssaver.gob.mx\/difusion\/wp-content\/uploads\/sites\/23\/2025\/10\/WhatsApp-Image-2025-10-05-at-10.41.30-300x211.jpeg 300w, https:\/\/www.ssaver.gob.mx\/difusion\/wp-content\/uploads\/sites\/23\/2025\/10\/WhatsApp-Image-2025-10-05-at-10.41.30-768x540.jpeg 768w, https:\/\/www.ssaver.gob.mx\/difusion\/wp-content\/uploads\/sites\/23\/2025\/10\/WhatsApp-Image-2025-10-05-at-10.41.30-1536x1080.jpeg 1536w, https:\/\/www.ssaver.gob.mx\/difusion\/wp-content\/uploads\/sites\/23\/2025\/10\/WhatsApp-Image-2025-10-05-at-10.41.30-2048x1440.jpeg 2048w, https:\/\/www.ssaver.gob.mx\/difusion\/wp-content\/uploads\/sites\/23\/2025\/10\/WhatsApp-Image-2025-10-05-at-10.41.30-130x90.jpeg 130w\" sizes=\"auto, (max-width: 1024px) 100vw, 1024px\" \/><\/figure>\n\n\n\n<p class=\"has-medium-font-size\"><strong>Misantla, Ver.,&nbsp;<\/strong><strong>domingo 05<\/strong><a><\/a><strong>&nbsp;de octubre de 2025.-<\/strong>&nbsp;En un esfuerzo coordinado entre la Administraci\u00f3n del Patrimonio de la Beneficencia P\u00fablica, la Secretar\u00eda de Salud y los sistemas DIF municipales, 300 personas de cinco municipios fueron beneficiadas con lentes de armaz\u00f3n y aparatos auditivos.<\/p>\n\n\n\n<figure class=\"wp-block-image aligncenter size-large\"><img loading=\"lazy\" decoding=\"async\" width=\"1024\" height=\"683\" src=\"https:\/\/www.ssaver.gob.mx\/difusion\/wp-content\/uploads\/sites\/23\/2025\/10\/WhatsApp-Image-2025-10-05-at-10.41.30-3-1-1024x683.jpeg\" alt=\"\" class=\"wp-image-5778\" srcset=\"https:\/\/www.ssaver.gob.mx\/difusion\/wp-content\/uploads\/sites\/23\/2025\/10\/WhatsApp-Image-2025-10-05-at-10.41.30-3-1-1024x683.jpeg 1024w, https:\/\/www.ssaver.gob.mx\/difusion\/wp-content\/uploads\/sites\/23\/2025\/10\/WhatsApp-Image-2025-10-05-at-10.41.30-3-1-300x200.jpeg 300w, https:\/\/www.ssaver.gob.mx\/difusion\/wp-content\/uploads\/sites\/23\/2025\/10\/WhatsApp-Image-2025-10-05-at-10.41.30-3-1-768x512.jpeg 768w, https:\/\/www.ssaver.gob.mx\/difusion\/wp-content\/uploads\/sites\/23\/2025\/10\/WhatsApp-Image-2025-10-05-at-10.41.30-3-1-1536x1024.jpeg 1536w, https:\/\/www.ssaver.gob.mx\/difusion\/wp-content\/uploads\/sites\/23\/2025\/10\/WhatsApp-Image-2025-10-05-at-10.41.30-3-1-2048x1365.jpeg 2048w\" sizes=\"auto, (max-width: 1024px) 100vw, 1024px\" \/><\/figure>\n\n\n\n<p class=\"has-medium-font-size\">La jornada entreg\u00f3 los siguientes apoyos: Misantla, 13 lentes y 57 auxiliares auditivos; Acatl\u00e1n, 12 lentes y 4 auxiliares auditivos; Colipa, 133 lentes y 25 auxiliares auditivos; Landero y Coss, 30 lentes y 13 auxiliares auditivos; y Tenochtitl\u00e1n, 12 auxiliares auditivos.<\/p>\n\n\n\n<figure class=\"wp-block-image aligncenter size-large\"><img loading=\"lazy\" decoding=\"async\" width=\"1024\" height=\"683\" src=\"https:\/\/www.ssaver.gob.mx\/difusion\/wp-content\/uploads\/sites\/23\/2025\/10\/WhatsApp-Image-2025-10-05-at-10.41.30-1-1024x683.jpeg\" alt=\"\" class=\"wp-image-5779\" srcset=\"https:\/\/www.ssaver.gob.mx\/difusion\/wp-content\/uploads\/sites\/23\/2025\/10\/WhatsApp-Image-2025-10-05-at-10.41.30-1-1024x683.jpeg 1024w, https:\/\/www.ssaver.gob.mx\/difusion\/wp-content\/uploads\/sites\/23\/2025\/10\/WhatsApp-Image-2025-10-05-at-10.41.30-1-300x200.jpeg 300w, https:\/\/www.ssaver.gob.mx\/difusion\/wp-content\/uploads\/sites\/23\/2025\/10\/WhatsApp-Image-2025-10-05-at-10.41.30-1-768x512.jpeg 768w, https:\/\/www.ssaver.gob.mx\/difusion\/wp-content\/uploads\/sites\/23\/2025\/10\/WhatsApp-Image-2025-10-05-at-10.41.30-1-1536x1024.jpeg 1536w, https:\/\/www.ssaver.gob.mx\/difusion\/wp-content\/uploads\/sites\/23\/2025\/10\/WhatsApp-Image-2025-10-05-at-10.41.30-1-2048x1365.jpeg 2048w\" sizes=\"auto, (max-width: 1024px) 100vw, 1024px\" \/><\/figure>\n\n\n\n<p class=\"has-medium-font-size\">El secretario de Salud, Valent\u00edn Herrera Alarc\u00f3n, destac\u00f3 el prop\u00f3sito com\u00fan \u201cmejorar la calidad de vida de las personas a trav\u00e9s de la entrega de aparatos auditivos y lentes; porque la salud no solo significa no estar enfermo, sino tambi\u00e9n la posibilidad de vivir plenamente, de escuchar con claridad&nbsp;y&nbsp;disfrutar los colores&nbsp;del&nbsp;entorno\u201d.<\/p>\n\n\n\n<figure class=\"wp-block-image size-large\"><img loading=\"lazy\" decoding=\"async\" width=\"1024\" height=\"709\" src=\"https:\/\/www.ssaver.gob.mx\/difusion\/wp-content\/uploads\/sites\/23\/2025\/10\/WhatsApp-Image-2025-10-05-at-10.41.30-2-1024x709.jpeg\" alt=\"\" class=\"wp-image-5780\" srcset=\"https:\/\/www.ssaver.gob.mx\/difusion\/wp-content\/uploads\/sites\/23\/2025\/10\/WhatsApp-Image-2025-10-05-at-10.41.30-2-1024x709.jpeg 1024w, https:\/\/www.ssaver.gob.mx\/difusion\/wp-content\/uploads\/sites\/23\/2025\/10\/WhatsApp-Image-2025-10-05-at-10.41.30-2-300x208.jpeg 300w, https:\/\/www.ssaver.gob.mx\/difusion\/wp-content\/uploads\/sites\/23\/2025\/10\/WhatsApp-Image-2025-10-05-at-10.41.30-2-768x532.jpeg 768w, https:\/\/www.ssaver.gob.mx\/difusion\/wp-content\/uploads\/sites\/23\/2025\/10\/WhatsApp-Image-2025-10-05-at-10.41.30-2-1536x1063.jpeg 1536w, https:\/\/www.ssaver.gob.mx\/difusion\/wp-content\/uploads\/sites\/23\/2025\/10\/WhatsApp-Image-2025-10-05-at-10.41.30-2-2048x1418.jpeg 2048w, https:\/\/www.ssaver.gob.mx\/difusion\/wp-content\/uploads\/sites\/23\/2025\/10\/WhatsApp-Image-2025-10-05-at-10.41.30-2-392x272.jpeg 392w, https:\/\/www.ssaver.gob.mx\/difusion\/wp-content\/uploads\/sites\/23\/2025\/10\/WhatsApp-Image-2025-10-05-at-10.41.30-2-130x90.jpeg 130w\" sizes=\"auto, (max-width: 1024px) 100vw, 1024px\" \/><\/figure>\n\n\n\n<p class=\"has-medium-font-size\">Durante la jornada, anunci\u00f3 el pr\u00f3ximo inicio del programa Ver por M\u00e9xico,&nbsp;iniciativa de la presidenta Claudia Sheinbaum Pardo&nbsp;para realizar cirug\u00edas oftalmol\u00f3gicas en todo el estado para que quienes estaban destinados a perder la vista&nbsp;recuperen&nbsp;la capacidad de ver y disfrutar plenamente.<\/p>\n\n\n\n<p class=\"has-medium-font-size\">Por su parte, el&nbsp;director de Relaciones Institucionales de la Beneficencia P\u00fablica, Guillermo Schiaffino P\u00e9rez, subray\u00f3 que estos apoyos transforman vidas \u201cparecen cosa menor, pero para quienes lo reciben representa un cambio significativo; desde la Beneficencia P\u00fablica continuaremos trabajando para llevar m\u00e1s y mejores servicios a todos los veracruzanos\u201d.<\/p>\n\n\n\n<figure class=\"wp-block-image aligncenter size-large\"><img loading=\"lazy\" decoding=\"async\" width=\"1024\" height=\"683\" src=\"https:\/\/www.ssaver.gob.mx\/difusion\/wp-content\/uploads\/sites\/23\/2025\/10\/WhatsApp-Image-2025-10-05-at-10.41.30-4-1024x683.jpeg\" alt=\"\" class=\"wp-image-5781\" srcset=\"https:\/\/www.ssaver.gob.mx\/difusion\/wp-content\/uploads\/sites\/23\/2025\/10\/WhatsApp-Image-2025-10-05-at-10.41.30-4-1024x683.jpeg 1024w, https:\/\/www.ssaver.gob.mx\/difusion\/wp-content\/uploads\/sites\/23\/2025\/10\/WhatsApp-Image-2025-10-05-at-10.41.30-4-300x200.jpeg 300w, https:\/\/www.ssaver.gob.mx\/difusion\/wp-content\/uploads\/sites\/23\/2025\/10\/WhatsApp-Image-2025-10-05-at-10.41.30-4-768x512.jpeg 768w, https:\/\/www.ssaver.gob.mx\/difusion\/wp-content\/uploads\/sites\/23\/2025\/10\/WhatsApp-Image-2025-10-05-at-10.41.30-4-1536x1024.jpeg 1536w, https:\/\/www.ssaver.gob.mx\/difusion\/wp-content\/uploads\/sites\/23\/2025\/10\/WhatsApp-Image-2025-10-05-at-10.41.30-4-2048x1365.jpeg 2048w\" sizes=\"auto, (max-width: 1024px) 100vw, 1024px\" \/><\/figure>\n\n\n\n<p class=\"has-medium-font-size\">La subdirectora de la Administraci\u00f3n del Patrimonio de la Beneficencia P\u00fablica en Veracruz, Tarheni Andrea L\u00f3pez Herrer\u00eda, resalt\u00f3 el valor de la coordinaci\u00f3n institucional, \u201clos apoyos que entregamos representan no solo una mejora concreta en la vida de los beneficiarios, sino tambi\u00e9n la expresi\u00f3n de una pol\u00edtica p\u00fablica s\u00f3lida que devuelve dignidad al pueblo, reafirmando que la salud es un derecho y no un privilegio, en l\u00ednea con la visi\u00f3n de la gobernadora, Roc\u00edo Nahle Garc\u00eda\u201d.<\/p>\n\n\n\n<p><\/p>\n","protected":false},"excerpt":{"rendered":"<p>Misantla, Ver.,&nbsp;domingo 05&nbsp;de octubre de 2025.-&nbsp;En un esfuerzo coordinado entre la Administraci\u00f3n del Patrimonio de la Beneficencia P\u00fablica, la Secretar\u00eda<\/p>\n","protected":false},"author":68,"featured_media":5775,"comment_status":"closed","ping_status":"closed","sticky":false,"template":"","format":"standard","meta":{"colormag_page_container_layout":"default_layout","colormag_page_sidebar_layout":"default_layout","footnotes":""},"categories":[111,115],"tags":[812,750,814,811,817,751,741,815,209,809,810,768,818,816,191,808],"class_list":["post-5774","post","type-post","status-publish","format-standard","has-post-thumbnail","hentry","category-boletines","category-general","tag-acatlan","tag-apoyo-del-director-general","tag-colipa","tag-dif","tag-el-secretario-de-salud","tag-juan-pablo-uribe-gonzalez","tag-la-secretaria-de-salud","tag-landero-y-coss","tag-misantla","tag-patrimonio-de-la-beneficencia-publica","tag-pbp","tag-presidenta-claudia-sheinbaum-pardo","tag-tarheni-andrea-lopez-herreria","tag-tenochtitlan","tag-valentin-herrera-alarcon","tag-valentin-herrera-alarcon-misantla"],"_links":{"self":[{"href":"https:\/\/www.ssaver.gob.mx\/difusion\/wp-json\/wp\/v2\/posts\/5774","targetHints":{"allow":["GET"]}}],"collection":[{"href":"https:\/\/www.ssaver.gob.mx\/difusion\/wp-json\/wp\/v2\/posts"}],"about":[{"href":"https:\/\/www.ssaver.gob.mx\/difusion\/wp-json\/wp\/v2\/types\/post"}],"author":[{"embeddable":true,"href":"https:\/\/www.ssaver.gob.mx\/difusion\/wp-json\/wp\/v2\/users\/68"}],"replies":[{"embeddable":true,"href":"https:\/\/www.ssaver.gob.mx\/difusion\/wp-json\/wp\/v2\/comments?post=5774"}],"version-history":[{"count":1,"href":"https:\/\/www.ssaver.gob.mx\/difusion\/wp-json\/wp\/v2\/posts\/5774\/revisions"}],"predecessor-version":[{"id":5782,"href":"https:\/\/www.ssaver.gob.mx\/difusion\/wp-json\/wp\/v2\/posts\/5774\/revisions\/5782"}],"wp:featuredmedia":[{"embeddable":true,"href":"https:\/\/www.ssaver.gob.mx\/difusion\/wp-json\/wp\/v2\/media\/5775"}],"wp:attachment":[{"href":"https:\/\/www.ssaver.gob.mx\/difusion\/wp-json\/wp\/v2\/media?parent=5774"}],"wp:term":[{"taxonomy":"category","embeddable":true,"href":"https:\/\/www.ssaver.gob.mx\/difusion\/wp-json\/wp\/v2\/categories?post=5774"},{"taxonomy":"post_tag","embeddable":true,"href":"https:\/\/www.ssaver.gob.mx\/difusion\/wp-json\/wp\/v2\/tags?post=5774"}],"curies":[{"name":"wp","href":"https:\/\/api.w.org\/{rel}","templated":true}]}}