{"id":5817,"date":"2025-10-16T19:01:22","date_gmt":"2025-10-17T00:01:22","guid":{"rendered":"https:\/\/www.ssaver.gob.mx\/difusion\/?p=5817"},"modified":"2025-10-16T19:01:22","modified_gmt":"2025-10-17T00:01:22","slug":"despliegue-medico-y-42-unidades-de-salud-atienden-a-poblacion-damnificada","status":"publish","type":"post","link":"https:\/\/www.ssaver.gob.mx\/difusion\/2025\/10\/16\/despliegue-medico-y-42-unidades-de-salud-atienden-a-poblacion-damnificada\/","title":{"rendered":"Despliegue m\u00e9dico\u00a0y 42 unidades\u00a0de salud\u00a0atienden\u00a0a poblaci\u00f3n\u00a0damnificada"},"content":{"rendered":"\n<p><\/p>\n\n\n\n<p class=\"has-medium-font-size\">&gt;Centros de Salud operan con abasto superior al 80&nbsp;<a><\/a>%.<\/p>\n\n\n\n<p class=\"has-medium-font-size\">&gt;Sin registro de brotes de dengue; contin\u00faa la prevenci\u00f3n en toda la regi\u00f3n.<\/p>\n\n\n\n<p class=\"has-medium-font-size\"><strong>Poza Rica, Ver., mi<\/strong><strong>\u00e9<\/strong><strong>rcoles 15 de octubre de 2025.-&nbsp;<\/strong>M\u00e9dicos, enfermeras, psic\u00f3logos y brigadas de apoyo,&nbsp;atienden a la poblaci\u00f3n afectada por las inundaciones en la zona norte del estado, ofreciendo atenci\u00f3n m\u00e9dica, prevenci\u00f3n de enfermedades y ayuda humanitaria.<\/p>\n\n\n\n<figure class=\"wp-block-image aligncenter size-large\"><img loading=\"lazy\" decoding=\"async\" width=\"1024\" height=\"576\" src=\"https:\/\/www.ssaver.gob.mx\/difusion\/wp-content\/uploads\/sites\/23\/2025\/10\/WhatsApp-Image-2025-10-16-at-17.31.57-2-1024x576.jpeg\" alt=\"\" class=\"wp-image-5825\" srcset=\"https:\/\/www.ssaver.gob.mx\/difusion\/wp-content\/uploads\/sites\/23\/2025\/10\/WhatsApp-Image-2025-10-16-at-17.31.57-2-1024x576.jpeg 1024w, https:\/\/www.ssaver.gob.mx\/difusion\/wp-content\/uploads\/sites\/23\/2025\/10\/WhatsApp-Image-2025-10-16-at-17.31.57-2-300x169.jpeg 300w, https:\/\/www.ssaver.gob.mx\/difusion\/wp-content\/uploads\/sites\/23\/2025\/10\/WhatsApp-Image-2025-10-16-at-17.31.57-2-768x432.jpeg 768w, https:\/\/www.ssaver.gob.mx\/difusion\/wp-content\/uploads\/sites\/23\/2025\/10\/WhatsApp-Image-2025-10-16-at-17.31.57-2.jpeg 1280w\" sizes=\"auto, (max-width: 1024px) 100vw, 1024px\" \/><\/figure>\n\n\n\n<p class=\"has-medium-font-size\">Como parte de la estrategia integral de respuesta, la Secretar\u00eda de Salud habilit\u00f3&nbsp;47 albergues temporales en las jurisdicciones sanitarias de Poza Rica, Tuxpan y P\u00e1nuco, todos con atenci\u00f3n m\u00e9dica y de enfermer\u00eda, y con servicio las 24 horas en aquellos con mayor concentraci\u00f3n de personas.<\/p>\n\n\n\n<div class=\"wp-block-columns is-layout-flex wp-container-core-columns-is-layout-28f84493 wp-block-columns-is-layout-flex\">\n<div class=\"wp-block-column is-layout-flow wp-block-column-is-layout-flow\">\n<figure class=\"wp-block-image size-large\"><img loading=\"lazy\" decoding=\"async\" width=\"1024\" height=\"768\" src=\"https:\/\/www.ssaver.gob.mx\/difusion\/wp-content\/uploads\/sites\/23\/2025\/10\/WhatsApp-Image-2025-10-16-at-17.31.57-5-1024x768.jpeg\" alt=\"\" class=\"wp-image-5822\" srcset=\"https:\/\/www.ssaver.gob.mx\/difusion\/wp-content\/uploads\/sites\/23\/2025\/10\/WhatsApp-Image-2025-10-16-at-17.31.57-5-1024x768.jpeg 1024w, https:\/\/www.ssaver.gob.mx\/difusion\/wp-content\/uploads\/sites\/23\/2025\/10\/WhatsApp-Image-2025-10-16-at-17.31.57-5-300x225.jpeg 300w, https:\/\/www.ssaver.gob.mx\/difusion\/wp-content\/uploads\/sites\/23\/2025\/10\/WhatsApp-Image-2025-10-16-at-17.31.57-5-768x576.jpeg 768w, https:\/\/www.ssaver.gob.mx\/difusion\/wp-content\/uploads\/sites\/23\/2025\/10\/WhatsApp-Image-2025-10-16-at-17.31.57-5-1536x1152.jpeg 1536w, https:\/\/www.ssaver.gob.mx\/difusion\/wp-content\/uploads\/sites\/23\/2025\/10\/WhatsApp-Image-2025-10-16-at-17.31.57-5.jpeg 1600w\" sizes=\"auto, (max-width: 1024px) 100vw, 1024px\" \/><\/figure>\n<\/div>\n\n\n\n<div class=\"wp-block-column is-layout-flow wp-block-column-is-layout-flow\">\n<figure class=\"wp-block-image size-large\"><img loading=\"lazy\" decoding=\"async\" width=\"1024\" height=\"768\" src=\"https:\/\/www.ssaver.gob.mx\/difusion\/wp-content\/uploads\/sites\/23\/2025\/10\/WhatsApp-Image-2025-10-16-at-17.31.57-6-1024x768.jpeg\" alt=\"\" class=\"wp-image-5821\" srcset=\"https:\/\/www.ssaver.gob.mx\/difusion\/wp-content\/uploads\/sites\/23\/2025\/10\/WhatsApp-Image-2025-10-16-at-17.31.57-6-1024x768.jpeg 1024w, https:\/\/www.ssaver.gob.mx\/difusion\/wp-content\/uploads\/sites\/23\/2025\/10\/WhatsApp-Image-2025-10-16-at-17.31.57-6-300x225.jpeg 300w, https:\/\/www.ssaver.gob.mx\/difusion\/wp-content\/uploads\/sites\/23\/2025\/10\/WhatsApp-Image-2025-10-16-at-17.31.57-6-768x576.jpeg 768w, https:\/\/www.ssaver.gob.mx\/difusion\/wp-content\/uploads\/sites\/23\/2025\/10\/WhatsApp-Image-2025-10-16-at-17.31.57-6-1536x1152.jpeg 1536w, https:\/\/www.ssaver.gob.mx\/difusion\/wp-content\/uploads\/sites\/23\/2025\/10\/WhatsApp-Image-2025-10-16-at-17.31.57-6.jpeg 1600w\" sizes=\"auto, (max-width: 1024px) 100vw, 1024px\" \/><\/figure>\n<\/div>\n<\/div>\n\n\n\n<p class=\"has-medium-font-size\">Asimismo, se instalaron 42 unidades m\u00f3viles y carpas m\u00e9dicas en comunidades con dif\u00edcil acceso o afectaciones en su infraestructura, garantizando atenci\u00f3n oportuna en coordinaci\u00f3n con IMSS-Bienestar, ISSSTE, PEMEX e IMSS Ordinario, instituciones que tambi\u00e9n brindan atenci\u00f3n a personas sin&nbsp;derechohabiencia.<\/p>\n\n\n\n<figure class=\"wp-block-image aligncenter size-large\"><img loading=\"lazy\" decoding=\"async\" width=\"1024\" height=\"768\" src=\"https:\/\/www.ssaver.gob.mx\/difusion\/wp-content\/uploads\/sites\/23\/2025\/10\/WhatsApp-Image-2025-10-16-at-17.31.57-7-1024x768.jpeg\" alt=\"\" class=\"wp-image-5820\" srcset=\"https:\/\/www.ssaver.gob.mx\/difusion\/wp-content\/uploads\/sites\/23\/2025\/10\/WhatsApp-Image-2025-10-16-at-17.31.57-7-1024x768.jpeg 1024w, https:\/\/www.ssaver.gob.mx\/difusion\/wp-content\/uploads\/sites\/23\/2025\/10\/WhatsApp-Image-2025-10-16-at-17.31.57-7-300x225.jpeg 300w, https:\/\/www.ssaver.gob.mx\/difusion\/wp-content\/uploads\/sites\/23\/2025\/10\/WhatsApp-Image-2025-10-16-at-17.31.57-7-768x576.jpeg 768w, https:\/\/www.ssaver.gob.mx\/difusion\/wp-content\/uploads\/sites\/23\/2025\/10\/WhatsApp-Image-2025-10-16-at-17.31.57-7-1536x1152.jpeg 1536w, https:\/\/www.ssaver.gob.mx\/difusion\/wp-content\/uploads\/sites\/23\/2025\/10\/WhatsApp-Image-2025-10-16-at-17.31.57-7.jpeg 1600w\" sizes=\"auto, (max-width: 1024px) 100vw, 1024px\" \/><\/figure>\n\n\n\n<p class=\"has-medium-font-size\">En cuanto al abasto de medicamentos, el director de Salud P\u00fablica, Leonel Rivera Pinete, report\u00f3 la&nbsp;suficiencia superior al 80%, asegurando suministro constante en&nbsp;hospitales y&nbsp;centros de salud; las Camionetitas de la Salud contin\u00faan recorriendo comunidades para reforzar la atenci\u00f3n m\u00e9dica y el traslado de pacientes.<\/p>\n\n\n\n<div class=\"wp-block-columns is-layout-flex wp-container-core-columns-is-layout-28f84493 wp-block-columns-is-layout-flex\">\n<div class=\"wp-block-column is-layout-flow wp-block-column-is-layout-flow\">\n<figure class=\"wp-block-image size-large\"><img loading=\"lazy\" decoding=\"async\" width=\"1024\" height=\"768\" src=\"https:\/\/www.ssaver.gob.mx\/difusion\/wp-content\/uploads\/sites\/23\/2025\/10\/WhatsApp-Image-2025-10-16-at-17.31.57-1024x768.jpeg\" alt=\"\" class=\"wp-image-5818\" srcset=\"https:\/\/www.ssaver.gob.mx\/difusion\/wp-content\/uploads\/sites\/23\/2025\/10\/WhatsApp-Image-2025-10-16-at-17.31.57-1024x768.jpeg 1024w, https:\/\/www.ssaver.gob.mx\/difusion\/wp-content\/uploads\/sites\/23\/2025\/10\/WhatsApp-Image-2025-10-16-at-17.31.57-300x225.jpeg 300w, https:\/\/www.ssaver.gob.mx\/difusion\/wp-content\/uploads\/sites\/23\/2025\/10\/WhatsApp-Image-2025-10-16-at-17.31.57-768x576.jpeg 768w, https:\/\/www.ssaver.gob.mx\/difusion\/wp-content\/uploads\/sites\/23\/2025\/10\/WhatsApp-Image-2025-10-16-at-17.31.57-1536x1153.jpeg 1536w, https:\/\/www.ssaver.gob.mx\/difusion\/wp-content\/uploads\/sites\/23\/2025\/10\/WhatsApp-Image-2025-10-16-at-17.31.57.jpeg 1599w\" sizes=\"auto, (max-width: 1024px) 100vw, 1024px\" \/><\/figure>\n<\/div>\n\n\n\n<div class=\"wp-block-column is-layout-flow wp-block-column-is-layout-flow\">\n<figure class=\"wp-block-image size-large\"><img loading=\"lazy\" decoding=\"async\" width=\"1024\" height=\"768\" src=\"https:\/\/www.ssaver.gob.mx\/difusion\/wp-content\/uploads\/sites\/23\/2025\/10\/WhatsApp-Image-2025-10-16-at-17.31.57-1-1024x768.jpeg\" alt=\"\" class=\"wp-image-5826\" srcset=\"https:\/\/www.ssaver.gob.mx\/difusion\/wp-content\/uploads\/sites\/23\/2025\/10\/WhatsApp-Image-2025-10-16-at-17.31.57-1-1024x768.jpeg 1024w, https:\/\/www.ssaver.gob.mx\/difusion\/wp-content\/uploads\/sites\/23\/2025\/10\/WhatsApp-Image-2025-10-16-at-17.31.57-1-300x225.jpeg 300w, https:\/\/www.ssaver.gob.mx\/difusion\/wp-content\/uploads\/sites\/23\/2025\/10\/WhatsApp-Image-2025-10-16-at-17.31.57-1-768x576.jpeg 768w, https:\/\/www.ssaver.gob.mx\/difusion\/wp-content\/uploads\/sites\/23\/2025\/10\/WhatsApp-Image-2025-10-16-at-17.31.57-1-1536x1153.jpeg 1536w, https:\/\/www.ssaver.gob.mx\/difusion\/wp-content\/uploads\/sites\/23\/2025\/10\/WhatsApp-Image-2025-10-16-at-17.31.57-1.jpeg 1599w\" sizes=\"auto, (max-width: 1024px) 100vw, 1024px\" \/><\/figure>\n<\/div>\n<\/div>\n\n\n\n<p class=\"has-medium-font-size\">El Programa de Vacunaci\u00f3n Universal opera en campo, aplicando biol\u00f3gicos contra t\u00e9tanos, hepatitis, influenza y COVID-19, como parte de la estrategia preventiva en albergues y comunidades afectadas.<\/p>\n\n\n\n<div class=\"wp-block-columns is-layout-flex wp-container-core-columns-is-layout-28f84493 wp-block-columns-is-layout-flex\">\n<div class=\"wp-block-column is-layout-flow wp-block-column-is-layout-flow\">\n<figure class=\"wp-block-image size-large\"><img loading=\"lazy\" decoding=\"async\" width=\"803\" height=\"1024\" src=\"https:\/\/www.ssaver.gob.mx\/difusion\/wp-content\/uploads\/sites\/23\/2025\/10\/WhatsApp-Image-2025-10-16-at-17.31.57-3-803x1024.jpeg\" alt=\"\" class=\"wp-image-5824\" srcset=\"https:\/\/www.ssaver.gob.mx\/difusion\/wp-content\/uploads\/sites\/23\/2025\/10\/WhatsApp-Image-2025-10-16-at-17.31.57-3-803x1024.jpeg 803w, https:\/\/www.ssaver.gob.mx\/difusion\/wp-content\/uploads\/sites\/23\/2025\/10\/WhatsApp-Image-2025-10-16-at-17.31.57-3-235x300.jpeg 235w, https:\/\/www.ssaver.gob.mx\/difusion\/wp-content\/uploads\/sites\/23\/2025\/10\/WhatsApp-Image-2025-10-16-at-17.31.57-3-768x979.jpeg 768w, https:\/\/www.ssaver.gob.mx\/difusion\/wp-content\/uploads\/sites\/23\/2025\/10\/WhatsApp-Image-2025-10-16-at-17.31.57-3.jpeg 856w\" sizes=\"auto, (max-width: 803px) 100vw, 803px\" \/><\/figure>\n<\/div>\n\n\n\n<div class=\"wp-block-column is-vertically-aligned-center is-layout-flow wp-block-column-is-layout-flow\">\n<figure class=\"wp-block-image size-full\"><img loading=\"lazy\" decoding=\"async\" width=\"837\" height=\"900\" src=\"https:\/\/www.ssaver.gob.mx\/difusion\/wp-content\/uploads\/sites\/23\/2025\/10\/WhatsApp-Image-2025-10-16-at-17.31.57-4.jpeg\" alt=\"\" class=\"wp-image-5823\" srcset=\"https:\/\/www.ssaver.gob.mx\/difusion\/wp-content\/uploads\/sites\/23\/2025\/10\/WhatsApp-Image-2025-10-16-at-17.31.57-4.jpeg 837w, https:\/\/www.ssaver.gob.mx\/difusion\/wp-content\/uploads\/sites\/23\/2025\/10\/WhatsApp-Image-2025-10-16-at-17.31.57-4-279x300.jpeg 279w, https:\/\/www.ssaver.gob.mx\/difusion\/wp-content\/uploads\/sites\/23\/2025\/10\/WhatsApp-Image-2025-10-16-at-17.31.57-4-768x826.jpeg 768w\" sizes=\"auto, (max-width: 837px) 100vw, 837px\" \/><\/figure>\n<\/div>\n<\/div>\n\n\n\n<p class=\"has-medium-font-size\">Gracias al puente a\u00e9reo humanitario, se ha logrado el traslado de pacientes desde localidades incomunicadas como Ilamatl\u00e1n,&nbsp;Texcatepec&nbsp;y&nbsp;Chahuatl\u00e1n, priorizando a personas con padecimientos cr\u00f3nicos, mujeres embarazadas y pacientes en di\u00e1lisis.<\/p>\n\n\n\n<p class=\"has-medium-font-size\">Tambi\u00e9n inform\u00f3 que actualmente, no se han registrado brotes epid\u00e9micos en las zonas afectadas; sin embargo, la Secretar\u00eda mantiene vigilancia epidemiol\u00f3gica continua y medidas preventivas en puntos estrat\u00e9gicos para contener cualquier posible riesgo sanitario.<\/p>\n\n\n\n<figure class=\"wp-block-image aligncenter size-large\"><img loading=\"lazy\" decoding=\"async\" width=\"1024\" height=\"768\" src=\"https:\/\/www.ssaver.gob.mx\/difusion\/wp-content\/uploads\/sites\/23\/2025\/10\/WhatsApp-Image-2025-10-16-at-17.31.57-8-1024x768.jpeg\" alt=\"\" class=\"wp-image-5819\" srcset=\"https:\/\/www.ssaver.gob.mx\/difusion\/wp-content\/uploads\/sites\/23\/2025\/10\/WhatsApp-Image-2025-10-16-at-17.31.57-8-1024x768.jpeg 1024w, https:\/\/www.ssaver.gob.mx\/difusion\/wp-content\/uploads\/sites\/23\/2025\/10\/WhatsApp-Image-2025-10-16-at-17.31.57-8-300x225.jpeg 300w, https:\/\/www.ssaver.gob.mx\/difusion\/wp-content\/uploads\/sites\/23\/2025\/10\/WhatsApp-Image-2025-10-16-at-17.31.57-8-768x576.jpeg 768w, https:\/\/www.ssaver.gob.mx\/difusion\/wp-content\/uploads\/sites\/23\/2025\/10\/WhatsApp-Image-2025-10-16-at-17.31.57-8-1536x1152.jpeg 1536w, https:\/\/www.ssaver.gob.mx\/difusion\/wp-content\/uploads\/sites\/23\/2025\/10\/WhatsApp-Image-2025-10-16-at-17.31.57-8.jpeg 1600w\" sizes=\"auto, (max-width: 1024px) 100vw, 1024px\" \/><\/figure>\n\n\n\n<p class=\"has-medium-font-size\"><\/p>\n","protected":false},"excerpt":{"rendered":"<p>&gt;Centros de Salud operan con abasto superior al 80&nbsp;%. &gt;Sin registro de brotes de dengue; contin\u00faa la prevenci\u00f3n en toda<\/p>\n","protected":false},"author":68,"featured_media":5827,"comment_status":"closed","ping_status":"closed","sticky":false,"template":"","format":"standard","meta":{"colormag_page_container_layout":"default_layout","colormag_page_sidebar_layout":"default_layout","footnotes":""},"categories":[111,115],"tags":[750,631,823,819,751,824,821,226,822,184,485,820],"class_list":["post-5817","post","type-post","status-publish","format-standard","has-post-thumbnail","hentry","category-boletines","category-general","tag-apoyo-del-director-general","tag-camionetitas-de-la-salud","tag-el-director-de-salud-publica","tag-inundaciones-en-poza-rica","tag-juan-pablo-uribe-gonzalez","tag-leonel-rivera-pinete","tag-panuco-2","tag-secretaria-de-salud","tag-secretaria-de-salud-en-poza-rica","tag-sesver","tag-tuxpan","tag-zona-norte-del-estado"],"_links":{"self":[{"href":"https:\/\/www.ssaver.gob.mx\/difusion\/wp-json\/wp\/v2\/posts\/5817","targetHints":{"allow":["GET"]}}],"collection":[{"href":"https:\/\/www.ssaver.gob.mx\/difusion\/wp-json\/wp\/v2\/posts"}],"about":[{"href":"https:\/\/www.ssaver.gob.mx\/difusion\/wp-json\/wp\/v2\/types\/post"}],"author":[{"embeddable":true,"href":"https:\/\/www.ssaver.gob.mx\/difusion\/wp-json\/wp\/v2\/users\/68"}],"replies":[{"embeddable":true,"href":"https:\/\/www.ssaver.gob.mx\/difusion\/wp-json\/wp\/v2\/comments?post=5817"}],"version-history":[{"count":1,"href":"https:\/\/www.ssaver.gob.mx\/difusion\/wp-json\/wp\/v2\/posts\/5817\/revisions"}],"predecessor-version":[{"id":5828,"href":"https:\/\/www.ssaver.gob.mx\/difusion\/wp-json\/wp\/v2\/posts\/5817\/revisions\/5828"}],"wp:featuredmedia":[{"embeddable":true,"href":"https:\/\/www.ssaver.gob.mx\/difusion\/wp-json\/wp\/v2\/media\/5827"}],"wp:attachment":[{"href":"https:\/\/www.ssaver.gob.mx\/difusion\/wp-json\/wp\/v2\/media?parent=5817"}],"wp:term":[{"taxonomy":"category","embeddable":true,"href":"https:\/\/www.ssaver.gob.mx\/difusion\/wp-json\/wp\/v2\/categories?post=5817"},{"taxonomy":"post_tag","embeddable":true,"href":"https:\/\/www.ssaver.gob.mx\/difusion\/wp-json\/wp\/v2\/tags?post=5817"}],"curies":[{"name":"wp","href":"https:\/\/api.w.org\/{rel}","templated":true}]}}