{"id":5829,"date":"2025-10-16T20:59:49","date_gmt":"2025-10-17T01:59:49","guid":{"rendered":"https:\/\/www.ssaver.gob.mx\/difusion\/?p=5829"},"modified":"2025-10-16T20:59:49","modified_gmt":"2025-10-17T01:59:49","slug":"asegurada-la-atencion-sanitaria-contra-enfermedades-epidemiologicas-y-gastrointestinales","status":"publish","type":"post","link":"https:\/\/www.ssaver.gob.mx\/difusion\/2025\/10\/16\/asegurada-la-atencion-sanitaria-contra-enfermedades-epidemiologicas-y-gastrointestinales\/","title":{"rendered":"Asegurada la atenci\u00f3n sanitaria contra enfermedades epidemiol\u00f3gicas y gastrointestinales"},"content":{"rendered":"\n<p class=\"has-medium-font-size\">&gt;IMSS-Bienestar instala&nbsp;54&nbsp;m\u00f3dulos de atenci\u00f3n itinerantes en Poza Rica y \u00c1lamo.<\/p>\n\n\n\n<figure class=\"wp-block-image aligncenter size-large\"><img loading=\"lazy\" decoding=\"async\" width=\"1024\" height=\"683\" src=\"https:\/\/www.ssaver.gob.mx\/difusion\/wp-content\/uploads\/sites\/23\/2025\/10\/WhatsApp-Image-2025-10-16-at-17.31.58-3-1024x683.jpeg\" alt=\"\" class=\"wp-image-5830\" srcset=\"https:\/\/www.ssaver.gob.mx\/difusion\/wp-content\/uploads\/sites\/23\/2025\/10\/WhatsApp-Image-2025-10-16-at-17.31.58-3-1024x683.jpeg 1024w, https:\/\/www.ssaver.gob.mx\/difusion\/wp-content\/uploads\/sites\/23\/2025\/10\/WhatsApp-Image-2025-10-16-at-17.31.58-3-300x200.jpeg 300w, https:\/\/www.ssaver.gob.mx\/difusion\/wp-content\/uploads\/sites\/23\/2025\/10\/WhatsApp-Image-2025-10-16-at-17.31.58-3-768x512.jpeg 768w, https:\/\/www.ssaver.gob.mx\/difusion\/wp-content\/uploads\/sites\/23\/2025\/10\/WhatsApp-Image-2025-10-16-at-17.31.58-3-1536x1024.jpeg 1536w, https:\/\/www.ssaver.gob.mx\/difusion\/wp-content\/uploads\/sites\/23\/2025\/10\/WhatsApp-Image-2025-10-16-at-17.31.58-3-2048x1365.jpeg 2048w\" sizes=\"auto, (max-width: 1024px) 100vw, 1024px\" \/><\/figure>\n\n\n\n<p class=\"has-medium-font-size\"><strong>Poza Rica, Ver.,&nbsp;<\/strong><strong>jueves 16<\/strong><strong>&nbsp;de octubre de 2025.-&nbsp;<\/strong>La prevenci\u00f3n y atenci\u00f3n de enfermedades derivadas de la contaminaci\u00f3n tras las inundaciones es la prioridad en la estrategia integral de salud implementada por el Gobierno de Veracruz, en coordinaci\u00f3n con el IMSS-Bienestar, el IMSS y la Secretar\u00eda de Salud federal, garantizando atenci\u00f3n inmediata y recursos suficientes para proteger a la poblaci\u00f3n afectada.<\/p>\n\n\n\n<div class=\"wp-block-columns is-layout-flex wp-container-core-columns-is-layout-28f84493 wp-block-columns-is-layout-flex\">\n<div class=\"wp-block-column is-vertically-aligned-center is-layout-flow wp-block-column-is-layout-flow\">\n<figure class=\"wp-block-image aligncenter size-large\"><img loading=\"lazy\" decoding=\"async\" width=\"1024\" height=\"683\" src=\"https:\/\/www.ssaver.gob.mx\/difusion\/wp-content\/uploads\/sites\/23\/2025\/10\/WhatsApp-Image-2025-10-16-at-17.31.58-1-1024x683.jpeg\" alt=\"\" class=\"wp-image-5833\" srcset=\"https:\/\/www.ssaver.gob.mx\/difusion\/wp-content\/uploads\/sites\/23\/2025\/10\/WhatsApp-Image-2025-10-16-at-17.31.58-1-1024x683.jpeg 1024w, https:\/\/www.ssaver.gob.mx\/difusion\/wp-content\/uploads\/sites\/23\/2025\/10\/WhatsApp-Image-2025-10-16-at-17.31.58-1-300x200.jpeg 300w, https:\/\/www.ssaver.gob.mx\/difusion\/wp-content\/uploads\/sites\/23\/2025\/10\/WhatsApp-Image-2025-10-16-at-17.31.58-1-768x512.jpeg 768w, https:\/\/www.ssaver.gob.mx\/difusion\/wp-content\/uploads\/sites\/23\/2025\/10\/WhatsApp-Image-2025-10-16-at-17.31.58-1-1536x1024.jpeg 1536w, https:\/\/www.ssaver.gob.mx\/difusion\/wp-content\/uploads\/sites\/23\/2025\/10\/WhatsApp-Image-2025-10-16-at-17.31.58-1-2048x1365.jpeg 2048w\" sizes=\"auto, (max-width: 1024px) 100vw, 1024px\" \/><\/figure>\n<\/div>\n\n\n\n<div class=\"wp-block-column is-layout-flow wp-block-column-is-layout-flow\">\n<figure class=\"wp-block-image aligncenter size-large\"><img loading=\"lazy\" decoding=\"async\" width=\"1024\" height=\"733\" src=\"https:\/\/www.ssaver.gob.mx\/difusion\/wp-content\/uploads\/sites\/23\/2025\/10\/WhatsApp-Image-2025-10-16-at-17.31.58-2-1024x733.jpeg\" alt=\"\" class=\"wp-image-5834\" srcset=\"https:\/\/www.ssaver.gob.mx\/difusion\/wp-content\/uploads\/sites\/23\/2025\/10\/WhatsApp-Image-2025-10-16-at-17.31.58-2-1024x733.jpeg 1024w, https:\/\/www.ssaver.gob.mx\/difusion\/wp-content\/uploads\/sites\/23\/2025\/10\/WhatsApp-Image-2025-10-16-at-17.31.58-2-300x215.jpeg 300w, https:\/\/www.ssaver.gob.mx\/difusion\/wp-content\/uploads\/sites\/23\/2025\/10\/WhatsApp-Image-2025-10-16-at-17.31.58-2-768x549.jpeg 768w, https:\/\/www.ssaver.gob.mx\/difusion\/wp-content\/uploads\/sites\/23\/2025\/10\/WhatsApp-Image-2025-10-16-at-17.31.58-2-1536x1099.jpeg 1536w, https:\/\/www.ssaver.gob.mx\/difusion\/wp-content\/uploads\/sites\/23\/2025\/10\/WhatsApp-Image-2025-10-16-at-17.31.58-2-2048x1465.jpeg 2048w\" sizes=\"auto, (max-width: 1024px) 100vw, 1024px\" \/><\/figure>\n<\/div>\n<\/div>\n\n\n\n<p class=\"has-medium-font-size\">La gobernadora Roc\u00edo Nahle Garc\u00eda agradeci\u00f3 la instalaci\u00f3n de 54&nbsp;carpas de atenci\u00f3n m\u00e9dica en los municipios de \u00c1lamo y Poza Rica, conformadas por m\u00e9dicos, enfermeras, promotores de salud, as\u00ed como con medicamentos y vacunas, con el objetivo de prevenir brotes de enfermedades infecciosas.<\/p>\n\n\n\n<figure class=\"wp-block-image size-large\"><img loading=\"lazy\" decoding=\"async\" width=\"1024\" height=\"683\" src=\"https:\/\/www.ssaver.gob.mx\/difusion\/wp-content\/uploads\/sites\/23\/2025\/10\/WhatsApp-Image-2025-10-16-at-17.31.58-5-1-1024x683.jpeg\" alt=\"\" class=\"wp-image-5835\" srcset=\"https:\/\/www.ssaver.gob.mx\/difusion\/wp-content\/uploads\/sites\/23\/2025\/10\/WhatsApp-Image-2025-10-16-at-17.31.58-5-1-1024x683.jpeg 1024w, https:\/\/www.ssaver.gob.mx\/difusion\/wp-content\/uploads\/sites\/23\/2025\/10\/WhatsApp-Image-2025-10-16-at-17.31.58-5-1-300x200.jpeg 300w, https:\/\/www.ssaver.gob.mx\/difusion\/wp-content\/uploads\/sites\/23\/2025\/10\/WhatsApp-Image-2025-10-16-at-17.31.58-5-1-768x512.jpeg 768w, https:\/\/www.ssaver.gob.mx\/difusion\/wp-content\/uploads\/sites\/23\/2025\/10\/WhatsApp-Image-2025-10-16-at-17.31.58-5-1-1536x1024.jpeg 1536w, https:\/\/www.ssaver.gob.mx\/difusion\/wp-content\/uploads\/sites\/23\/2025\/10\/WhatsApp-Image-2025-10-16-at-17.31.58-5-1-2048x1365.jpeg 2048w\" sizes=\"auto, (max-width: 1024px) 100vw, 1024px\" \/><\/figure>\n\n\n\n<p class=\"has-medium-font-size\">\u201cEl&nbsp;Gobierno Federal se volc\u00f3 a apoyar, al igual que el Gobierno del Estado, el municipal y la ciudadan\u00eda que nos<a><\/a>&nbsp;est\u00e1 ayudando, la sanidad es muy importante. Se est\u00e1n instalando carpas en la zona para atender dermatitis y cualquier s\u00edntoma que se presente\u201d.<\/p>\n\n\n\n<div class=\"wp-block-columns is-layout-flex wp-container-core-columns-is-layout-28f84493 wp-block-columns-is-layout-flex\">\n<div class=\"wp-block-column is-layout-flow wp-block-column-is-layout-flow\">\n<figure class=\"wp-block-image size-large\"><img loading=\"lazy\" decoding=\"async\" width=\"1024\" height=\"683\" src=\"https:\/\/www.ssaver.gob.mx\/difusion\/wp-content\/uploads\/sites\/23\/2025\/10\/WhatsApp-Image-2025-10-16-at-17.31.58-1024x683.jpeg\" alt=\"\" class=\"wp-image-5836\" srcset=\"https:\/\/www.ssaver.gob.mx\/difusion\/wp-content\/uploads\/sites\/23\/2025\/10\/WhatsApp-Image-2025-10-16-at-17.31.58-1024x683.jpeg 1024w, https:\/\/www.ssaver.gob.mx\/difusion\/wp-content\/uploads\/sites\/23\/2025\/10\/WhatsApp-Image-2025-10-16-at-17.31.58-300x200.jpeg 300w, https:\/\/www.ssaver.gob.mx\/difusion\/wp-content\/uploads\/sites\/23\/2025\/10\/WhatsApp-Image-2025-10-16-at-17.31.58-768x512.jpeg 768w, https:\/\/www.ssaver.gob.mx\/difusion\/wp-content\/uploads\/sites\/23\/2025\/10\/WhatsApp-Image-2025-10-16-at-17.31.58-1536x1024.jpeg 1536w, https:\/\/www.ssaver.gob.mx\/difusion\/wp-content\/uploads\/sites\/23\/2025\/10\/WhatsApp-Image-2025-10-16-at-17.31.58-2048x1365.jpeg 2048w\" sizes=\"auto, (max-width: 1024px) 100vw, 1024px\" \/><\/figure>\n<\/div>\n\n\n\n<div class=\"wp-block-column is-layout-flow wp-block-column-is-layout-flow\">\n<figure class=\"wp-block-image size-large\"><img loading=\"lazy\" decoding=\"async\" width=\"1024\" height=\"683\" src=\"https:\/\/www.ssaver.gob.mx\/difusion\/wp-content\/uploads\/sites\/23\/2025\/10\/WhatsApp-Image-2025-10-16-at-17.31.58-6-1024x683.jpeg\" alt=\"\" class=\"wp-image-5837\" srcset=\"https:\/\/www.ssaver.gob.mx\/difusion\/wp-content\/uploads\/sites\/23\/2025\/10\/WhatsApp-Image-2025-10-16-at-17.31.58-6-1024x683.jpeg 1024w, https:\/\/www.ssaver.gob.mx\/difusion\/wp-content\/uploads\/sites\/23\/2025\/10\/WhatsApp-Image-2025-10-16-at-17.31.58-6-300x200.jpeg 300w, https:\/\/www.ssaver.gob.mx\/difusion\/wp-content\/uploads\/sites\/23\/2025\/10\/WhatsApp-Image-2025-10-16-at-17.31.58-6-768x512.jpeg 768w, https:\/\/www.ssaver.gob.mx\/difusion\/wp-content\/uploads\/sites\/23\/2025\/10\/WhatsApp-Image-2025-10-16-at-17.31.58-6-1536x1024.jpeg 1536w, https:\/\/www.ssaver.gob.mx\/difusion\/wp-content\/uploads\/sites\/23\/2025\/10\/WhatsApp-Image-2025-10-16-at-17.31.58-6-2048x1365.jpeg 2048w\" sizes=\"auto, (max-width: 1024px) 100vw, 1024px\" \/><\/figure>\n<\/div>\n<\/div>\n\n\n\n<p class=\"has-medium-font-size\">El coordinador estatal de IMSS-Bienestar, Roberto Ramos&nbsp;Alor, destac\u00f3 que la infraestructura de salud en el estado es amplia, tanto f\u00edsica como humana, y que&nbsp;actualmente se centra en atender a la poblaci\u00f3n m\u00e1s necesitada, garantizando el abasto de medicamentos y la atenci\u00f3n m\u00e9dica en cada comunidad.<\/p>\n\n\n\n<figure class=\"wp-block-image size-large\"><img loading=\"lazy\" decoding=\"async\" width=\"1024\" height=\"683\" src=\"https:\/\/www.ssaver.gob.mx\/difusion\/wp-content\/uploads\/sites\/23\/2025\/10\/WhatsApp-Image-2025-10-16-at-17.31.58-4-1024x683.jpeg\" alt=\"\" class=\"wp-image-5838\" srcset=\"https:\/\/www.ssaver.gob.mx\/difusion\/wp-content\/uploads\/sites\/23\/2025\/10\/WhatsApp-Image-2025-10-16-at-17.31.58-4-1024x683.jpeg 1024w, https:\/\/www.ssaver.gob.mx\/difusion\/wp-content\/uploads\/sites\/23\/2025\/10\/WhatsApp-Image-2025-10-16-at-17.31.58-4-300x200.jpeg 300w, https:\/\/www.ssaver.gob.mx\/difusion\/wp-content\/uploads\/sites\/23\/2025\/10\/WhatsApp-Image-2025-10-16-at-17.31.58-4-768x512.jpeg 768w, https:\/\/www.ssaver.gob.mx\/difusion\/wp-content\/uploads\/sites\/23\/2025\/10\/WhatsApp-Image-2025-10-16-at-17.31.58-4-1536x1024.jpeg 1536w, https:\/\/www.ssaver.gob.mx\/difusion\/wp-content\/uploads\/sites\/23\/2025\/10\/WhatsApp-Image-2025-10-16-at-17.31.58-4-2048x1365.jpeg 2048w\" sizes=\"auto, (max-width: 1024px) 100vw, 1024px\" \/><\/figure>\n\n\n\n<p class=\"has-medium-font-size\">Asimismo,&nbsp;pidi\u00f3&nbsp;a la poblaci\u00f3n para identificar s\u00edntomas tempranos como fiebre, diarrea, tos, dificultad respiratoria o malestar general, y acudir de inmediato a los m\u00f3dulos, centros u hospitales m\u00e1s cercanos para recibir atenci\u00f3n oportuna.<\/p>\n\n\n\n<figure class=\"wp-block-image aligncenter size-large\"><img loading=\"lazy\" decoding=\"async\" width=\"768\" height=\"1024\" src=\"https:\/\/www.ssaver.gob.mx\/difusion\/wp-content\/uploads\/sites\/23\/2025\/10\/WhatsApp-Image-2025-10-16-at-17.31.58-7-1-768x1024.jpeg\" alt=\"\" class=\"wp-image-5839\" srcset=\"https:\/\/www.ssaver.gob.mx\/difusion\/wp-content\/uploads\/sites\/23\/2025\/10\/WhatsApp-Image-2025-10-16-at-17.31.58-7-1-768x1024.jpeg 768w, https:\/\/www.ssaver.gob.mx\/difusion\/wp-content\/uploads\/sites\/23\/2025\/10\/WhatsApp-Image-2025-10-16-at-17.31.58-7-1-225x300.jpeg 225w, https:\/\/www.ssaver.gob.mx\/difusion\/wp-content\/uploads\/sites\/23\/2025\/10\/WhatsApp-Image-2025-10-16-at-17.31.58-7-1.jpeg 867w\" sizes=\"auto, (max-width: 768px) 100vw, 768px\" \/><\/figure>\n","protected":false},"excerpt":{"rendered":"<p>&gt;IMSS-Bienestar instala&nbsp;54&nbsp;m\u00f3dulos de atenci\u00f3n itinerantes en Poza Rica y \u00c1lamo. Poza Rica, Ver.,&nbsp;jueves 16&nbsp;de octubre de 2025.-&nbsp;La prevenci\u00f3n y atenci\u00f3n<\/p>\n","protected":false},"author":68,"featured_media":5840,"comment_status":"closed","ping_status":"closed","sticky":false,"template":"","format":"standard","meta":{"colormag_page_container_layout":"default_layout","colormag_page_sidebar_layout":"default_layout","footnotes":""},"categories":[111,115],"tags":[750,827,828,489,503,486,751,826,554,829,825],"class_list":["post-5829","post","type-post","status-publish","format-standard","has-post-thumbnail","hentry","category-boletines","category-general","tag-apoyo-del-director-general","tag-carpas-de-la-salud","tag-el-coordinador-estatal-de-imss-bienestar","tag-gobierno-del-estado","tag-imss","tag-imss-bienestar","tag-juan-pablo-uribe-gonzalez","tag-la-gobernadora-rocio-nahle-garcia","tag-poza-rica","tag-roberto-ramos-alor-2","tag-secretaria-de-salud-federal"],"_links":{"self":[{"href":"https:\/\/www.ssaver.gob.mx\/difusion\/wp-json\/wp\/v2\/posts\/5829","targetHints":{"allow":["GET"]}}],"collection":[{"href":"https:\/\/www.ssaver.gob.mx\/difusion\/wp-json\/wp\/v2\/posts"}],"about":[{"href":"https:\/\/www.ssaver.gob.mx\/difusion\/wp-json\/wp\/v2\/types\/post"}],"author":[{"embeddable":true,"href":"https:\/\/www.ssaver.gob.mx\/difusion\/wp-json\/wp\/v2\/users\/68"}],"replies":[{"embeddable":true,"href":"https:\/\/www.ssaver.gob.mx\/difusion\/wp-json\/wp\/v2\/comments?post=5829"}],"version-history":[{"count":1,"href":"https:\/\/www.ssaver.gob.mx\/difusion\/wp-json\/wp\/v2\/posts\/5829\/revisions"}],"predecessor-version":[{"id":5841,"href":"https:\/\/www.ssaver.gob.mx\/difusion\/wp-json\/wp\/v2\/posts\/5829\/revisions\/5841"}],"wp:featuredmedia":[{"embeddable":true,"href":"https:\/\/www.ssaver.gob.mx\/difusion\/wp-json\/wp\/v2\/media\/5840"}],"wp:attachment":[{"href":"https:\/\/www.ssaver.gob.mx\/difusion\/wp-json\/wp\/v2\/media?parent=5829"}],"wp:term":[{"taxonomy":"category","embeddable":true,"href":"https:\/\/www.ssaver.gob.mx\/difusion\/wp-json\/wp\/v2\/categories?post=5829"},{"taxonomy":"post_tag","embeddable":true,"href":"https:\/\/www.ssaver.gob.mx\/difusion\/wp-json\/wp\/v2\/tags?post=5829"}],"curies":[{"name":"wp","href":"https:\/\/api.w.org\/{rel}","templated":true}]}}